{"id":41368,"date":"2025-02-04T15:00:00","date_gmt":"2025-02-04T13:00:00","guid":{"rendered":"https:\/\/edublog.educastur.es\/ixuxu\/?p=41368"},"modified":"2025-02-05T12:54:30","modified_gmt":"2025-02-05T10:54:30","slug":"41368","status":"publish","type":"post","link":"https:\/\/edublog.educastur.es\/ixuxu\/2025\/02\/41368\/","title":{"rendered":"Entrevista cola  Asociaci\u00f3n \u00abLa Flor de Grau\u00bb"},"content":{"rendered":"<ul>\n<li>Fonte: <a href=\"https:\/\/musicasturiana.com\/nos-anos-70-y-80-habia-un-gran-puxu-del-asociacionismu-y-foi-lo-quemburrio-la-creacion-de-los-grupos-dinvestigacion-etnografica\/?fbclid=IwY2xjawIO7lJleHRuA2FlbQIxMQABHSYYJqru5vxVQQkccK9w6uaC1RmadDbsRi4qVFA1Lj_KCNHpBs4UEUgakQ_aem_dYlEJJc3kr4d6O8C4Q2Hcg\">Musicasturiana.com<\/a> \/ <em>Semeyes de Jos\u00e9 \u00c1lvarez<\/em><\/li>\n<\/ul>\n<div class=\"elementor-element elementor-element-667e3c7 elementor-widget elementor-widget-theme-post-title elementor-page-title elementor-widget-heading\" data-id=\"667e3c7\" data-element_type=\"widget\" data-widget_type=\"theme-post-title.default\">\n<div class=\"elementor-widget-container\">\n<p style=\"text-align: center\"><span style=\"color: #008080\"><strong><span style=\"font-size: 16px\"><em>\u00abNos a\u00f1os 70 y 80 hab\u00eda un gran puxu del asociacionismu<br \/>\ny foi lo qu\u2019emburri\u00f3 la creaci\u00f3n<br \/>\nde los grupos d\u2019investigaci\u00f3n etnogr\u00e1fica\u00bb<\/em><\/span><\/strong><\/span><\/p>\n<\/div>\n<\/div>\n<div class=\"elementor-element elementor-element-00f4678 elementor-widget elementor-widget-theme-post-excerpt\" data-id=\"00f4678\" data-element_type=\"widget\" data-widget_type=\"theme-post-excerpt.default\">\n<div class=\"elementor-widget-container\">Falamos con la <span style=\"color: #008080\"><strong>Flor de Grau<\/strong><\/span> pa conocer de primer mano&#8217;l so llabor, oxetivos y la so opini\u00f3n sobre la situaci\u00f3n de la m\u00fasica tradicional angua\u00f1o.<\/div>\n<div style=\"text-align: center\"><a href=\"https:\/\/musicasturiana.com\/wp-content\/uploads\/2025\/02\/la-flor-de-grau-presentacion.jpg\"><img loading=\"lazy\" decoding=\"async\" class=\"aligncenter size-large\" src=\"https:\/\/musicasturiana.com\/wp-content\/uploads\/2025\/02\/la-flor-de-grau-presentacion.jpg\" width=\"1200\" height=\"600\" \/><\/a><!--more--><\/div>\n<div>\n<div class=\"elementor-element elementor-element-a767a8c elementor-widget__width-inherit elementor-widget elementor-widget-theme-post-content\" data-id=\"a767a8c\" data-element_type=\"widget\" data-widget_type=\"theme-post-content.default\">\n<div class=\"elementor-widget-container\">\n<p><strong><a href=\"https:\/\/www.instagram.com\/laflordegrau?utm_source=ig_web_button_share_sheet&amp;igsh=ZDNlZDc0MzIxNw==\" target=\"_blank\" rel=\"noreferrer noopener\" data-type=\"link\" data-id=\"https:\/\/www.instagram.com\/laflordegrau?utm_source=ig_web_button_share_sheet&amp;igsh=ZDNlZDc0MzIxNw==\">La Flor de Grau<\/a><\/strong> ye una nueva asociaci\u00f3n que trabaya nel so conceyu por <strong>caltener y esparder el folclore d\u2019Asturies<\/strong>. La so presentaci\u00f3n oficial foi esti vienres pas\u00e1u na Capiella los Dolores dempu\u00e9s de formase nel branu de 2024 y participar en dellos eventos como\u2019l D\u00eda\u2019l Traxe\u2019l Pa\u00eds, la Seronda en Danza de Grau, la Xuntanza de los Sones de la Navid\u00e1 y el Conciertu de M\u00fasicos Quirosanos organiz\u00e1u pola BG Teixo-Manolo Quir\u00f3s.<\/p>\n<p style=\"text-align: center\">\n<!-- iframe plugin v.6.0 wordpress.org\/plugins\/iframe\/ -->\n<iframe loading=\"lazy\" src=\"https:\/\/www.facebook.com\/plugins\/video.php?height=373&#038;href=https%3A%2F%2Fwww.facebook.com%2F61565809742351%2Fvideos%2F1407802820274398%2F&#038;show_text=false&#038;width=560&#038;t=0\" width=\"560\" height=\"373\" style=\"border:none;overflow:hidden\" scrolling=\"no\" frameborder=\"0\" allowfullscreen=\"true\" allow=\"autoplay; clipboard-write; encrypted-media; picture-in-picture; web-share\" 0=\"\/iframe\" class=\"iframe-class\"><\/iframe>\n<\/p>\n<p>Dende ochobre, amuesen el so\u00a0<strong>enfotu pedag\u00f3xicu<\/strong>\u00a0coles\u00a0clases de pandereta y baille tradicional\u00a0qu\u2019imparte\u00a0Paz Mesa\u00a0selmanalmente en La Panera, am\u00e1s d\u2019otros talleres puntuales. Falamos coles persones que la formen pa <strong>conocer de primer mano\u2019l so llabor, oxetivos, estayes d\u2019estudiu<\/strong> y, tami\u00e9n, la so opini\u00f3n sobre la <strong>situaci\u00f3n de la m\u00fasica tradicional angua\u00f1o<\/strong>.<\/p>\n<p><strong>Primero de too, \u00bfqu\u00e9 tal foi la presentaci\u00f3n del vienres?<\/strong><\/p>\n<p>La presentaci\u00f3n foi increyible. Nun esper\u00e1bemos una rempuesta tan positiva per parte de tola xente qu\u2019abarrot\u00f3 la Capiella Los Dolores. Pa n\u00f3s foi bien gratificante atopanos con vecinos de Grau y con xente de fuera, non solo rellacionaos col mundu del folclore, sin\u00f3n tami\u00e9n col de la cultura asturiana. Cuando terminamos, los asistentes tresllad\u00e1ronnos lo muncho que ten\u00eden esfrutao cola nuesa propuesta, lo que nos anima a siguir trabayando nesa llinia.<\/p>\n<div class=\"wp-block-spacer\" aria-hidden=\"true\"><\/div>\n<p><strong>Volviendo a l\u2019aniciu, \u00bfpod\u00e9is contanos por qu\u00e9 decidisteis crear La Flor de Grau? <\/strong>Angua\u00f1o, la manera que tenemos n\u2019Asturies de rellacionanos col folclore ye al travi\u00e9s de grupos que permiten que persones coles mesmes inquiet\u00faes podamos compartir, deprender y divulgar lo que sabemos a la socied\u00e1. Ye una xera de deprendizaxe y d\u2019espardimientu. Poro, deb\u00edo a la carencia d\u2019esta propuesta nel conceyu de Grau, decidimos crear esta asociaci\u00f3n.<\/p>\n<blockquote class=\"wp-block-quote is-style-large is-layout-flow wp-block-quote-is-layout-flow\"><p>\u00abLa manera que tenemos n\u2019Asturies de rellacionanos col folclore ye al travi\u00e9s de grupos que permiten que podamos compartir, deprender y divulgar lo que sabemos. Vimos una carencia en Grau y decidimos crear l\u2019asociaci\u00f3n\u00bb<\/p><\/blockquote>\n<p><strong>\u00bfCu\u00e1los son los vuestros oxetivos como asociaci\u00f3n? <\/strong>Plante\u00e1monos dende l\u2019entamu que l\u2019asociaci\u00f3n nun diba llendase a baillar delantre d\u2019un p\u00fablicu, sin\u00f3n que quer\u00edemos abarcar munchos otros aspeutos que s\u2019incl\u00fain nel folclore: talleres, charres, xornaes o esposiciones sobre dellos aspectos como la indumentaria, la gaita, la pandereta, la m\u00fasica con instrumentaci\u00f3n, etc. Am\u00e1s, tambi\u00e9n pretendemos ampliar el nuesu conocimientu al travi\u00e9s de delles collaboraciones.<\/p>\n<blockquote class=\"wp-block-quote is-style-large is-layout-flow wp-block-quote-is-layout-flow\"><p>\u00abQuer\u00edemos abarcar munchos otros aspeutos que s\u2019incl\u00fain nel folclore: talleres, charres, xornaes o esposiciones. Tami\u00e9n ampliar el nuesu conocimientu al travi\u00e9s de collaboraciones\u00bb<\/p><\/blockquote>\n<p><strong>Estrenastisvos nel D\u00eda\u2019l Traxe\u2019l Pa\u00eds, \u00bfqu\u00e9 llugar ocupa la indumentaria tradicional asturiana nel vuestru proyectu? <\/strong>Pa n\u00f3s, ocupa un llugar fundamental. En Grau, dende qu\u2019entam\u00f3 a celebrase\u2019l D\u00eda\u2019l Traxe diose-y un bon emburri\u00f3n a la indumentaria. Tolos miembros de La Flor de Grau, d\u2019una u otra manera, tamos venceyaos a la creaci\u00f3n d\u2019unos traxes qu\u2019intenten ser recreaci\u00f3n d\u2019aquellos del sieglu XIX que llevaren los nuesos antepasaos. Nel conceyu, cuntamos con bien de propuestes venceyaes cola indumentaria: hai esposiciones, estudios hist\u00f3ricos, talleres de costura, charres, que creen un clima propiciu pa que la xente s\u2019interese m\u00e1s pola indumentaria y, a su vez, fai que la nuesa asociaci\u00f3n lo contemple como un valor que cuidamos con especial precuru.<\/p>\n<p style=\"text-align: center\"><a href=\"https:\/\/musicasturiana.com\/wp-content\/uploads\/2025\/02\/9846dbb3-0698-495c-98b6-41ebb3bce433.jpg\"><img loading=\"lazy\" decoding=\"async\" class=\"aligncenter \" src=\"https:\/\/musicasturiana.com\/wp-content\/uploads\/2025\/02\/9846dbb3-0698-495c-98b6-41ebb3bce433.jpg\" width=\"461\" height=\"307\" \/><\/a><\/p>\n<p><strong>Am\u00e1s de les actuaciones, impart\u00eds clases de pandereta y baille tradicional, y amos\u00e1is el vuestru enfotu pedag\u00f3xicu con dellos talleres de gaita y indumentaria, \u00bften\u00e9is pensao aumentar la estaya de formaci\u00f3n? \u00bfPod\u00e9is avanzanos dalgo?<\/strong><\/p>\n<p>Ye verd\u00e1, la formaci\u00f3n constit\u00fai un pegoyu b\u00e1sicu na nuesa asociaci\u00f3n. S\u00ed, hasta agora ufiertamos un taller d\u2019averamientu a la gaita impart\u00edu por Luis Pola, con munchu \u00e9situ de convocatoria. Mesmamente, esta selmana vamos facer un taller de tex\u00edu de medies empobin\u00e1u a deprender a facer unes medies pa gastar col traxe\u2019l pa\u00eds. Esti taller va guialu Paz Mesa y pensamos que yera necesario porque la mayor\u00eda de la xente que fac\u00eda esta xera ta dex\u00e1ndonos. Paeznos fundamental recuperar la tresmisi\u00f3n d\u2019esi conocimientu. Tamos rematando\u2019l dise\u00f1u d\u2019otros talleres que van ver la lluz pr\u00f3ximamente.<\/p>\n<blockquote class=\"wp-block-quote is-style-large is-layout-flow wp-block-quote-is-layout-flow\"><p><em>\u00abEsta selmana vamos facer un taller de tex\u00edu de medies pa gastar col traxe\u2019l pa\u00eds. Va guialu Paz Mesa y pensamos que yera necesario porque la mayor\u00eda de la xente que fac\u00eda esta xera ta dex\u00e1ndonos\u00bb<\/em><\/p><\/blockquote>\n<p><strong>Paez que dende va a\u00f1os tamos viviendo un surdimientu nel mundu de la pandereta y el baille tradicional, \u00bfveislo asina? \u00bfPor qu\u00e9 cre\u00e9is que ye? <\/strong>De xuru qu\u2019hai un surdimientu nestos a\u00f1os del mundu de la pandereta y tien muncho que ver col movimientu reivindicativu de la iguald\u00e1 de la muyer. Nos a\u00f1os 90 tuvimos un <em>boom<\/em> de la gaita que yera un instrumentu mayormente mascul\u00edn. Agora ta tendi\u00e9ndose nel mundu del folclore a un equilibriu na instrumentaci\u00f3n cola llegada masiva de muyeres pandereta en mano.<\/p>\n<blockquote class=\"wp-block-quote is-style-large is-layout-flow wp-block-quote-is-layout-flow\"><p><em>\u00abEl surdimientu nestos a\u00f1os del mundu de la pandereta tien que ver col movimientu reivindicativu de la iguald\u00e1 de la muyer\u00bb<\/em><\/p><\/blockquote>\n<p><strong>De toles maneres, anque nestos a\u00f1os s\u00ed se fundaron delles bandes de gaites, nun hebo nin grupos etnogr\u00e1ficos nin grupos de baille nuevos, \u00bfqu\u00e9 razones pue haber detr\u00e1s? <\/strong>Creyemos que se debe a un camb\u00e9u de formatu. Enantes, pa baillar, ten\u00edes que dir a un grupu. Agora, am\u00e1s de grupos, hai escueles de baille. Tami\u00e9n hai que tener en cuenta l\u2019individualismu creciente de la socied\u00e1, lo que provoca qu\u2019haya xente que solo quiera pagar una clase pa baillar ensin comprometese con una asociaci\u00f3n, que conlleva trabayar ya implicase. Nos a\u00f1os 70 y 80, cuando se crearon los grupos d\u2019investigaci\u00f3n etnogr\u00e1fica, hab\u00eda un gran puxu del asociacionismu en xeneral y foi lo qu\u2019emburri\u00f3 la creaci\u00f3n d\u2019estos.<\/p>\n<blockquote class=\"wp-block-quote is-style-large is-layout-flow wp-block-quote-is-layout-flow\"><p><em>\u00abAngua\u00f1o hai un individualismu creciente na socied\u00e1. La xente nam\u00e1s quier pagar una clase pa baillar ensin comprometese con una asociaci\u00f3n\u00bb<\/em><\/p><\/blockquote>\n<p><strong>El Conceyu Grau ta entamando y sofitando cada vegada m\u00e1s eventos venceyaos a la cultura y la m\u00fasica asturiana, \u00bfpor qu\u00e9 cre\u00e9is que ye? <\/strong>Tenemos que tener en cuenta que la base de la situaci\u00f3n actual ta rellacionada con qu\u2019hubo dos conceyales nes llexislatures anteriores -Elsa Su\u00e1rez y Pl\u00e1cido Rodr\u00edguez- que crey\u00eden nun proyectu con una visi\u00f3n propia d\u2019Asturies de la cultura.<\/p>\n<div class=\"wp-block-spacer\" style=\"text-align: center\" aria-hidden=\"true\"><a href=\"https:\/\/musicasturiana.com\/wp-content\/uploads\/2025\/02\/515c89f8-2d08-4e13-9aa0-9012687e4056.jpg\"><img loading=\"lazy\" decoding=\"async\" class=\"aligncenter size-large\" src=\"https:\/\/musicasturiana.com\/wp-content\/uploads\/2025\/02\/515c89f8-2d08-4e13-9aa0-9012687e4056.jpg\" width=\"1080\" height=\"720\" \/><\/a><\/div>\n<p><strong>Nesi sen, anque la situaci\u00f3n seya meyor que n\u2019otros conceyos, \u00bfqu\u00e9 propuestes-y fadr\u00edeis a la Conceyal\u00eda de Cultura? <\/strong>A la Conceyal\u00eda de Cultura del Conceyu de Grau solo-y pedimos un apoyu real a les asociaciones que queremos tirar pola cultura nesti conceyu.<\/p>\n<blockquote class=\"wp-block-quote is-style-large is-layout-flow wp-block-quote-is-layout-flow\"><p><em>\u00abLa rellaci\u00f3n ente l\u2019asociacionismu cultural asturianu deber\u00eda tar apoyada dende la Conseyer\u00eda de Cultura\u00bb<\/em><\/p><\/blockquote>\n<p><strong>\u00bfY a otros conceyos d\u2019Asturies? <\/strong>Quiciabes deber\u00edemos pensar que la rellaci\u00f3n ente l\u2019asociacionismu cultural asturianu deber\u00eda tar apoyada dende la Conseyer\u00eda de Cultura.<\/p>\n<div class=\"wp-block-spacer\" aria-hidden=\"true\"><\/div>\n<p><strong>Si podemos conocer el patrimoniu oral y musical del pa\u00eds ye gracies a asociaciones como Muyeres o L\u2019Andecha Folclor d\u2019Uvi\u00e9u y otres iniciatives como l\u2019ATOAM que, dende va d\u00e9cades, vienen desendolcando un trabayu escoman\u00e1u pa caltenelu, \u00bffai falta m\u00e1s apoyu institucional? \u00bfQu\u00e9 debiera facer el Gobiernu d\u2019Asturies pa ocupase -anque tarde- d\u2019esta xera?<\/strong><\/p>\n<p>Como dixo na presentaci\u00f3n una de les nueses socies, ta too por facer. La xera ye escomanada, pero pocos pasos que se den, dannos esperanza de qu\u2019igual se revierta esta situaci\u00f3n.<\/p>\n<p>&nbsp;<\/p>\n<\/div>\n<\/div>\n<\/div>\n<\/div>\n","protected":false},"excerpt":{"rendered":"<p>Fonte: Musicasturiana.com \/ Semeyes de Jos\u00e9 \u00c1lvarez \u00abNos a\u00f1os 70 y 80 hab\u00eda un gran puxu del asociacionismu y foi lo qu\u2019emburri\u00f3 la creaci\u00f3n de los grupos d\u2019investigaci\u00f3n etnogr\u00e1fica\u00bb Falamos con la Flor de Grau pa conocer de primer mano&#8217;l so llabor, oxetivos y la so opini\u00f3n sobre la situaci\u00f3n de la m\u00fasica tradicional angua\u00f1o.<\/p>\n","protected":false},"author":117,"featured_media":0,"comment_status":"open","ping_status":"open","sticky":false,"template":"","format":"standard","meta":{"footnotes":""},"categories":[53,35,125],"tags":[],"class_list":["post-41368","post","type-post","status-publish","format-standard","hentry","category-asociaciones","category-musica","category-musicasturiana-com"],"_links":{"self":[{"href":"https:\/\/edublog.educastur.es\/ixuxu\/wp-json\/wp\/v2\/posts\/41368","targetHints":{"allow":["GET"]}}],"collection":[{"href":"https:\/\/edublog.educastur.es\/ixuxu\/wp-json\/wp\/v2\/posts"}],"about":[{"href":"https:\/\/edublog.educastur.es\/ixuxu\/wp-json\/wp\/v2\/types\/post"}],"author":[{"embeddable":true,"href":"https:\/\/edublog.educastur.es\/ixuxu\/wp-json\/wp\/v2\/users\/117"}],"replies":[{"embeddable":true,"href":"https:\/\/edublog.educastur.es\/ixuxu\/wp-json\/wp\/v2\/comments?post=41368"}],"version-history":[{"count":6,"href":"https:\/\/edublog.educastur.es\/ixuxu\/wp-json\/wp\/v2\/posts\/41368\/revisions"}],"predecessor-version":[{"id":41436,"href":"https:\/\/edublog.educastur.es\/ixuxu\/wp-json\/wp\/v2\/posts\/41368\/revisions\/41436"}],"wp:attachment":[{"href":"https:\/\/edublog.educastur.es\/ixuxu\/wp-json\/wp\/v2\/media?parent=41368"}],"wp:term":[{"taxonomy":"category","embeddable":true,"href":"https:\/\/edublog.educastur.es\/ixuxu\/wp-json\/wp\/v2\/categories?post=41368"},{"taxonomy":"post_tag","embeddable":true,"href":"https:\/\/edublog.educastur.es\/ixuxu\/wp-json\/wp\/v2\/tags?post=41368"}],"curies":[{"name":"wp","href":"https:\/\/api.w.org\/{rel}","templated":true}]}}