{"id":41379,"date":"2025-02-05T08:20:58","date_gmt":"2025-02-05T06:20:58","guid":{"rendered":"https:\/\/edublog.educastur.es\/ixuxu\/?p=41379"},"modified":"2025-02-05T10:18:27","modified_gmt":"2025-02-05T08:18:27","slug":"estau-del-tiempu-miercoles-5-de-febreru-2025","status":"publish","type":"post","link":"https:\/\/edublog.educastur.es\/ixuxu\/2025\/02\/estau-del-tiempu-miercoles-5-de-febreru-2025\/","title":{"rendered":"Est\u00e1u del tiempu: mi\u00e9rcoles 5 de febreru 2025"},"content":{"rendered":"<div class=\"xu06os2 x1ok221b\">\n<div class=\"html-div xdj266r x11i5rnm xat24cr x1mh8g0r xexx8yu x4uap5 x18d9i69 xkhd6sd\" data-ad-rendering-role=\"profile_name\">\n<ul>\n<li id=\":r136:\" class=\"html-h2 x11i5rnm xat24cr x1mh8g0r xexx8yu x4uap5 x18d9i69 xkhd6sd x1vvkbs x1heor9g x1qlqyl8 x1pd3egz x1a2a7pz x1gslohp x1yc453h\"><span class=\"xt0psk2\"><span class=\"xjp7ctv\"><a class=\"x1i10hfl xjbqb8w x1ejq31n xd10rxx x1sy0etr x17r0tee x972fbf xcfux6l x1qhh985 xm0m39n x9f619 x1ypdohk xt0psk2 xe8uvvx xdj266r x11i5rnm xat24cr x1mh8g0r xexx8yu x4uap5 x18d9i69 xkhd6sd x16tdsg8 x1hl2dhg xggy1nq x1a2a7pz x1sur9pj xkrqix3 xzsf02u x1s688f\" role=\"link\" href=\"https:\/\/www.facebook.com\/eltiempuenasturies?__cft__[0]=AZU4rEZyLGoIoskZch2hctajsO5XEmiFy9ckY_ff05WxCvIJ8A1CkK8b1unfMNCPPjHPsgHRfIzRJzh8EELzmTwYnTWhUfEZGM8i0uYN_BW8_CHLM6CTQxH--7JgVZBfkmlOhNRXYhKu3caNzpDOY3g8E_LPHvVkURx3TCl9-JJod6SFNhSJaWc4y2ZS0fy3-NY&amp;__tn__=-UC%2CP-R\" aria-describedby=\":r13e:\"><strong class=\"html-strong xdj266r x11i5rnm xat24cr x1mh8g0r xexx8yu x4uap5 x18d9i69 xkhd6sd x1hl2dhg x16tdsg8 x1vvkbs x1s688f\"><span class=\"html-span xdj266r x11i5rnm xat24cr x1mh8g0r xexx8yu x4uap5 x18d9i69 xkhd6sd x1hl2dhg x16tdsg8 x1vvkbs\">El Tiempu n&#8217;Asturies.<\/span><\/strong><\/a><\/span><\/span><\/li>\n<\/ul>\n<\/div>\n<\/div>\n<div class=\"xu06os2 x1ok221b\"><\/div>\n<div class=\"html-div xdj266r x11i5rnm xat24cr x1mh8g0r xexx8yu x4uap5 x18d9i69 xkhd6sd\" dir=\"auto\">\n<div class=\"html-div xdj266r x11i5rnm xat24cr x1mh8g0r xexx8yu x4uap5 x18d9i69 xkhd6sd\" data-ad-rendering-role=\"story_message\">\n<div id=\":r138:\" class=\"x1l90r2v x1iorvi4 x1ye3gou xn6708d\" data-ad-comet-preview=\"message\" data-ad-preview=\"message\">\n<div class=\"x78zum5 xdt5ytf xz62fqu x16ldp7u\">\n<div class=\"xu06os2 x1ok221b\">\n<div class=\"x11i5rnm xat24cr x1mh8g0r x1vvkbs xtlvy1s x126k92a\">\n<div dir=\"auto\" style=\"text-align: center\"><a href=\"http:\/\/edublog.educastur.es\/ixuxu\/files\/2024\/11\/467747825_894074599540617_1227988172354431857_n.jpg\"><img loading=\"lazy\" decoding=\"async\" class=\"aligncenter  wp-image-36071\" src=\"http:\/\/edublog.educastur.es\/ixuxu\/files\/2024\/11\/467747825_894074599540617_1227988172354431857_n.jpg\" alt=\"\" width=\"203\" height=\"141\" srcset=\"https:\/\/edublog.educastur.es\/ixuxu\/files\/2024\/11\/467747825_894074599540617_1227988172354431857_n.jpg 450w, https:\/\/edublog.educastur.es\/ixuxu\/files\/2024\/11\/467747825_894074599540617_1227988172354431857_n-300x208.jpg 300w, https:\/\/edublog.educastur.es\/ixuxu\/files\/2024\/11\/467747825_894074599540617_1227988172354431857_n-433x300.jpg 433w\" sizes=\"auto, (max-width: 203px) 100vw, 203px\" \/><\/a><\/div>\n<\/div>\n<div class=\"x11i5rnm xat24cr x1mh8g0r x1vvkbs xtlvy1s x126k92a\">\n<ul>\n<li dir=\"auto\"><strong><span style=\"color: #008080\">Alborecemos<\/span> <\/strong>col cielu poco nuboso en xeneral, sicas\u00ed ta empuerc\u00e1u per dalguna nube alta con unes temperatures que tan alrodiu de los 4\u00baC, rexistr\u00e1ndose nel puirtu Payares -0,9\u00baC.<\/li>\n<\/ul>\n<\/div>\n<div class=\"x11i5rnm xat24cr x1mh8g0r x1vvkbs xtlvy1s x126k92a\">\n<ul>\n<li dir=\"auto\"><strong><span style=\"color: #008080\">G\u00fcei<\/span><\/strong> vamos tener un d\u00eda mui asemey\u00e1u al d&#8217;ayeri col cielu empuerc\u00e1u per dalguna nube alta y poco m\u00e1s anque al escurecer dir\u00e1 surdiendo&#8217;l borr\u00edn nos cordales y la nubosid\u00e1 estratificada na fastera central asturiana. Les temperatures van camudar poco, siendo afayaices a partir del mediud\u00eda y l&#8217;aire sedr\u00e1 sele y variable en xeneral con predominiu de la componente nord\u00e9s.<\/li>\n<\/ul>\n<p><!--more--><\/p>\n<\/div>\n<div class=\"x11i5rnm xat24cr x1mh8g0r x1vvkbs xtlvy1s x126k92a\">\n<ul>\n<li dir=\"auto\"><strong><span style=\"color: #008080\">Ma\u00f1ana<\/span><\/strong> entov\u00eda veremos dalgo&#8217;l sol pela ma\u00f1ana pero la nubosid\u00e1 dir\u00e1 n&#8217;aumentu y nun se descarta dalguna precipitaci\u00f3n feble a \u00faltimes hores con unes temperatures en descensu ya con xelaes nes zones m\u00e1s favoretibles nel alborecer.<\/li>\n<\/ul>\n<\/div>\n<div class=\"x11i5rnm xat24cr x1mh8g0r x1vvkbs xtlvy1s x126k92a\">\n<ul>\n<li>Lo m\u00e1s probable ye que&#8217;<strong><span style=\"color: #008080\">l vienres<\/span> <\/strong>tengamos dellos xarabatos ente febles ya moderaos con nevaes pela cordelera que puen baxar hasta los 600-700m pela tarde con unes temperatures m\u00e1simes en bultable descensu, subiendo dalgo les m\u00ednimes con vientu de componente norte que pue dexar dalguna racha moderada en zones alta ya en puntos del <strong><span style=\"color: #008080\">llitoral.<\/span><\/strong><\/li>\n<\/ul>\n<\/div>\n<div class=\"x11i5rnm xat24cr x1mh8g0r x1vvkbs xtlvy1s x126k92a\">\n<div dir=\"auto\"><strong><span style=\"color: #008080\">El s\u00e1badu<\/span><\/strong> alboreceremos col cielu escampl\u00e1u ya con xelaes xeneralizaes que puen ser fonderes nel interior asturianu.<\/div>\n<\/div>\n<\/div>\n<\/div>\n<\/div>\n<\/div>\n<\/div>\n<p>&nbsp;<\/p>\n","protected":false},"excerpt":{"rendered":"<p>El Tiempu n&#8217;Asturies. Alborecemos col cielu poco nuboso en xeneral, sicas\u00ed ta empuerc\u00e1u per dalguna nube alta con unes temperatures que tan alrodiu de los 4\u00baC, rexistr\u00e1ndose nel puirtu Payares -0,9\u00baC. G\u00fcei vamos tener un d\u00eda mui asemey\u00e1u al d&#8217;ayeri col cielu empuerc\u00e1u per dalguna nube alta y poco m\u00e1s anque al escurecer dir\u00e1 surdiendo&#8217;l [&hellip;]<\/p>\n","protected":false},"author":117,"featured_media":0,"comment_status":"open","ping_status":"open","sticky":false,"template":"","format":"standard","meta":{"footnotes":""},"categories":[5],"tags":[],"class_list":["post-41379","post","type-post","status-publish","format-standard","hentry","category-tiempu"],"_links":{"self":[{"href":"https:\/\/edublog.educastur.es\/ixuxu\/wp-json\/wp\/v2\/posts\/41379","targetHints":{"allow":["GET"]}}],"collection":[{"href":"https:\/\/edublog.educastur.es\/ixuxu\/wp-json\/wp\/v2\/posts"}],"about":[{"href":"https:\/\/edublog.educastur.es\/ixuxu\/wp-json\/wp\/v2\/types\/post"}],"author":[{"embeddable":true,"href":"https:\/\/edublog.educastur.es\/ixuxu\/wp-json\/wp\/v2\/users\/117"}],"replies":[{"embeddable":true,"href":"https:\/\/edublog.educastur.es\/ixuxu\/wp-json\/wp\/v2\/comments?post=41379"}],"version-history":[{"count":1,"href":"https:\/\/edublog.educastur.es\/ixuxu\/wp-json\/wp\/v2\/posts\/41379\/revisions"}],"predecessor-version":[{"id":41380,"href":"https:\/\/edublog.educastur.es\/ixuxu\/wp-json\/wp\/v2\/posts\/41379\/revisions\/41380"}],"wp:attachment":[{"href":"https:\/\/edublog.educastur.es\/ixuxu\/wp-json\/wp\/v2\/media?parent=41379"}],"wp:term":[{"taxonomy":"category","embeddable":true,"href":"https:\/\/edublog.educastur.es\/ixuxu\/wp-json\/wp\/v2\/categories?post=41379"},{"taxonomy":"post_tag","embeddable":true,"href":"https:\/\/edublog.educastur.es\/ixuxu\/wp-json\/wp\/v2\/tags?post=41379"}],"curies":[{"name":"wp","href":"https:\/\/api.w.org\/{rel}","templated":true}]}}