{"id":41408,"date":"2025-02-04T18:22:55","date_gmt":"2025-02-04T16:22:55","guid":{"rendered":"https:\/\/edublog.educastur.es\/ixuxu\/?p=41408"},"modified":"2025-02-05T12:24:54","modified_gmt":"2025-02-05T10:24:54","slug":"la-benefica-organiza-un-xareu-solidariu-pola-dana","status":"publish","type":"post","link":"https:\/\/edublog.educastur.es\/ixuxu\/2025\/02\/la-benefica-organiza-un-xareu-solidariu-pola-dana\/","title":{"rendered":"La Ben\u00e9fica organiza un Xar\u00e9u Solidariu pola DANA"},"content":{"rendered":"<div class=\"html-div xdj266r xat24cr x1mh8g0r xexx8yu x4uap5 x18d9i69 xkhd6sd x78zum5 x2lah0s xqtp20y x1emribx\">\n<div class=\"xc9qbxq x14qfxbe x6s0dn4 x78zum5 xl56j7k\">\n<div class=\"\" style=\"text-align: center\"><a href=\"https:\/\/musicasturiana.com\/wp-content\/uploads\/2025\/02\/473728638_603395595782077_6102767803833424392_n.jpg\"><img loading=\"lazy\" decoding=\"async\" class=\"aligncenter \" src=\"https:\/\/musicasturiana.com\/wp-content\/uploads\/2025\/02\/473728638_603395595782077_6102767803833424392_n.jpg\" width=\"493\" height=\"493\" \/><\/a><\/div>\n<\/div>\n<\/div>\n<div class=\"html-div xdj266r x11i5rnm xat24cr x1mh8g0r xexx8yu x4uap5 x18d9i69 xkhd6sd x1iyjqo2\">\n<div class=\"x78zum5 xdt5ytf xz62fqu x16ldp7u\">\n<div class=\"xu06os2 x1ok221b\">\n<ul>\n<li class=\"html-h3 x11i5rnm xat24cr x1mh8g0r xexx8yu x4uap5 x18d9i69 xkhd6sd x1vvkbs x1heor9g x1qlqyl8 x1pd3egz x1a2a7pz x1gslohp x1yc453h\"><span class=\"xt0psk2\"><span class=\"xjp7ctv\"><a class=\"x1i10hfl xjbqb8w x1ejq31n xd10rxx x1sy0etr x17r0tee x972fbf xcfux6l x1qhh985 xm0m39n x9f619 x1ypdohk xt0psk2 xe8uvvx xdj266r x11i5rnm xat24cr x1mh8g0r xexx8yu x4uap5 x18d9i69 xkhd6sd x16tdsg8 x1hl2dhg xggy1nq x1a2a7pz x1sur9pj xkrqix3 xzsf02u x1s688f\" role=\"link\" href=\"https:\/\/www.facebook.com\/musicasturiana?__cft__[0]=AZXMM-uDBDIYdZxu7a50WtE4vwLBo6f9UfRiUrV0Fuq9nI46KsNONIA-9wbEebzWg7Wks0gzzHqZJMXvl7sKtK6mI1HxnclwlQl_QonPudYZsFBfJ-DI5mtcfEteQlVt7jjabhnP2Jpx95AQuXJQIlvK1ekmfnubuzNTCyP0QUQMTMQYJuilfwkHbN8VxM1WB3mnYDzrPau9n3zn0Qh-x83X06BeuQq_jvbK5uTWRyoP5Q&amp;__tn__=-UC%2CP-y-R\" aria-describedby=\":r2c9:\"><strong class=\"html-strong xdj266r x11i5rnm xat24cr x1mh8g0r xexx8yu x4uap5 x18d9i69 xkhd6sd x1hl2dhg x16tdsg8 x1vvkbs x1s688f\"><span class=\"html-span xdj266r x11i5rnm xat24cr x1mh8g0r xexx8yu x4uap5 x18d9i69 xkhd6sd x1hl2dhg x16tdsg8 x1vvkbs\">musicasturiana.com<\/span><\/strong><\/a><\/span><\/span><\/li>\n<\/ul>\n<\/div>\n<div class=\"xu06os2 x1ok221b\">\n<div class=\"html-div xdj266r x11i5rnm xat24cr x1mh8g0r xexx8yu x4uap5 x18d9i69 xkhd6sd x1q0g3np\"><span class=\"html-span xexx8yu x4uap5 x18d9i69 xkhd6sd x1hl2dhg x16tdsg8 x1vvkbs x3nfvp2 x1j61x8r x1fcty0u xdj266r xat24cr xgzva0m xhhsvwb xxymvpz xlup9mm x1kky2od\"><img loading=\"lazy\" decoding=\"async\" class=\"xz74otr\" src=\"https:\/\/static.xx.fbcdn.net\/images\/emoji.php\/v9\/tb9\/1\/16\/1faf1_1f3ff_200d_1faf2_1f3fc.png\" alt=\"\ud83e\udef1\ud83c\udfff\u200d\ud83e\udef2\ud83c\udffc\" width=\"16\" height=\"16\" \/><\/span> Ferla Meg\u00eda, Rodrigo Cuevas y Xuacu Amieva van poner la m\u00fasica n&#8217;asturianu a esta cita que recauda fondos pa la plataforma <strong>M\u00fasica pa Valencia. <\/strong><a href=\"https:\/\/musicasturiana.com\/la-benefica-organiza-un-xareu-solidariu-pola-dana\/?fbclid=IwY2xjawIQGyNleHRuA2FlbQIxMQABHcFZeUuu4rKqdR1NH5L_d2fp0gAijCcjKWZn31SHOKoWM7HOuyx-1C9e5A_aem_BQL9JGFWw0tTMZ_G7WVJ6A\">Fonte: Musicasturiana.com<\/a><strong> \/<br \/>\n<\/strong><\/div>\n<div><!--more--><\/div>\n<\/div>\n<\/div>\n<\/div>\n<p>Col env\u00eds de recaudar fondos pa les <strong>persones afectaes poles inundaciones de la DANA<\/strong> en Val\u00e8ncia, <strong>La Ben\u00e9fica<\/strong> de Pilo\u00f1a organiza un un <strong>Xar\u00e9u Solidariu<\/strong> en collaboraci\u00f3n col <strong>AMC Bocanegra<\/strong>, que va acoyer l\u2019eventu na so sala. La cita ye\u2019l pr\u00f3ximu <strong>domingu 9 de febreru <\/strong>dende les 12.30h en <strong>Valles de San Rom\u00e1n<\/strong>, Pilo\u00f1a. Ente los seis artistes que van actuar, <strong>Ferla Meg\u00eda, Rodrigo Cuevas<\/strong> y <strong>Xuacu Amieva<\/strong> van ser la representaci\u00f3n de la m\u00fasica n\u2019asturianu. Les entraes y\u00e1 t\u00e1n escosaes y los fondos van donase a <strong>M\u00fasica pa Valencia<\/strong>, una plataforma que naci\u00f3 pa unviar ayuda en forma d<strong>\u2018instrumentos, materiales y otres ferramientes musicales<\/strong> a la <strong>Fundaci\u00f3 Horta Sud<\/strong>, qu\u2019opera nuna de les zones afectaes.<\/p>\n<p>&nbsp;<\/p>\n","protected":false},"excerpt":{"rendered":"<p>musicasturiana.com Ferla Meg\u00eda, Rodrigo Cuevas y Xuacu Amieva van poner la m\u00fasica n&#8217;asturianu a esta cita que recauda fondos pa la plataforma M\u00fasica pa Valencia. Fonte: Musicasturiana.com \/<\/p>\n","protected":false},"author":117,"featured_media":0,"comment_status":"open","ping_status":"open","sticky":false,"template":"","format":"standard","meta":{"footnotes":""},"categories":[35,125],"tags":[],"class_list":["post-41408","post","type-post","status-publish","format-standard","hentry","category-musica","category-musicasturiana-com"],"_links":{"self":[{"href":"https:\/\/edublog.educastur.es\/ixuxu\/wp-json\/wp\/v2\/posts\/41408","targetHints":{"allow":["GET"]}}],"collection":[{"href":"https:\/\/edublog.educastur.es\/ixuxu\/wp-json\/wp\/v2\/posts"}],"about":[{"href":"https:\/\/edublog.educastur.es\/ixuxu\/wp-json\/wp\/v2\/types\/post"}],"author":[{"embeddable":true,"href":"https:\/\/edublog.educastur.es\/ixuxu\/wp-json\/wp\/v2\/users\/117"}],"replies":[{"embeddable":true,"href":"https:\/\/edublog.educastur.es\/ixuxu\/wp-json\/wp\/v2\/comments?post=41408"}],"version-history":[{"count":4,"href":"https:\/\/edublog.educastur.es\/ixuxu\/wp-json\/wp\/v2\/posts\/41408\/revisions"}],"predecessor-version":[{"id":41412,"href":"https:\/\/edublog.educastur.es\/ixuxu\/wp-json\/wp\/v2\/posts\/41408\/revisions\/41412"}],"wp:attachment":[{"href":"https:\/\/edublog.educastur.es\/ixuxu\/wp-json\/wp\/v2\/media?parent=41408"}],"wp:term":[{"taxonomy":"category","embeddable":true,"href":"https:\/\/edublog.educastur.es\/ixuxu\/wp-json\/wp\/v2\/categories?post=41408"},{"taxonomy":"post_tag","embeddable":true,"href":"https:\/\/edublog.educastur.es\/ixuxu\/wp-json\/wp\/v2\/tags?post=41408"}],"curies":[{"name":"wp","href":"https:\/\/api.w.org\/{rel}","templated":true}]}}