{"id":41414,"date":"2025-02-05T12:28:32","date_gmt":"2025-02-05T10:28:32","guid":{"rendered":"https:\/\/edublog.educastur.es\/ixuxu\/?p=41414"},"modified":"2025-02-07T12:55:22","modified_gmt":"2025-02-07T10:55:22","slug":"techos-dasturies","status":"publish","type":"post","link":"https:\/\/edublog.educastur.es\/ixuxu\/2025\/02\/techos-dasturies\/","title":{"rendered":"Techos d&#8217;Asturies"},"content":{"rendered":"<p style=\"text-align: center\">\n<!-- iframe plugin v.6.0 wordpress.org\/plugins\/iframe\/ -->\n<iframe loading=\"lazy\" src=\"https:\/\/www.instagram.com\/reel\/DFNdAVLNC0W\/embed\" width=\"360\" height=\"600\" 0=\"\/iframe\" scrolling=\"yes\" class=\"iframe-class\" frameborder=\"0\"><\/iframe>\n<\/p>\n<p>\u26f0\ufe0fEstremada en 78 Conceyos, Asturies ufi\u00e9rtanos una varied\u00e1 de Techos que van dende les m\u00e1s altos cumes que superen los 2.600 m hasta les m\u00e1s baxes casi a nivel del Mar.<\/p>\n<ul>\n<li><a href=\"https:\/\/www.instagram.com\/hikingasturias\/\">https:\/\/www.instagram.com\/hikingasturias\/<\/a><\/li>\n<\/ul>\n","protected":false},"excerpt":{"rendered":"<p>\u26f0\ufe0fEstremada en 78 Conceyos, Asturies ufi\u00e9rtanos una varied\u00e1 de Techos que van dende les m\u00e1s altos cumes que superen los 2.600 m hasta les m\u00e1s baxes casi a nivel del Mar. https:\/\/www.instagram.com\/hikingasturias\/<\/p>\n","protected":false},"author":117,"featured_media":0,"comment_status":"open","ping_status":"open","sticky":false,"template":"","format":"standard","meta":{"footnotes":""},"categories":[311],"tags":[],"class_list":["post-41414","post","type-post","status-publish","format-standard","hentry","category-montes"],"_links":{"self":[{"href":"https:\/\/edublog.educastur.es\/ixuxu\/wp-json\/wp\/v2\/posts\/41414","targetHints":{"allow":["GET"]}}],"collection":[{"href":"https:\/\/edublog.educastur.es\/ixuxu\/wp-json\/wp\/v2\/posts"}],"about":[{"href":"https:\/\/edublog.educastur.es\/ixuxu\/wp-json\/wp\/v2\/types\/post"}],"author":[{"embeddable":true,"href":"https:\/\/edublog.educastur.es\/ixuxu\/wp-json\/wp\/v2\/users\/117"}],"replies":[{"embeddable":true,"href":"https:\/\/edublog.educastur.es\/ixuxu\/wp-json\/wp\/v2\/comments?post=41414"}],"version-history":[{"count":3,"href":"https:\/\/edublog.educastur.es\/ixuxu\/wp-json\/wp\/v2\/posts\/41414\/revisions"}],"predecessor-version":[{"id":41424,"href":"https:\/\/edublog.educastur.es\/ixuxu\/wp-json\/wp\/v2\/posts\/41414\/revisions\/41424"}],"wp:attachment":[{"href":"https:\/\/edublog.educastur.es\/ixuxu\/wp-json\/wp\/v2\/media?parent=41414"}],"wp:term":[{"taxonomy":"category","embeddable":true,"href":"https:\/\/edublog.educastur.es\/ixuxu\/wp-json\/wp\/v2\/categories?post=41414"},{"taxonomy":"post_tag","embeddable":true,"href":"https:\/\/edublog.educastur.es\/ixuxu\/wp-json\/wp\/v2\/tags?post=41414"}],"curies":[{"name":"wp","href":"https:\/\/api.w.org\/{rel}","templated":true}]}}