{"id":41470,"date":"2025-02-11T09:00:30","date_gmt":"2025-02-11T07:00:30","guid":{"rendered":"https:\/\/edublog.educastur.es\/ixuxu\/?p=41470"},"modified":"2025-02-06T15:47:32","modified_gmt":"2025-02-06T13:47:32","slug":"41470","status":"publish","type":"post","link":"https:\/\/edublog.educastur.es\/ixuxu\/2025\/02\/41470\/","title":{"rendered":"D\u00eda de la Internet Segura (SID)"},"content":{"rendered":"<h2 class=\"page-title\">11-02. D\u00eda d&#8217;Internet Segura (SID) 2025. Talleres pa l&#8217;alumn\u00e1u.<\/h2>\n<p style=\"text-align: center\"><a href=\"https:\/\/www.incibe.es\/sites\/default\/files\/2025-01\/SID2025_banner.png\"><img loading=\"lazy\" decoding=\"async\" class=\"aligncenter size-large\" src=\"https:\/\/www.incibe.es\/sites\/default\/files\/2025-01\/SID2025_banner.png\" width=\"1920\" height=\"707\" \/><\/a><\/p>\n<p>Dende 1997, el segundu martes de febreru, cel\u00e9brase&#8217;l D\u00eda d&#8217;Internet Segura (SID) para impulsar, informar y educar nun usu responsable, respetuosu, cr\u00edticu y creativu de la rede.<\/p>\n<p>L&#8217;Institutu Nacional de Ciberseguridad (INCIBE), en collaboraci\u00f3n col <strong>Institutu Nacional de Tecnolox\u00edes Educatives y de Formaci\u00f3n del Profesor\u00e1u (INTEF)<\/strong>, entama un taller para conmemorar el *SID 2025. El so prop\u00f3situ ye trabayar col alumn\u00e1u t\u00f3malo de decisiones intelixentes frente al ciberacosu, los conten\u00edos perxudiciales o los retos virales.<\/p>\n<p><!--more--><strong>T\u00edtulu: <em><span style=\"color: #008080\">Piensa, conecta y elixe&#8217;l to camin n&#8217;Internet.<\/span><\/em><\/strong><br \/>\n<strong>Edad orientativa:\u00a0<\/strong>a partir de 4\u00ba E. Primaria y ESO.<br \/>\n<strong>D\u00eda:\u00a0<\/strong>martes 11 de febreru de 2025.<br \/>\n<strong>Hora:<\/strong>\u00a0de\u00a010.30 h a 11.00 h.<br \/>\n<strong>Lugar:\u00a0<\/strong>streaming desde la direcci\u00f3n:\u00a0<a href=\"https:\/\/www.incibe.es\/eventos\/sid\" target=\"_blank\" rel=\"noopener\">https:\/\/www.incibe.es\/eventos\/sid<\/a><br \/>\n<strong>Inscripci\u00f3n:\u00a0<\/strong><a href=\"https:\/\/www.incibe.es\/sites\/default\/files\/2025-01\/instrucciones-taller-online-sid2025.pdf\" target=\"_blank\" rel=\"noopener\">Instrucciones\u00a0de participaci\u00f3n<\/a>\u00a0(pdf)<\/p>\n<ul>\n<li>Am\u00e1s, pue descargase la ficha did\u00e1ctica complementaria al taller: <a class=\"btn btn-primary btn-lg\" title=\"Ficha did\u00e1ctica taller Piensa, conecta y elige tu camino online, D\u00eda de Internet Segura 2025\" href=\"https:\/\/www.incibe.es\/sites\/default\/files\/2025-01\/fichadidactica-taller-sid2025.pdf\" target=\"_blank\" rel=\"noopener\">Descargar ficha did\u00e1ctica complementaria al taller online<\/a><\/li>\n<li><strong>Otres actividaes del INCIBE: <\/strong>un programa m\u00e1s amplio d&#8217;actividaes en l\u00ednea que llevar\u00e1 a cabu al travi\u00e9s de la so web: <a href=\"https:\/\/www.incibe.es\/eventos\/sid\" target=\"_blank\" rel=\"noopener\">https:\/\/www.incibe.es\/eventos\/sid<\/a><\/li>\n<li><strong>Hashtags redes:\u00a0<\/strong>#SID2025 y\u00a0\u00a0#D\u00edaDeInternetSegura<\/li>\n<\/ul>\n<p><a href=\"https:\/\/www.incibe.es\/eventos\/sid\" target=\"_blank\" rel=\"noopener\">D\u00eda de Internet Segura. SID 2025<\/a>\u00a0(web del INCIBE)<br \/>\n<a href=\"https:\/\/digital-strategy.ec.europa.eu\/es\/policies\/safer-internet-day\" target=\"_blank\" rel=\"noopener\">Safer Internet Day 2025<\/a>\u00a0(Comisi\u00f3n Europea)<br \/>\n<a href=\"https:\/\/www.unicef.es\/educa\/dias-mundiales\/dia-internet-segura\" target=\"_blank\" rel=\"noopener\">D\u00eda de Internet Segura<\/a>\u00a0(Unicef)<br \/>\n<a href=\"https:\/\/www.educastur.es\/proteccion-datos\" target=\"_blank\" rel=\"noopener\">M\u00e1s informaci\u00f3n sobre Internet seguro<\/a>\u00a0(Educastur)<\/p>\n<p style=\"text-align: center\"><a href=\"https:\/\/www.incibe.es\/sites\/default\/files\/2025-01\/SID2025_talleronline_banner.png\"><img loading=\"lazy\" decoding=\"async\" class=\"aligncenter size-large\" src=\"https:\/\/www.incibe.es\/sites\/default\/files\/2025-01\/SID2025_talleronline_banner.png\" width=\"1920\" height=\"960\" \/><\/a><\/p>\n<p>&nbsp;<\/p>\n","protected":false},"excerpt":{"rendered":"<p>11-02. D\u00eda d&#8217;Internet Segura (SID) 2025. Talleres pa l&#8217;alumn\u00e1u. Dende 1997, el segundu martes de febreru, cel\u00e9brase&#8217;l D\u00eda d&#8217;Internet Segura (SID) para impulsar, informar y educar nun usu responsable, respetuosu, cr\u00edticu y creativu de la rede. L&#8217;Institutu Nacional de Ciberseguridad (INCIBE), en collaboraci\u00f3n col Institutu Nacional de Tecnolox\u00edes Educatives y de Formaci\u00f3n del Profesor\u00e1u (INTEF), [&hellip;]<\/p>\n","protected":false},"author":117,"featured_media":0,"comment_status":"open","ping_status":"open","sticky":false,"template":"","format":"standard","meta":{"footnotes":""},"categories":[6],"tags":[],"class_list":["post-41470","post","type-post","status-publish","format-standard","hentry","category-dia-de"],"_links":{"self":[{"href":"https:\/\/edublog.educastur.es\/ixuxu\/wp-json\/wp\/v2\/posts\/41470","targetHints":{"allow":["GET"]}}],"collection":[{"href":"https:\/\/edublog.educastur.es\/ixuxu\/wp-json\/wp\/v2\/posts"}],"about":[{"href":"https:\/\/edublog.educastur.es\/ixuxu\/wp-json\/wp\/v2\/types\/post"}],"author":[{"embeddable":true,"href":"https:\/\/edublog.educastur.es\/ixuxu\/wp-json\/wp\/v2\/users\/117"}],"replies":[{"embeddable":true,"href":"https:\/\/edublog.educastur.es\/ixuxu\/wp-json\/wp\/v2\/comments?post=41470"}],"version-history":[{"count":7,"href":"https:\/\/edublog.educastur.es\/ixuxu\/wp-json\/wp\/v2\/posts\/41470\/revisions"}],"predecessor-version":[{"id":41477,"href":"https:\/\/edublog.educastur.es\/ixuxu\/wp-json\/wp\/v2\/posts\/41470\/revisions\/41477"}],"wp:attachment":[{"href":"https:\/\/edublog.educastur.es\/ixuxu\/wp-json\/wp\/v2\/media?parent=41470"}],"wp:term":[{"taxonomy":"category","embeddable":true,"href":"https:\/\/edublog.educastur.es\/ixuxu\/wp-json\/wp\/v2\/categories?post=41470"},{"taxonomy":"post_tag","embeddable":true,"href":"https:\/\/edublog.educastur.es\/ixuxu\/wp-json\/wp\/v2\/tags?post=41470"}],"curies":[{"name":"wp","href":"https:\/\/api.w.org\/{rel}","templated":true}]}}