{"id":41480,"date":"2025-02-06T11:16:24","date_gmt":"2025-02-06T09:16:24","guid":{"rendered":"https:\/\/edublog.educastur.es\/ixuxu\/?p=41480"},"modified":"2025-02-07T11:39:43","modified_gmt":"2025-02-07T09:39:43","slug":"el-programa-densenanza-de-llingues-hable","status":"publish","type":"post","link":"https:\/\/edublog.educastur.es\/ixuxu\/2025\/02\/el-programa-densenanza-de-llingues-hable\/","title":{"rendered":"El programa d&#8217;ense\u00f1anza de lling\u00fces HabLE"},"content":{"rendered":"<ul>\n<li class=\"font-size-xxl margin-b-5 font-weight-b color-b-050 letter-spacing--1 fuente-corporativa\"><a href=\"https:\/\/www.rtpa.es\/noticias-asturias-ast\/2025-02-06\/El-programa-d'ense%C3%B1anza-de-llingues-HabLE-llega-esti-cursu-a-216-centros-y-30.000-alumnos_111738850172.html\">El programa d&#8217;ense\u00f1anza de lling\u00fces HabLE llega esti cursu a 216 centros y 30.000 alumnos. RTPA<\/a><\/li>\n<li>Fonte: <a href=\"https:\/\/actualidad.asturias.es\/-\/educaci%C3%B3n-potencia-el-programa-hable-de-ense%C3%B1anza-en-lenguas-extranjeras-que-ya-est%C3%A1-implantado-en-216-colegios?redirect=%2F\">actualid\u00e1 Asturies<\/a> \/<\/li>\n<\/ul>\n<p style=\"text-align: center\"><a href=\"https:\/\/www.rtpa.es\/fotos\/\/25\/02\/20250206141125_RTPA6156881.webp\"><img loading=\"lazy\" decoding=\"async\" class=\"aligncenter \" src=\"https:\/\/www.rtpa.es\/fotos\/\/25\/02\/20250206141125_RTPA6156881.webp\" width=\"462\" height=\"260\" \/><\/a><\/p>\n<div class=\"col-lg-8 col-md-12 col-xs-12\" role=\"main\" aria-label=\"Bloque del titular, texto imagen o v\u00eddeo de la noticia\">\n<div id=\"noticiacompleta\" class=\"parragraph-padding font-c-conent\">\n<h2 class=\"font-size-m padding-b-20 font-weight-b margin-t-16\">El plan busca meyorar la competencia plurilling\u00fce del alumn\u00e1u<\/h2>\n<p>La Conseyer\u00eda d&#8217;Educaci\u00f3n empez\u00f3 esti xueves nel Colexu P\u00fablicu La Xesta, n&#8217;Uvi\u00e9u, el repartu de plaques a los centros educativos del programa HabLE d&#8217;ense\u00f1ances impart\u00edes en lling\u00fces estranxeres, qu&#8217;esti cursu ta igu\u00e1u por una rede de 216 centros asturianos -el 61%- que sumen daqu\u00e9 m\u00e1s de 30.000 estudiantes y 1.600 docentes.<\/p>\n<p><!--more--><\/p>\n<p>La conseyera, Lydia Espina, xunto col director del colexu, Andr\u00e9s Fl\u00f3rez, asistieron al allugamientu de la placa, que tien un logo dise\u00f1\u00e1u pol Princip\u00e1u, coles mires de convertilu nun referente y crear una se\u00f1a d&#8217;identid\u00e1.<\/p>\n<p>El programa HabLE entr\u00f3 a valir nel cursu 2023-2024, en sustituci\u00f3n de los antiguos planes d&#8217;ense\u00f1anza billing\u00fce y tien por oxetivu meyorar la competencia plurilling\u00fce del alumn\u00e1u, potenciar les sos destreces comunicatives y tami\u00e9n dar a conocer, valorar y respetar la diversid\u00e1 lling\u00fc\u00edstica y cultural de la socied\u00e1.<\/p>\n<p>El programa afita tres niveles en funci\u00f3n del n\u00famberu de materies que s&#8217;impartan en llingua estranxera, pero en tolos casos garantiza que s&#8217;estudie, am\u00e1s de l&#8217;asignatura de llingua estranxera, polo menos otra m\u00e1s nesi mesmu idioma y garant\u00edzase un m\u00ednimu de dos sesiones selmanales.<\/p>\n<\/div>\n<\/div>\n<p>&nbsp;<\/p>\n<div class=\"col-lg-4 col-md-12 col-xs-12 padding-t-20 padding-b-20\">\n<div class=\"utiles bg-contenido-destacado border-radius-8\" role=\"group\" aria-label=\"Informaci\u00f3n de subt\u00edtulos y bloque para compartir la noticia en redes sociales\">\n<div class=\"display-b padding-t-10 padding-b-10 border-b-1 border-solid border-c-clear-blue padding-l-10 padding-r-10\">\n<div class=\"display-t width-0100\"><\/div>\n<\/div>\n<\/div>\n<\/div>\n","protected":false},"excerpt":{"rendered":"<p>El programa d&#8217;ense\u00f1anza de lling\u00fces HabLE llega esti cursu a 216 centros y 30.000 alumnos. RTPA Fonte: actualid\u00e1 Asturies \/ El plan busca meyorar la competencia plurilling\u00fce del alumn\u00e1u La Conseyer\u00eda d&#8217;Educaci\u00f3n empez\u00f3 esti xueves nel Colexu P\u00fablicu La Xesta, n&#8217;Uvi\u00e9u, el repartu de plaques a los centros educativos del programa HabLE d&#8217;ense\u00f1ances impart\u00edes en [&hellip;]<\/p>\n","protected":false},"author":117,"featured_media":0,"comment_status":"open","ping_status":"open","sticky":false,"template":"","format":"standard","meta":{"footnotes":""},"categories":[179,59],"tags":[],"class_list":["post-41480","post","type-post","status-publish","format-standard","hentry","category-llingues","category-rtpa"],"_links":{"self":[{"href":"https:\/\/edublog.educastur.es\/ixuxu\/wp-json\/wp\/v2\/posts\/41480","targetHints":{"allow":["GET"]}}],"collection":[{"href":"https:\/\/edublog.educastur.es\/ixuxu\/wp-json\/wp\/v2\/posts"}],"about":[{"href":"https:\/\/edublog.educastur.es\/ixuxu\/wp-json\/wp\/v2\/types\/post"}],"author":[{"embeddable":true,"href":"https:\/\/edublog.educastur.es\/ixuxu\/wp-json\/wp\/v2\/users\/117"}],"replies":[{"embeddable":true,"href":"https:\/\/edublog.educastur.es\/ixuxu\/wp-json\/wp\/v2\/comments?post=41480"}],"version-history":[{"count":2,"href":"https:\/\/edublog.educastur.es\/ixuxu\/wp-json\/wp\/v2\/posts\/41480\/revisions"}],"predecessor-version":[{"id":41494,"href":"https:\/\/edublog.educastur.es\/ixuxu\/wp-json\/wp\/v2\/posts\/41480\/revisions\/41494"}],"wp:attachment":[{"href":"https:\/\/edublog.educastur.es\/ixuxu\/wp-json\/wp\/v2\/media?parent=41480"}],"wp:term":[{"taxonomy":"category","embeddable":true,"href":"https:\/\/edublog.educastur.es\/ixuxu\/wp-json\/wp\/v2\/categories?post=41480"},{"taxonomy":"post_tag","embeddable":true,"href":"https:\/\/edublog.educastur.es\/ixuxu\/wp-json\/wp\/v2\/tags?post=41480"}],"curies":[{"name":"wp","href":"https:\/\/api.w.org\/{rel}","templated":true}]}}