{"id":41496,"date":"2025-02-07T11:56:29","date_gmt":"2025-02-07T09:56:29","guid":{"rendered":"https:\/\/edublog.educastur.es\/ixuxu\/?p=41496"},"modified":"2025-02-07T12:01:06","modified_gmt":"2025-02-07T10:01:06","slug":"consiguisti-ver-el-robecu-nel-logotipu-del-parque-natural-de-redes","status":"publish","type":"post","link":"https:\/\/edublog.educastur.es\/ixuxu\/2025\/02\/consiguisti-ver-el-robecu-nel-logotipu-del-parque-natural-de-redes\/","title":{"rendered":"\u00bfConsiguisti ver el robecu nel logotipu del Parque Natural de Redes?"},"content":{"rendered":"<div class=\"html-div xdj266r xat24cr x1mh8g0r xexx8yu x4uap5 x18d9i69 xkhd6sd x78zum5 x2lah0s xqtp20y x1emribx\">\n<div class=\"x1vqgdyp x100vrsf\">\n<div class=\"\" style=\"text-align: center\"><a href=\"https:\/\/encrypted-tbn0.gstatic.com\/images?q=tbn:ANd9GcSiaWqgGhzf2mWA4ftAAommTXqddNVc3xcHVg&amp;s\"><img loading=\"lazy\" decoding=\"async\" class=\"aligncenter size-large\" src=\"https:\/\/encrypted-tbn0.gstatic.com\/images?q=tbn:ANd9GcSiaWqgGhzf2mWA4ftAAommTXqddNVc3xcHVg&amp;s\" width=\"193\" height=\"261\" \/><\/a><\/div>\n<\/div>\n<\/div>\n<div class=\"html-div xdj266r x11i5rnm xat24cr x1mh8g0r xexx8yu x4uap5 x18d9i69 xkhd6sd x1iyjqo2\">\n<div class=\"x78zum5 xdt5ytf xz62fqu x16ldp7u\">\n<div class=\"xu06os2 x1ok221b\">\n<div class=\"html-div xdj266r x11i5rnm xat24cr x1mh8g0r xexx8yu x4uap5 x18d9i69 xkhd6sd\" data-ad-rendering-role=\"profile_name\">\n<ul>\n<li id=\":r62:\" class=\"html-h4 x11i5rnm xat24cr x1mh8g0r xexx8yu x4uap5 x18d9i69 xkhd6sd x1vvkbs x1heor9g x1qlqyl8 x1pd3egz x1a2a7pz x1gslohp x1yc453h\"><span class=\"xt0psk2\"><span class=\"xjp7ctv\"><a class=\"x1i10hfl xjbqb8w x1ejq31n xd10rxx x1sy0etr x17r0tee x972fbf xcfux6l x1qhh985 xm0m39n x9f619 x1ypdohk xt0psk2 xe8uvvx xdj266r x11i5rnm xat24cr x1mh8g0r xexx8yu x4uap5 x18d9i69 xkhd6sd x16tdsg8 x1hl2dhg xggy1nq x1a2a7pz x1sur9pj xkrqix3 xzsf02u x1s688f\" role=\"link\" href=\"https:\/\/www.facebook.com\/profile.php?id=100064652505203&amp;__cft__[0]=AZVlNnx9vaEPJJpEvibVxf2jIMuF3HmrMIYCq0e2y6J4u5Qz6YzIlYKRKbODLEx6DylkGpoDZH2-CyYLY6rXd0YWM67jIlE63-AYVFqmwU5eAXdAhZCM18ZeKA7IjP6O3cBGzWSRv0JXb4Th1Mp6_8BXsljlDJEfR8DZCbCtwD9XMvZ5ORIhU99WBOtZbqKFmX3HdU62Qvs8iZ5_MktIAUOvClJEH_OGLSsi-ESUoeWDNQ&amp;__tn__=-UC%2CP-R\" aria-describedby=\":r6a:\"><strong class=\"html-strong xdj266r x11i5rnm xat24cr x1mh8g0r xexx8yu x4uap5 x18d9i69 xkhd6sd x1hl2dhg x16tdsg8 x1vvkbs x1s688f\"><span class=\"html-span xdj266r x11i5rnm xat24cr x1mh8g0r xexx8yu x4uap5 x18d9i69 xkhd6sd x1hl2dhg x16tdsg8 x1vvkbs\">Red Natural de Asturias<\/span><\/strong><\/a><\/span><\/span><\/li>\n<li>\/<a href=\"https:\/\/www.redesnatural.es\/parque-natural-redes\/\"> Parque Natural de Redes<\/a> \/ <a href=\"https:\/\/www.redesnatural.es\/wp-content\/uploads\/2025\/02\/Mapa-Redes-Natural-2025.pdf\">mapa actualiz\u00e1u<\/a> \/<\/li>\n<\/ul>\n<\/div>\n<\/div>\n<div class=\"xu06os2 x1ok221b\"><\/div>\n<\/div>\n<\/div>\n<div class=\"html-div xdj266r x11i5rnm xat24cr x1mh8g0r xexx8yu x4uap5 x18d9i69 xkhd6sd\" dir=\"auto\">\n<div class=\"html-div xdj266r x11i5rnm xat24cr x1mh8g0r xexx8yu x4uap5 x18d9i69 xkhd6sd\" data-ad-rendering-role=\"story_message\">\n<div id=\":r64:\" class=\"x1l90r2v x1iorvi4 x1ye3gou xn6708d\" data-ad-comet-preview=\"message\" data-ad-preview=\"message\">\n<div class=\"x78zum5 xdt5ytf xz62fqu x16ldp7u\">\n<div class=\"xu06os2 x1ok221b\">\n<div class=\"x11i5rnm xat24cr x1mh8g0r x1vvkbs xtlvy1s x126k92a\">\n<p>Los logotipos tienen la finalid\u00e1 de tresmitir la identid\u00e1 d&#8217;un llugar de manera visual, simb\u00f3lica y representativa.\u00a0 <span style=\"color: #008080\">Nel casu del <strong>Parque Natural de Redes, el logotipu reflexa 3 elementos clave d&#8217;esta redolada:<\/strong><\/span><\/p>\n<ul>\n<li><em><span style=\"color: #008080\">Les ll\u00ednees azules que remembren l&#8217;agua que fl\u00fai pel r\u00edu Nal\u00f3n y tolos regueros, fontes y llamargues que s&#8217;alluguen nesta redolada natural.<\/span><\/em><\/li>\n<li><em><span style=\"color: #008080\">Los picos marrones representen la orograf\u00eda y el relieve que caracteriza esta redolada en gran parte montascosu, como&#8217;l Picu Tiatordos o&#8217;l Picu Retri\u00f1\u00f3n.<\/span><\/em><\/li>\n<li><em><span style=\"color: #008080\">D&#8217;\u00faltimes y m\u00e1s complic\u00e1u de ver, la figura del robecu (Rupicapra pyrenaica parva), fund\u00edu y centr\u00e1u ente los picos y les l\u00ednees azules. Ye l&#8217;indiscutible protagonista del Parque Natural, qu&#8217;habita dende les zones m\u00e1s serrapatoses de los montes hasta los frondosos montes de fayes.<\/span><\/em><\/li>\n<\/ul>\n<p><!--more--><\/p>\n<\/div>\n<div class=\"x11i5rnm xat24cr x1mh8g0r x1vvkbs xtlvy1s x126k92a\">\n<ul>\n<li dir=\"auto\"><span class=\"html-span xdj266r x11i5rnm xat24cr x1mh8g0r xexx8yu x4uap5 x18d9i69 xkhd6sd x1hl2dhg x16tdsg8 x1vvkbs\"><a class=\"x1i10hfl xjbqb8w x1ejq31n xd10rxx x1sy0etr x17r0tee x972fbf xcfux6l x1qhh985 xm0m39n x9f619 x1ypdohk xt0psk2 xe8uvvx xdj266r x11i5rnm xat24cr x1mh8g0r xexx8yu x4uap5 x18d9i69 xkhd6sd x16tdsg8 x1hl2dhg xggy1nq x1a2a7pz x1sur9pj xkrqix3 x1fey0fg x1s688f\" role=\"link\" href=\"https:\/\/www.facebook.com\/hashtag\/rena?__eep__=6&amp;__cft__[0]=AZVlNnx9vaEPJJpEvibVxf2jIMuF3HmrMIYCq0e2y6J4u5Qz6YzIlYKRKbODLEx6DylkGpoDZH2-CyYLY6rXd0YWM67jIlE63-AYVFqmwU5eAXdAhZCM18ZeKA7IjP6O3cBGzWSRv0JXb4Th1Mp6_8BXsljlDJEfR8DZCbCtwD9XMvZ5ORIhU99WBOtZbqKFmX3HdU62Qvs8iZ5_MktIAUOvClJEH_OGLSsi-ESUoeWDNQ&amp;__tn__=*NK-R\">#rena<\/a><\/span> <span class=\"html-span xdj266r x11i5rnm xat24cr x1mh8g0r xexx8yu x4uap5 x18d9i69 xkhd6sd x1hl2dhg x16tdsg8 x1vvkbs\"><a class=\"x1i10hfl xjbqb8w x1ejq31n xd10rxx x1sy0etr x17r0tee x972fbf xcfux6l x1qhh985 xm0m39n x9f619 x1ypdohk xt0psk2 xe8uvvx xdj266r x11i5rnm xat24cr x1mh8g0r xexx8yu x4uap5 x18d9i69 xkhd6sd x16tdsg8 x1hl2dhg xggy1nq x1a2a7pz x1sur9pj xkrqix3 x1fey0fg x1s688f\" role=\"link\" href=\"https:\/\/www.facebook.com\/hashtag\/rednaturaldeasturias?__eep__=6&amp;__cft__[0]=AZVlNnx9vaEPJJpEvibVxf2jIMuF3HmrMIYCq0e2y6J4u5Qz6YzIlYKRKbODLEx6DylkGpoDZH2-CyYLY6rXd0YWM67jIlE63-AYVFqmwU5eAXdAhZCM18ZeKA7IjP6O3cBGzWSRv0JXb4Th1Mp6_8BXsljlDJEfR8DZCbCtwD9XMvZ5ORIhU99WBOtZbqKFmX3HdU62Qvs8iZ5_MktIAUOvClJEH_OGLSsi-ESUoeWDNQ&amp;__tn__=*NK-R\">#rednaturaldeasturias<\/a><\/span> <span class=\"html-span xdj266r x11i5rnm xat24cr x1mh8g0r xexx8yu x4uap5 x18d9i69 xkhd6sd x1hl2dhg x16tdsg8 x1vvkbs\"><a class=\"x1i10hfl xjbqb8w x1ejq31n xd10rxx x1sy0etr x17r0tee x972fbf xcfux6l x1qhh985 xm0m39n x9f619 x1ypdohk xt0psk2 xe8uvvx xdj266r x11i5rnm xat24cr x1mh8g0r xexx8yu x4uap5 x18d9i69 xkhd6sd x16tdsg8 x1hl2dhg xggy1nq x1a2a7pz x1sur9pj xkrqix3 x1fey0fg x1s688f\" role=\"link\" href=\"https:\/\/www.facebook.com\/hashtag\/asturias?__eep__=6&amp;__cft__[0]=AZVlNnx9vaEPJJpEvibVxf2jIMuF3HmrMIYCq0e2y6J4u5Qz6YzIlYKRKbODLEx6DylkGpoDZH2-CyYLY6rXd0YWM67jIlE63-AYVFqmwU5eAXdAhZCM18ZeKA7IjP6O3cBGzWSRv0JXb4Th1Mp6_8BXsljlDJEfR8DZCbCtwD9XMvZ5ORIhU99WBOtZbqKFmX3HdU62Qvs8iZ5_MktIAUOvClJEH_OGLSsi-ESUoeWDNQ&amp;__tn__=*NK-R\">#Asturias<\/a><\/span> <span class=\"html-span xdj266r x11i5rnm xat24cr x1mh8g0r xexx8yu x4uap5 x18d9i69 xkhd6sd x1hl2dhg x16tdsg8 x1vvkbs\"><a class=\"x1i10hfl xjbqb8w x1ejq31n xd10rxx x1sy0etr x17r0tee x972fbf xcfux6l x1qhh985 xm0m39n x9f619 x1ypdohk xt0psk2 xe8uvvx xdj266r x11i5rnm xat24cr x1mh8g0r xexx8yu x4uap5 x18d9i69 xkhd6sd x16tdsg8 x1hl2dhg xggy1nq x1a2a7pz x1sur9pj xkrqix3 x1fey0fg x1s688f\" role=\"link\" href=\"https:\/\/www.facebook.com\/hashtag\/redes?__eep__=6&amp;__cft__[0]=AZVlNnx9vaEPJJpEvibVxf2jIMuF3HmrMIYCq0e2y6J4u5Qz6YzIlYKRKbODLEx6DylkGpoDZH2-CyYLY6rXd0YWM67jIlE63-AYVFqmwU5eAXdAhZCM18ZeKA7IjP6O3cBGzWSRv0JXb4Th1Mp6_8BXsljlDJEfR8DZCbCtwD9XMvZ5ORIhU99WBOtZbqKFmX3HdU62Qvs8iZ5_MktIAUOvClJEH_OGLSsi-ESUoeWDNQ&amp;__tn__=*NK-R\">#Redes<\/a><\/span> <span class=\"html-span xdj266r x11i5rnm xat24cr x1mh8g0r xexx8yu x4uap5 x18d9i69 xkhd6sd x1hl2dhg x16tdsg8 x1vvkbs\"><a class=\"x1i10hfl xjbqb8w x1ejq31n xd10rxx x1sy0etr x17r0tee x972fbf xcfux6l x1qhh985 xm0m39n x9f619 x1ypdohk xt0psk2 xe8uvvx xdj266r x11i5rnm xat24cr x1mh8g0r xexx8yu x4uap5 x18d9i69 xkhd6sd x16tdsg8 x1hl2dhg xggy1nq x1a2a7pz x1sur9pj xkrqix3 x1fey0fg x1s688f\" role=\"link\" href=\"https:\/\/www.facebook.com\/hashtag\/parquenaturalderedes?__eep__=6&amp;__cft__[0]=AZVlNnx9vaEPJJpEvibVxf2jIMuF3HmrMIYCq0e2y6J4u5Qz6YzIlYKRKbODLEx6DylkGpoDZH2-CyYLY6rXd0YWM67jIlE63-AYVFqmwU5eAXdAhZCM18ZeKA7IjP6O3cBGzWSRv0JXb4Th1Mp6_8BXsljlDJEfR8DZCbCtwD9XMvZ5ORIhU99WBOtZbqKFmX3HdU62Qvs8iZ5_MktIAUOvClJEH_OGLSsi-ESUoeWDNQ&amp;__tn__=*NK-R\">#parquenaturalderedes<\/a><\/span> <span class=\"html-span xdj266r x11i5rnm xat24cr x1mh8g0r xexx8yu x4uap5 x18d9i69 xkhd6sd x1hl2dhg x16tdsg8 x1vvkbs\"><a class=\"x1i10hfl xjbqb8w x1ejq31n xd10rxx x1sy0etr x17r0tee x972fbf xcfux6l x1qhh985 xm0m39n x9f619 x1ypdohk xt0psk2 xe8uvvx xdj266r x11i5rnm xat24cr x1mh8g0r xexx8yu x4uap5 x18d9i69 xkhd6sd x16tdsg8 x1hl2dhg xggy1nq x1a2a7pz x1sur9pj xkrqix3 x1fey0fg x1s688f\" role=\"link\" href=\"https:\/\/www.facebook.com\/hashtag\/rebeco?__eep__=6&amp;__cft__[0]=AZVlNnx9vaEPJJpEvibVxf2jIMuF3HmrMIYCq0e2y6J4u5Qz6YzIlYKRKbODLEx6DylkGpoDZH2-CyYLY6rXd0YWM67jIlE63-AYVFqmwU5eAXdAhZCM18ZeKA7IjP6O3cBGzWSRv0JXb4Th1Mp6_8BXsljlDJEfR8DZCbCtwD9XMvZ5ORIhU99WBOtZbqKFmX3HdU62Qvs8iZ5_MktIAUOvClJEH_OGLSsi-ESUoeWDNQ&amp;__tn__=*NK-R\">#rebeco<\/a><\/span> <span class=\"html-span xdj266r x11i5rnm xat24cr x1mh8g0r xexx8yu x4uap5 x18d9i69 xkhd6sd x1hl2dhg x16tdsg8 x1vvkbs\"><a class=\"x1i10hfl xjbqb8w x1ejq31n xd10rxx x1sy0etr x17r0tee x972fbf xcfux6l x1qhh985 xm0m39n x9f619 x1ypdohk xt0psk2 xe8uvvx xdj266r x11i5rnm xat24cr x1mh8g0r xexx8yu x4uap5 x18d9i69 xkhd6sd x16tdsg8 x1hl2dhg xggy1nq x1a2a7pz x1sur9pj xkrqix3 x1fey0fg x1s688f\" role=\"link\" href=\"https:\/\/www.facebook.com\/hashtag\/logotipo?__eep__=6&amp;__cft__[0]=AZVlNnx9vaEPJJpEvibVxf2jIMuF3HmrMIYCq0e2y6J4u5Qz6YzIlYKRKbODLEx6DylkGpoDZH2-CyYLY6rXd0YWM67jIlE63-AYVFqmwU5eAXdAhZCM18ZeKA7IjP6O3cBGzWSRv0JXb4Th1Mp6_8BXsljlDJEfR8DZCbCtwD9XMvZ5ORIhU99WBOtZbqKFmX3HdU62Qvs8iZ5_MktIAUOvClJEH_OGLSsi-ESUoeWDNQ&amp;__tn__=*NK-R\">#logotipo<\/a><\/span> <span class=\"html-span xdj266r x11i5rnm xat24cr x1mh8g0r xexx8yu x4uap5 x18d9i69 xkhd6sd x1hl2dhg x16tdsg8 x1vvkbs\"><a class=\"x1i10hfl xjbqb8w x1ejq31n xd10rxx x1sy0etr x17r0tee x972fbf xcfux6l x1qhh985 xm0m39n x9f619 x1ypdohk xt0psk2 xe8uvvx xdj266r x11i5rnm xat24cr x1mh8g0r xexx8yu x4uap5 x18d9i69 xkhd6sd x16tdsg8 x1hl2dhg xggy1nq x1a2a7pz x1sur9pj xkrqix3 x1fey0fg x1s688f\" role=\"link\" href=\"https:\/\/www.facebook.com\/hashtag\/hayas?__eep__=6&amp;__cft__[0]=AZVlNnx9vaEPJJpEvibVxf2jIMuF3HmrMIYCq0e2y6J4u5Qz6YzIlYKRKbODLEx6DylkGpoDZH2-CyYLY6rXd0YWM67jIlE63-AYVFqmwU5eAXdAhZCM18ZeKA7IjP6O3cBGzWSRv0JXb4Th1Mp6_8BXsljlDJEfR8DZCbCtwD9XMvZ5ORIhU99WBOtZbqKFmX3HdU62Qvs8iZ5_MktIAUOvClJEH_OGLSsi-ESUoeWDNQ&amp;__tn__=*NK-R\">#hayas<\/a><\/span> <span class=\"html-span xdj266r x11i5rnm xat24cr x1mh8g0r xexx8yu x4uap5 x18d9i69 xkhd6sd x1hl2dhg x16tdsg8 x1vvkbs\"><a class=\"x1i10hfl xjbqb8w x1ejq31n xd10rxx x1sy0etr x17r0tee x972fbf xcfux6l x1qhh985 xm0m39n x9f619 x1ypdohk xt0psk2 xe8uvvx xdj266r x11i5rnm xat24cr x1mh8g0r xexx8yu x4uap5 x18d9i69 xkhd6sd x16tdsg8 x1hl2dhg xggy1nq x1a2a7pz x1sur9pj xkrqix3 x1fey0fg x1s688f\" role=\"link\" href=\"https:\/\/www.facebook.com\/hashtag\/monta%C3%B1as?__eep__=6&amp;__cft__[0]=AZVlNnx9vaEPJJpEvibVxf2jIMuF3HmrMIYCq0e2y6J4u5Qz6YzIlYKRKbODLEx6DylkGpoDZH2-CyYLY6rXd0YWM67jIlE63-AYVFqmwU5eAXdAhZCM18ZeKA7IjP6O3cBGzWSRv0JXb4Th1Mp6_8BXsljlDJEfR8DZCbCtwD9XMvZ5ORIhU99WBOtZbqKFmX3HdU62Qvs8iZ5_MktIAUOvClJEH_OGLSsi-ESUoeWDNQ&amp;__tn__=*NK-R\">#monta\u00f1as<\/a><\/span> <span class=\"html-span xdj266r x11i5rnm xat24cr x1mh8g0r xexx8yu x4uap5 x18d9i69 xkhd6sd x1hl2dhg x16tdsg8 x1vvkbs\"><a class=\"x1i10hfl xjbqb8w x1ejq31n xd10rxx x1sy0etr x17r0tee x972fbf xcfux6l x1qhh985 xm0m39n x9f619 x1ypdohk xt0psk2 xe8uvvx xdj266r x11i5rnm xat24cr x1mh8g0r xexx8yu x4uap5 x18d9i69 xkhd6sd x16tdsg8 x1hl2dhg xggy1nq x1a2a7pz x1sur9pj xkrqix3 x1fey0fg x1s688f\" role=\"link\" href=\"https:\/\/www.facebook.com\/hashtag\/r%C3%ADo?__eep__=6&amp;__cft__[0]=AZVlNnx9vaEPJJpEvibVxf2jIMuF3HmrMIYCq0e2y6J4u5Qz6YzIlYKRKbODLEx6DylkGpoDZH2-CyYLY6rXd0YWM67jIlE63-AYVFqmwU5eAXdAhZCM18ZeKA7IjP6O3cBGzWSRv0JXb4Th1Mp6_8BXsljlDJEfR8DZCbCtwD9XMvZ5ORIhU99WBOtZbqKFmX3HdU62Qvs8iZ5_MktIAUOvClJEH_OGLSsi-ESUoeWDNQ&amp;__tn__=*NK-R\">#r\u00edo<\/a><\/span><\/li>\n<\/ul>\n<\/div>\n<ul>\n<li dir=\"auto\" style=\"text-align: left\"><a href=\"https:\/\/www.redesnatural.es\/wp-content\/uploads\/2017\/01\/rebeco-parque-natural-de-redes.jpg\">https:\/\/www.redesnatural.es\/wp-content\/uploads\/2017\/01\/rebeco-parque-natural-de-redes.jpg<\/a><\/li>\n<\/ul>\n<div dir=\"auto\"><\/div>\n<div class=\"x11i5rnm xat24cr x1mh8g0r x1vvkbs xtlvy1s x126k92a\">\n<div dir=\"auto\" style=\"text-align: center\">\n<!-- iframe plugin v.6.0 wordpress.org\/plugins\/iframe\/ -->\n<iframe loading=\"lazy\" src=\"https:\/\/www.facebook.com\/plugins\/post.php?href=https%3A%2F%2Fwww.facebook.com%2Fphoto.php%3Ffbid%3D1080720857426321%26set%3Da.481813427317070%26type%3D3&#038;show_text=false&#038;width=500\" width=\"500\" height=\"505\" style=\"border:none;overflow:hidden\" scrolling=\"no\" frameborder=\"0\" allowfullscreen=\"true\" allow=\"autoplay; clipboard-write; encrypted-media; picture-in-picture; web-share\" 0=\"\/iframe\" class=\"iframe-class\"><\/iframe>\n<\/div>\n<div dir=\"auto\"><\/div>\n<div dir=\"auto\" style=\"text-align: center\">\n<!-- iframe plugin v.6.0 wordpress.org\/plugins\/iframe\/ -->\n<iframe loading=\"lazy\" width=\"495\" height=\"280\" src=\"https:\/\/www.youtube.com\/embed\/CdqDUCC_nUk\" title=\"Parque Natural de Redes\" frameborder=\"0\" allow=\"accelerometer; autoplay; clipboard-write; encrypted-media; gyroscope; picture-in-picture; web-share\" referrerpolicy=\"strict-origin-when-cross-origin\" 0=\"allowfullscreen\" 1=\"\/iframe\" scrolling=\"yes\" class=\"iframe-class\"><\/iframe>\n<\/div>\n<div dir=\"auto\"><\/div>\n<div dir=\"auto\">Debe&#8217;l so nome al Monte de Redes, enclav\u00e1u nel coraz\u00f3n del parque. Pero&#8217;l Parque Natural de Redes esti\u00e9ndese m\u00e1s all\u00e1 d&#8217;ese monte. Concretamente, a lo llargo de 38.000 hect\u00e1rees asitiaes nel sector de monta\u00f1a sur-oriental, tomando al completu los t\u00e9rminos municipales de Casu y Sobrescobiu. Parque Natural dende l&#8217;a\u00f1u 1996, tien unos valores ecol\u00f3xicos y est\u00e9ticos que merecen una atenci\u00f3n especial, y pollo foi reconoc\u00edu como Acuta de la Biosfera en 2001 pola UNESO: un galard\u00f3n d&#8217;inmensu prest\u00edu que reconoz el fechu de conciliar el caltenimientu del patrimoniu natural y cultural col desenvolvimientu sostenible de la poblaci\u00f3n.<\/div>\n<\/div>\n<\/div>\n<\/div>\n<\/div>\n<\/div>\n<\/div>\n<p>&nbsp;<\/p>\n","protected":false},"excerpt":{"rendered":"<p>Red Natural de Asturias \/ Parque Natural de Redes \/ mapa actualiz\u00e1u \/ Los logotipos tienen la finalid\u00e1 de tresmitir la identid\u00e1 d&#8217;un llugar de manera visual, simb\u00f3lica y representativa.\u00a0 Nel casu del Parque Natural de Redes, el logotipu reflexa 3 elementos clave d&#8217;esta redolada: Les ll\u00ednees azules que remembren l&#8217;agua que fl\u00fai pel r\u00edu [&hellip;]<\/p>\n","protected":false},"author":117,"featured_media":0,"comment_status":"open","ping_status":"open","sticky":false,"template":"","format":"standard","meta":{"footnotes":""},"categories":[291,314],"tags":[],"class_list":["post-41496","post","type-post","status-publish","format-standard","hentry","category-parques","category-rede-natura-dasturies"],"_links":{"self":[{"href":"https:\/\/edublog.educastur.es\/ixuxu\/wp-json\/wp\/v2\/posts\/41496","targetHints":{"allow":["GET"]}}],"collection":[{"href":"https:\/\/edublog.educastur.es\/ixuxu\/wp-json\/wp\/v2\/posts"}],"about":[{"href":"https:\/\/edublog.educastur.es\/ixuxu\/wp-json\/wp\/v2\/types\/post"}],"author":[{"embeddable":true,"href":"https:\/\/edublog.educastur.es\/ixuxu\/wp-json\/wp\/v2\/users\/117"}],"replies":[{"embeddable":true,"href":"https:\/\/edublog.educastur.es\/ixuxu\/wp-json\/wp\/v2\/comments?post=41496"}],"version-history":[{"count":6,"href":"https:\/\/edublog.educastur.es\/ixuxu\/wp-json\/wp\/v2\/posts\/41496\/revisions"}],"predecessor-version":[{"id":41502,"href":"https:\/\/edublog.educastur.es\/ixuxu\/wp-json\/wp\/v2\/posts\/41496\/revisions\/41502"}],"wp:attachment":[{"href":"https:\/\/edublog.educastur.es\/ixuxu\/wp-json\/wp\/v2\/media?parent=41496"}],"wp:term":[{"taxonomy":"category","embeddable":true,"href":"https:\/\/edublog.educastur.es\/ixuxu\/wp-json\/wp\/v2\/categories?post=41496"},{"taxonomy":"post_tag","embeddable":true,"href":"https:\/\/edublog.educastur.es\/ixuxu\/wp-json\/wp\/v2\/tags?post=41496"}],"curies":[{"name":"wp","href":"https:\/\/api.w.org\/{rel}","templated":true}]}}