{"id":41503,"date":"2025-02-07T12:05:08","date_gmt":"2025-02-07T10:05:08","guid":{"rendered":"https:\/\/edublog.educastur.es\/ixuxu\/?p=41503"},"modified":"2025-02-07T12:14:41","modified_gmt":"2025-02-07T10:14:41","slug":"aristoteles-tenia-una-vision-fascinante-sobro-les-abeyes","status":"publish","type":"post","link":"https:\/\/edublog.educastur.es\/ixuxu\/2025\/02\/aristoteles-tenia-una-vision-fascinante-sobro-les-abeyes\/","title":{"rendered":"Arist\u00f3teles ten\u00eda una visi\u00f3n fascinante sobro les abeyes."},"content":{"rendered":"<div class=\"xu06os2 x1ok221b\">\n<div class=\"html-div xdj266r x11i5rnm xat24cr x1mh8g0r xexx8yu x4uap5 x18d9i69 xkhd6sd\" data-ad-rendering-role=\"profile_name\">\n<div class=\"x6prxxf xk50ysn xvq8zen\">\n<ul>\n<li dir=\"ltr\"><span class=\"x1lliihq x6ikm8r x10wlt62 x1n2onr6\"><span dir=\"ltr\"><span class=\"\"><span class=\"xt0psk2\"><span class=\"xjp7ctv\"><a class=\"x1i10hfl xjbqb8w x1ejq31n xd10rxx x1sy0etr x17r0tee x972fbf xcfux6l x1qhh985 xm0m39n x9f619 x1ypdohk xt0psk2 xe8uvvx xdj266r x11i5rnm xat24cr x1mh8g0r xexx8yu x4uap5 x18d9i69 xkhd6sd x16tdsg8 x1hl2dhg xggy1nq x1a2a7pz x1sur9pj xkrqix3 xzsf02u x1s688f\" role=\"link\" href=\"https:\/\/www.facebook.com\/groups\/778165228987157\/user\/100069083140751\/?__cft__[0]=AZWSom7FRZ8piG6tC85PKu5pNRftr3Iayep-wa0kco4spxUApK-VJ9Gaw009hi8a6ZKaf2E2Tc28HgZS_EbeXqiFmvEXtcB47uW0BGHVPeRbkCzG_DSiKTNvjEZbSba4asp39cP7lkH0ASoZxdO_iQxEmOA7Rf8gB8TeV2-ORxB2TaqDhPywF_rADkfFCiwjGGbU9rvWeRZmBa71Un_dJqDSvT0112QWIcYdIEUib8AZLw&amp;__tn__=-UC%2CP-y-R\" aria-describedby=\":rk0:\"><span class=\"html-span xdj266r x11i5rnm xat24cr x1mh8g0r xexx8yu x4uap5 x18d9i69 xkhd6sd x1hl2dhg x16tdsg8 x1vvkbs\">Meliferavita<\/span><\/a><\/span><\/span><\/span><\/span><span dir=\"ltr\"><span class=\"xt0psk2\"><span class=\"xjp7ctv\"><a class=\"x1i10hfl xjbqb8w x1ejq31n xd10rxx x1sy0etr x17r0tee x972fbf xcfux6l x1qhh985 xm0m39n x9f619 x1ypdohk xt0psk2 xe8uvvx xdj266r x11i5rnm xat24cr x1mh8g0r xexx8yu x4uap5 x18d9i69 xkhd6sd x16tdsg8 x1hl2dhg xggy1nq x1a2a7pz x1sur9pj xkrqix3 xzsf02u x1s688f\" role=\"link\" href=\"https:\/\/www.facebook.com\/groups\/778165228987157\/?__cft__[0]=AZWSom7FRZ8piG6tC85PKu5pNRftr3Iayep-wa0kco4spxUApK-VJ9Gaw009hi8a6ZKaf2E2Tc28HgZS_EbeXqiFmvEXtcB47uW0BGHVPeRbkCzG_DSiKTNvjEZbSba4asp39cP7lkH0ASoZxdO_iQxEmOA7Rf8gB8TeV2-ORxB2TaqDhPywF_rADkfFCiwjGGbU9rvWeRZmBa71Un_dJqDSvT0112QWIcYdIEUib8AZLw&amp;__tn__=-UC%2CP-y-R\" aria-describedby=\":rk1:\"><span class=\"html-span xdj266r x11i5rnm xat24cr x1mh8g0r xexx8yu x4uap5 x18d9i69 xkhd6sd x1hl2dhg x16tdsg8 x1vvkbs\">APICULTORES PROFESIONALES<\/span><\/a><\/span><\/span><\/span><\/span>\/<a href=\"https:\/\/scontent-mad1-1.xx.fbcdn.net\/v\/t39.30808-6\/474592977_928909126088517_1415755450856578759_n.jpg?_nc_cat=107&amp;ccb=1-7&amp;_nc_sid=aa7b47&amp;_nc_ohc=pAOmU47s8koQ7kNvgGmMExj&amp;_nc_zt=23&amp;_nc_ht=scontent-mad1-1.xx&amp;_nc_gid=AHYzjhtsL4C6Su9sjj3LnOx&amp;oh=00_AYACOh69u44DUiw3PcayQMAkspSSYTv6ZX1u-_HsRGzCVA&amp;oe=67ABB3F0\"> imaxe<\/a><\/li>\n<li dir=\"ltr\">Fonte: <a href=\"https:\/\/metode.es\/revistas-metode\/secciones\/historias-cientificos\/la-abeja-virtuosa.html\">metode<\/a> \/ <a href=\"https:\/\/efeverde.com\/el-filosofo-y-la-abeja\/\">EfeVerde<\/a> \/ <a href=\"https:\/\/www.panoramagriego.gr\/la-miel-griega-una-de-las-mejores-del-mundo\/\">Panorama Griego<\/a> \/<a href=\"https:\/\/elmuseodelasabejas.es\/literatura\/\"> El Museo de las Abejas<\/a> \/<\/li>\n<\/ul>\n<p style=\"text-align: center\"><a href=\"https:\/\/www.naiz.eus\/media\/asset_publics\/resources\/000\/893\/439\/original\/ABEJAS_caminando.jpg\"><img loading=\"lazy\" decoding=\"async\" class=\"aligncenter \" src=\"https:\/\/www.naiz.eus\/media\/asset_publics\/resources\/000\/893\/439\/original\/ABEJAS_caminando.jpg\" width=\"791\" height=\"511\" \/><\/a><\/p>\n<\/div>\n<\/div>\n<\/div>\n<div class=\"html-div xdj266r x11i5rnm xat24cr x1mh8g0r xexx8yu x4uap5 x18d9i69 xkhd6sd\" dir=\"auto\">\n<div class=\"html-div xdj266r x11i5rnm xat24cr x1mh8g0r xexx8yu x4uap5 x18d9i69 xkhd6sd\" dir=\"auto\">\n<div class=\"html-div xdj266r x11i5rnm xat24cr x1mh8g0r xexx8yu x4uap5 x18d9i69 xkhd6sd\" data-ad-rendering-role=\"story_message\">\n<div class=\"x1l90r2v x1iorvi4 x1ye3gou xn6708d\" data-ad-comet-preview=\"message\" data-ad-preview=\"message\">\n<div class=\"x78zum5 xdt5ytf xz62fqu x16ldp7u\">\n<div class=\"xu06os2 x1ok221b\">\n<div class=\"x11i5rnm xat24cr x1mh8g0r x1vvkbs xtlvy1s x126k92a\">\n<div dir=\"auto\">Arist\u00f3teles, l&#8217;antiguu fil\u00f3sofu griegu, ten\u00eda una visi\u00f3n fascinante sobro les abeyes. \u00c9l cre\u00eda que les abeyes ten\u00eden daqu\u00e9 \u00abdiv\u00edn\u00bb por cuenta del so m\u00e9todu \u00fanicu de reproducci\u00f3n y al orde y proporci\u00f3n qu&#8217;esib\u00eden nel so comportamientu natural. Na so obra \u00abXeneraci\u00f3n de los animales\u00bb, Arist\u00f3teles repar\u00f3 que la forma en que les abeyes reprod\u00facense y entamen la so socied\u00e1 yera notable y nun tendr\u00eda de sosprender, daes les sos cualidaes casi divines.<\/div>\n<div dir=\"auto\"><!--more--><br \/>\nArist\u00f3teles v\u00eda a les abeyes como un exemplu perfectu d&#8217;orde y racionalid\u00e1 nel mundu natural, inclusive ente los animales m\u00e1s simples. Almiraba la so complexa estructura social y l&#8217;eficiencia cola que trabayaben xuntes pa producir miel y caltener los sos tru\u00e9banos.<\/div>\n<div dir=\"auto\">Ye interesante ver c\u00f3mo les observaciones d&#8217;Arist\u00f3teles sobro les abeyes reflexen les sos idees filos\u00f3fiques m\u00e1s amplies sobro la naturaleza y l&#8217;importancia del orde y l&#8217;harmon\u00eda nel mundu que nos arrodia.<\/div>\n<\/div>\n<div class=\"x11i5rnm xat24cr x1mh8g0r x1vvkbs xtlvy1s x126k92a\">\n<div dir=\"auto\"><\/div>\n<ul>\n<li dir=\"auto\">Cita espec\u00edfica:\u00a0 Arist\u00f3teles, \u00abGeneraci\u00f3n de los animales\u00bb, Libro III, Cap\u00edtulo 10<\/li>\n<\/ul>\n<p style=\"text-align: center\"><a href=\"https:\/\/elmuseodelasabejas.es\/wp-content\/uploads\/2020\/01\/Autores-clasicos.jpg\"><img loading=\"lazy\" decoding=\"async\" class=\"aligncenter size-large\" src=\"https:\/\/elmuseodelasabejas.es\/wp-content\/uploads\/2020\/01\/Autores-clasicos.jpg\" width=\"1024\" height=\"490\" \/><\/a><\/p>\n<\/div>\n<\/div>\n<\/div>\n<\/div>\n<\/div>\n<\/div>\n<\/div>\n<p>&nbsp;<\/p>\n","protected":false},"excerpt":{"rendered":"<p>MeliferavitaAPICULTORES PROFESIONALES\/ imaxe Fonte: metode \/ EfeVerde \/ Panorama Griego \/ El Museo de las Abejas \/ Arist\u00f3teles, l&#8217;antiguu fil\u00f3sofu griegu, ten\u00eda una visi\u00f3n fascinante sobro les abeyes. \u00c9l cre\u00eda que les abeyes ten\u00eden daqu\u00e9 \u00abdiv\u00edn\u00bb por cuenta del so m\u00e9todu \u00fanicu de reproducci\u00f3n y al orde y proporci\u00f3n qu&#8217;esib\u00eden nel so comportamientu natural. Na [&hellip;]<\/p>\n","protected":false},"author":117,"featured_media":0,"comment_status":"open","ping_status":"open","sticky":false,"template":"","format":"standard","meta":{"footnotes":""},"categories":[25],"tags":[],"class_list":["post-41503","post","type-post","status-publish","format-standard","hentry","category-curiosidaes"],"_links":{"self":[{"href":"https:\/\/edublog.educastur.es\/ixuxu\/wp-json\/wp\/v2\/posts\/41503","targetHints":{"allow":["GET"]}}],"collection":[{"href":"https:\/\/edublog.educastur.es\/ixuxu\/wp-json\/wp\/v2\/posts"}],"about":[{"href":"https:\/\/edublog.educastur.es\/ixuxu\/wp-json\/wp\/v2\/types\/post"}],"author":[{"embeddable":true,"href":"https:\/\/edublog.educastur.es\/ixuxu\/wp-json\/wp\/v2\/users\/117"}],"replies":[{"embeddable":true,"href":"https:\/\/edublog.educastur.es\/ixuxu\/wp-json\/wp\/v2\/comments?post=41503"}],"version-history":[{"count":5,"href":"https:\/\/edublog.educastur.es\/ixuxu\/wp-json\/wp\/v2\/posts\/41503\/revisions"}],"predecessor-version":[{"id":41508,"href":"https:\/\/edublog.educastur.es\/ixuxu\/wp-json\/wp\/v2\/posts\/41503\/revisions\/41508"}],"wp:attachment":[{"href":"https:\/\/edublog.educastur.es\/ixuxu\/wp-json\/wp\/v2\/media?parent=41503"}],"wp:term":[{"taxonomy":"category","embeddable":true,"href":"https:\/\/edublog.educastur.es\/ixuxu\/wp-json\/wp\/v2\/categories?post=41503"},{"taxonomy":"post_tag","embeddable":true,"href":"https:\/\/edublog.educastur.es\/ixuxu\/wp-json\/wp\/v2\/tags?post=41503"}],"curies":[{"name":"wp","href":"https:\/\/api.w.org\/{rel}","templated":true}]}}