{"id":41509,"date":"2025-02-07T12:20:03","date_gmt":"2025-02-07T10:20:03","guid":{"rendered":"https:\/\/edublog.educastur.es\/ixuxu\/?p=41509"},"modified":"2025-02-07T12:54:14","modified_gmt":"2025-02-07T10:54:14","slug":"estacion-de-fontes-diviernu","status":"publish","type":"post","link":"https:\/\/edublog.educastur.es\/ixuxu\/2025\/02\/estacion-de-fontes-diviernu\/","title":{"rendered":"Estaci\u00f3n de Fontes d\u2019Iviernu"},"content":{"rendered":"<div class=\"post-item-single-container\">\n<div class=\"post-content-share post-content-share-bar jssocials\">\n<div class=\"jssocials-shares\">\n<div class=\"jssocials-share jssocials-share-facebook\"><\/div>\n<div class=\"jssocials-share jssocials-share-pinterest\" style=\"text-align: center\"><a href=\"https:\/\/verasturies.com\/wp-content\/uploads\/2025\/02\/nieve.jpg\"><img loading=\"lazy\" decoding=\"async\" class=\"aligncenter \" src=\"https:\/\/verasturies.com\/wp-content\/uploads\/2025\/02\/nieve.jpg\" width=\"643\" height=\"482\" \/><\/a><em>\u00a1Vamos a Fontes d\u2019Iviernu a pasar un d\u00eda a la nieve!\u00a0<\/em><\/div>\n<\/div>\n<\/div>\n<div class=\"post-single-meta\">\n<div class=\"post-meta\">\n<div class=\"post-meta-content\"><span class=\"post-auhor-date post-auhor-date-full\"> <a href=\"https:\/\/verasturies.com\/author\/ast-1260\/\"> <img loading=\"lazy\" decoding=\"async\" class=\"avatar avatar-28 photo post-author-image\" src=\"https:\/\/verasturies.com\/wp-content\/uploads\/2020\/07\/favicon-verasturies-80x80.png\" alt=\"\" width=\"28\" height=\"28\" \/>\u00a0<\/a><\/span> Fonte:<a href=\"https:\/\/verasturies.com\/fontes-diviernu\/?fbclid=IwY2xjawISvNxleHRuA2FlbQIxMQABHZiNKsbj54mD2cAaQFkyT1vaCAhaMyOrKEAw1uySmxXMSQSYycEZcI6cMw_aem_btZyXaW0A9jq404ERnmm9A\"> Ver Asturies<\/a> \/<\/div>\n<\/div>\n<\/div>\n<div class=\"post-content post-single-content\">\n<p>La nieve volvi\u00f3 ti\u00f1ir el paisaxe de blancu, espertando la emoci\u00f3n de ne\u00f1os y adultos por igual. La espera vali\u00f3 la pena, y colla lleguen les rises, los xuegos y los planes na nieve. Nesti casu, va ser na <strong>Estaci\u00f3n Iverniza de Fontes d\u2019Iviernu.<\/strong><\/p>\n<p><!--more--><\/p>\n<p>La nieve torn\u00f3 a los cumes, y colla, la oportunid\u00e1 perfecta para esfrutar de los deportes d&#8217;iviernu. Un dest\u00edn ideal para ello ye la Estaci\u00f3n de Fontes d\u2019Iviernu, un enclave fant\u00e1sticu tantu para quien deseyen empecipiase nel esqu\u00ed y el snowboard como para quien busquen perfeccionar la so t\u00e9cnica.<\/p>\n<p>La so Escuela ufierta clases individuales y cursos en grupu, que pueden acutas3 f\u00e1cilmente al travi\u00e9s del so sitiu web. Una de les coses mas significantes de la estaci\u00f3n ye que ye la que dispon de la pista d&#8217;iniciaci\u00f3n mas llarga del Cordal Cant\u00e1bricu.<\/p>\n<p>La pista denominase <strong>Llana\u2019l Fitu<\/strong> y cuenta con un percorr\u00edu de 2.133 metros, onde los esquiadores menos esperimentaos pueden esfrutar d&#8217;un percorr\u00edu espectacular.<\/p>\n<p>Am\u00e1s, disponen de serviciu d&#8217;arriendu d&#8217;equipamientu y taquilles a cuerpu de pista. \u00bfA qu\u00e9 esperes? Ven y vive una esperiencia \u00fanica nun rinc\u00f3n incomparable del monte asturianu, tantu si quies practicar unu de los tos deportes favoritos como si quies empecipiate nos deportes d&#8217;iviernu.<\/p>\n<p><strong>Direcci\u00f3n:\u00a0<\/strong>Carretera del Puertu de San Isidro, s\/n, Ayer, Asturies<\/p>\n<p><strong>M\u00f3vil y WhatsApp:\u00a0<\/strong>679663358<\/p>\n<p><strong>Web:\u00a0<\/strong><a href=\"http:\/\/www.escuelafuentes.com\/\">www.fuentesdeinvierno.com<\/a><\/p>\n<\/div>\n<\/div>\n<p>&nbsp;<\/p>\n","protected":false},"excerpt":{"rendered":"<p>\u00a1Vamos a Fontes d\u2019Iviernu a pasar un d\u00eda a la nieve!\u00a0 \u00a0 Fonte: Ver Asturies \/ La nieve volvi\u00f3 ti\u00f1ir el paisaxe de blancu, espertando la emoci\u00f3n de ne\u00f1os y adultos por igual. La espera vali\u00f3 la pena, y colla lleguen les rises, los xuegos y los planes na nieve. Nesti casu, va ser na [&hellip;]<\/p>\n","protected":false},"author":117,"featured_media":0,"comment_status":"open","ping_status":"open","sticky":false,"template":"","format":"standard","meta":{"footnotes":""},"categories":[279,46,112],"tags":[],"class_list":["post-41509","post","type-post","status-publish","format-standard","hentry","category-esqui","category-estaciones","category-ver-asturies"],"_links":{"self":[{"href":"https:\/\/edublog.educastur.es\/ixuxu\/wp-json\/wp\/v2\/posts\/41509","targetHints":{"allow":["GET"]}}],"collection":[{"href":"https:\/\/edublog.educastur.es\/ixuxu\/wp-json\/wp\/v2\/posts"}],"about":[{"href":"https:\/\/edublog.educastur.es\/ixuxu\/wp-json\/wp\/v2\/types\/post"}],"author":[{"embeddable":true,"href":"https:\/\/edublog.educastur.es\/ixuxu\/wp-json\/wp\/v2\/users\/117"}],"replies":[{"embeddable":true,"href":"https:\/\/edublog.educastur.es\/ixuxu\/wp-json\/wp\/v2\/comments?post=41509"}],"version-history":[{"count":2,"href":"https:\/\/edublog.educastur.es\/ixuxu\/wp-json\/wp\/v2\/posts\/41509\/revisions"}],"predecessor-version":[{"id":41515,"href":"https:\/\/edublog.educastur.es\/ixuxu\/wp-json\/wp\/v2\/posts\/41509\/revisions\/41515"}],"wp:attachment":[{"href":"https:\/\/edublog.educastur.es\/ixuxu\/wp-json\/wp\/v2\/media?parent=41509"}],"wp:term":[{"taxonomy":"category","embeddable":true,"href":"https:\/\/edublog.educastur.es\/ixuxu\/wp-json\/wp\/v2\/categories?post=41509"},{"taxonomy":"post_tag","embeddable":true,"href":"https:\/\/edublog.educastur.es\/ixuxu\/wp-json\/wp\/v2\/tags?post=41509"}],"curies":[{"name":"wp","href":"https:\/\/api.w.org\/{rel}","templated":true}]}}