{"id":41526,"date":"2025-02-07T14:26:50","date_gmt":"2025-02-07T12:26:50","guid":{"rendered":"https:\/\/edublog.educastur.es\/ixuxu\/?p=41526"},"modified":"2025-02-08T18:46:47","modified_gmt":"2025-02-08T16:46:47","slug":"vero-rubio-y-anabel-santiago-unen-les-sos-voces-en-nuna-manana","status":"publish","type":"post","link":"https:\/\/edublog.educastur.es\/ixuxu\/2025\/02\/vero-rubio-y-anabel-santiago-unen-les-sos-voces-en-nuna-manana\/","title":{"rendered":"Vero Rubio y Anabel Santiago unen les sos voces en \u2018Nuna ma\u00f1ana\u2019"},"content":{"rendered":"<div class=\"elementor-element elementor-element-667e3c7 elementor-widget__width-inherit elementor-widget elementor-widget-theme-post-title elementor-page-title elementor-widget-heading\" data-id=\"667e3c7\" data-element_type=\"widget\" data-widget_type=\"theme-post-title.default\">\n<div class=\"elementor-widget-container\">\n<p style=\"text-align: center\">\n<!-- iframe plugin v.6.0 wordpress.org\/plugins\/iframe\/ -->\n<iframe loading=\"lazy\" width=\"100%\" height=\"358\" src=\"https:\/\/www.youtube.com\/embed\/-xzrbRoHdck\" title=\"Nuna ma\u00f1ana - Vero Rubio &amp;amp; Anabel Santiago\" frameborder=\"0\" allow=\"accelerometer; autoplay; clipboard-write; encrypted-media; gyroscope; picture-in-picture; web-share\" referrerpolicy=\"strict-origin-when-cross-origin\" 0=\"allowfullscreen\" 1=\"\/iframe\" scrolling=\"yes\" class=\"iframe-class\"><\/iframe>\n<\/p>\n<ul>\n<li class=\"elementor-heading-title elementor-size-default\">Fonte: <a href=\"https:\/\/musicasturiana.com\/vero-rubio-y-anabel-santiago-unen-les-sos-voces-en-nuna-manana\/?fbclid=IwY2xjawIS2a5leHRuA2FlbQIxMQABHY8zXJ73VpDpcq3-y51lKvPuKNURmfA3cmoxLdPTPs9xtbEsxWhLSyYF7g_aem_ai5eK6vlJRttYZdXh3CLfg\">M\u00fasicasturiana<\/a> \/<\/li>\n<\/ul>\n<\/div>\n<\/div>\n<div class=\"elementor-element elementor-element-00f4678 elementor-widget__width-inherit elementor-widget elementor-widget-theme-post-excerpt\" data-id=\"00f4678\" data-element_type=\"widget\" data-widget_type=\"theme-post-excerpt.default\">\n<div class=\"elementor-widget-container\">Esti single ye&#8217;l segundu adelantu de<strong> &#8216;Vou&#8217;<\/strong>, l&#8217;\u00e1lbum que sup\u00f3n l&#8217;estrenu discogr\u00e1ficu d&#8217;esta muliinstrumentista canguesa.<\/div>\n<blockquote>\n<div><em><span class=\"x193iq5w xeuugli x13faqbe x1vvkbs x1xmvt09 x1lliihq x1s928wv xhkezso x1gmr53x x1cpjm7i x1fgarty x1943h6x xudqn12 x3x7a5m x1f6kntn xvq8zen xo1l8bm xzsf02u x1yc453h\" dir=\"auto\">Y\u00e1 ta en toles plataformes musicales &#8216;Nuna ma\u00f1ana&#8217;, l&#8217;adelantu nuevu del primer discu de <span class=\"html-span xdj266r x11i5rnm xat24cr x1mh8g0r xexx8yu x4uap5 x18d9i69 xkhd6sd x1hl2dhg x16tdsg8 x1vvkbs\"><a class=\"x1i10hfl xjbqb8w x1ejq31n xd10rxx x1sy0etr x17r0tee x972fbf xcfux6l x1qhh985 xm0m39n x9f619 x1ypdohk xt0psk2 xe8uvvx xdj266r x11i5rnm xat24cr x1mh8g0r xexx8yu x4uap5 x18d9i69 xkhd6sd x16tdsg8 x1hl2dhg xggy1nq x1a2a7pz x1sur9pj xkrqix3 x1fey0fg x1s688f\" role=\"link\" href=\"https:\/\/www.facebook.com\/rrubiovero?__cft__[0]=AZUzcnu3Aux6q7ZUKVslDeJvgXFFppv3rmm4iUR1MHWPxTxboRptSiI5GPDWABNyY5OjYFwWnZfgu5nUWzzR1gborI5Hbp0DCgWSvMYDdKS2JGnSW30yYxMFXhuf3IpLbUK67aEPJZhW43-tJAsN4jjuQZjzZgZKAIsNwYy8xhtGJq8gf2AFDiJtHWxsiMz9DM8ksz0SKsuQq8zAuL0ZkJ1JAUsfpLf4CPntYzmqT1T8w6QrmOq1uixv29uLSqhkYes&amp;__tn__=-]K-y-R\"><span class=\"xt0psk2\"><span class=\"xjp7ctv\"><span aria-describedby=\":rjn:\">Vero Rubio<\/span><\/span><\/span><\/a><\/span> <span class=\"html-span xexx8yu x4uap5 x18d9i69 xkhd6sd x1hl2dhg x16tdsg8 x1vvkbs x3nfvp2 x1j61x8r x1fcty0u xdj266r xat24cr xgzva0m xhhsvwb xxymvpz xlup9mm x1kky2od\"><img loading=\"lazy\" decoding=\"async\" class=\"xz74otr\" src=\"https:\/\/static.xx.fbcdn.net\/images\/emoji.php\/v9\/t1f\/1\/16\/1f3b6.png\" alt=\"\ud83c\udfb6\" width=\"16\" height=\"16\" \/><\/span> Nesti emotivu y sele cantar une la so voz a la de <span class=\"html-span xdj266r x11i5rnm xat24cr x1mh8g0r xexx8yu x4uap5 x18d9i69 xkhd6sd x1hl2dhg x16tdsg8 x1vvkbs\"><a class=\"x1i10hfl xjbqb8w x1ejq31n xd10rxx x1sy0etr x17r0tee x972fbf xcfux6l x1qhh985 xm0m39n x9f619 x1ypdohk xt0psk2 xe8uvvx xdj266r x11i5rnm xat24cr x1mh8g0r xexx8yu x4uap5 x18d9i69 xkhd6sd x16tdsg8 x1hl2dhg xggy1nq x1a2a7pz x1sur9pj xkrqix3 x1fey0fg x1s688f\" role=\"link\" href=\"https:\/\/www.facebook.com\/anabelsantiagooficial?__cft__[0]=AZUzcnu3Aux6q7ZUKVslDeJvgXFFppv3rmm4iUR1MHWPxTxboRptSiI5GPDWABNyY5OjYFwWnZfgu5nUWzzR1gborI5Hbp0DCgWSvMYDdKS2JGnSW30yYxMFXhuf3IpLbUK67aEPJZhW43-tJAsN4jjuQZjzZgZKAIsNwYy8xhtGJq8gf2AFDiJtHWxsiMz9DM8ksz0SKsuQq8zAuL0ZkJ1JAUsfpLf4CPntYzmqT1T8w6QrmOq1uixv29uLSqhkYes&amp;__tn__=-]K-y-R\"><span class=\"xt0psk2\"><span class=\"xjp7ctv\"><span aria-describedby=\":rjo:\">Anabel Santiago<\/span><\/span><\/span><\/a><\/span>.<\/span><\/em><\/div>\n<\/blockquote>\n<\/div>\n<p><!--more--><\/p>\n<div style=\"text-align: center\">\n<p><a href=\"https:\/\/musicasturiana.com\/wp-content\/uploads\/2025\/02\/vero-rubio-y-anabel-santiago.jpg\"><img loading=\"lazy\" decoding=\"async\" class=\"aligncenter \" src=\"https:\/\/musicasturiana.com\/wp-content\/uploads\/2025\/02\/vero-rubio-y-anabel-santiago.jpg\" width=\"564\" height=\"282\" \/><\/a>Y\u00e1 ta en <a href=\"https:\/\/youtu.be\/-xzrbRoHdck?si=vCiqMDbcyNGW9qu1\" target=\"_blank\" rel=\"noreferrer noopener\">YouTube<\/a> y en toles <a href=\"https:\/\/open.spotify.com\/intl-es\/track\/2hy9JRW7LgYpcT4uDNTVcf?si=ced87823a90f4db5\" target=\"_blank\" rel=\"noreferrer noopener\">plataformes musicales<\/a> \u2018<strong>Nuna ma\u00f1ana<\/strong>\u2018, el segundu adelantu del trabayu <em>debut <\/em>de Vero Rubio. Nesti cenciellu la multiinstrumentista canguesa une la so voz a la d\u2019<strong>Anabel Santiago<\/strong> nun cantar sele enllenu de sentimientu que reflexa <strong>\u00abcousas de las que cuesta falar n\u2019alto, cousas que nun se dicen, que nun gusta recordar\u00bb<\/strong>, como apunta Rubio. La canci\u00f3n ve la lluz a falta de cinco d\u00edes pa que remate la campa\u00f1a de <a href=\"https:\/\/www.verkami.com\/projects\/39853-vero-rubio-vou\" target=\"_blank\" rel=\"noreferrer noopener\">crowdfunding en Verkami<\/a> cola que l\u2019artista quier editar el llibru y discu <strong><em>Vou<\/em><\/strong>.<\/p>\n<p>\u00abElisa ten\u00eda dolores que diban ya ven\u00edan, nun se mov\u00eda bien, cansaba a pouco que diera dous pasos ya sent\u00edase sola, pero non por tar sola, sen\u00f3n porque y\u00e1 nun taba ah\u00ed la \u00fanica persona qu\u2019e\u1e37\u1e37a quer\u00eda que tuviera, \u1e36\u1e37uis\u00bb. Con estes pallabres desplica Vero Rubio l\u2019orixe d\u2019esti cantar sotitul\u00e1u <strong>\u00abA\u00f1ada pa despedise, pa Elisa\u00bb<\/strong>. Musicalmente destaca\u2019l<strong> xuegu de cuerdes<\/strong> y el so amiestu a la<strong> harmon\u00eda del pianu<\/strong> colo que \u00abdan-\u1e37\u1e37y fuerza a too, cumo quien principia a cuntar dalgo ya de primeras nun-\u1e37\u1e37y sal la voz, pero acaba pudiendo berralo, glayalo al mundu dende las tripas\u00bb.<\/p>\n<p>Nesta ocasi\u00f3n, Rubio ta acompa\u00f1ada por Anabel Santiago y asina fala del result\u00e1u: \u00abLas d\u00faas voces que cantan la \u1e37\u1e37etra sep\u00e1ranse faciendo harmon\u00edas que nun resuelven ya, <strong>manteniendo esi malestar en cada pallabra<\/strong>, pouco a pouco van \u1e37\u1e37enando too de m\u00e1s murnia, de m\u00e1s priesa\u00bb. <strong>La collaboraci\u00f3n surdi\u00f3 d\u2019una collaboraci\u00f3n televisiva <\/strong>que fixeran interpretando les dos \u2018El Romance de la Prisionera\u2019. \u00abEl.la cantaba arriba ya you fixe pa mi una voz por embaxu.<strong> Qued\u00e9me na cabeza cola sensaci\u00f3n de cantar con el.la, de c\u00f3mo se fund\u00edan las voces ya las posibilidades que eso daba\u00bb<\/strong>, comenta la m\u00fasica canguesa d\u2019un cantar \u00abque y\u00e1 naci\u00f3 pensando na voz d\u2019Anabel\u00bb.<\/p>\n<p><strong>Crowdfunding<\/strong><br \/>\nEsti adelantu amuesa daqu\u00e9 de lo que va ser <strong><em>Vou<\/em><\/strong>, el primer \u00e1lbum de <strong>Vero Rubio<\/strong>. N\u00e9l van dir de la mano <strong>m\u00fasica, palabra y imaxe<\/strong>. Como desplica la multiinstrumentista \u00abcada pieza del proyectu, instrumental o vocal, tien un poema\/lletra y un videu que la acompa\u00f1a, como tres caminos que lleven al mesmu dest\u00edn\u00bb. El trabayu va editase en<strong> dos formatos<\/strong>, un CD y un llibru, que contienen ca\u00fan unes caracter\u00edstiques concretes. Pa sacar alantre esti ambiciosu proyectu l\u2019artista canguesa pidi <strong>3.000 euros <\/strong>nun <a href=\"https:\/\/www.verkami.com\/projects\/39853-vero-rubio-vou\" target=\"_blank\" rel=\"noreferrer noopener\">crowdfunding en Verkami<\/a> que<strong> remata\u2019l 12 de febreru<\/strong>.<\/p>\n\n<!-- iframe plugin v.6.0 wordpress.org\/plugins\/iframe\/ -->\n<iframe style=\"border-radius:12px\" src=\"https:\/\/open.spotify.com\/embed\/artist\/5TXEiIzZQjY1VR9K576FG4?utm_source=generator\" width=\"100%\" height=\"352\" frameborder=\"0\" allowfullscreen allow=\"autoplay; clipboard-write; encrypted-media; fullscreen; picture-in-picture\" loading=\"lazy\" 0=\"\/iframe\" scrolling=\"yes\" class=\"iframe-class\"><\/iframe>\n\n<div class=\"xdj266r x11i5rnm xat24cr x1mh8g0r x1vvkbs x126k92a\">\n<div dir=\"auto\">\u201cNuna ma\u00f1ana\u201d arranca andar\u2026 \u00a1l.lega l.lonxe m\u00eda nena!<\/div>\n<\/div>\n<div class=\"x11i5rnm xat24cr x1mh8g0r x1vvkbs xtlvy1s x126k92a\">\n<div dir=\"auto\"><span class=\"html-span xdj266r x11i5rnm xat24cr x1mh8g0r xexx8yu x4uap5 x18d9i69 xkhd6sd x1hl2dhg x16tdsg8 x1vvkbs\"><a class=\"x1i10hfl xjbqb8w x1ejq31n xd10rxx x1sy0etr x17r0tee x972fbf xcfux6l x1qhh985 xm0m39n x9f619 x1ypdohk xt0psk2 xe8uvvx xdj266r x11i5rnm xat24cr x1mh8g0r xexx8yu x4uap5 x18d9i69 xkhd6sd x16tdsg8 x1hl2dhg xggy1nq x1a2a7pz x1sur9pj xkrqix3 x1fey0fg x1s688f\" role=\"link\" href=\"https:\/\/www.facebook.com\/anabel.santiago.904108?__cft__[0]=AZUCnA35hRHtabOZJreCUQmuenWWeCHXQTPxscmu7g56NVKUevPIwDSsDhXmXGOdy1IM8-WbzDPisfVjOl-ojMKnBVr_cz0vOBggV4A-B4_LvB9zQYFcimapYrNdUDkjirKjS3q1BInFqFsJiZRk07mjGahQbxZsOBNXEdYiUfx79BaRyhDgn1bRAYmDdKK2fU1XtDK0HTT5IIPZv-_BXhT7&amp;__tn__=-]K-y-R\"><span class=\"xt0psk2\"><span class=\"xjp7ctv\"><span aria-describedby=\":r203:\">Anabel Santiago<\/span><\/span><\/span><\/a><\/span> : voz principal<\/div>\n<div dir=\"auto\"><span class=\"html-span xdj266r x11i5rnm xat24cr x1mh8g0r xexx8yu x4uap5 x18d9i69 xkhd6sd x1hl2dhg x16tdsg8 x1vvkbs\"><a class=\"x1i10hfl xjbqb8w x1ejq31n xd10rxx x1sy0etr x17r0tee x972fbf xcfux6l x1qhh985 xm0m39n x9f619 x1ypdohk xt0psk2 xe8uvvx xdj266r x11i5rnm xat24cr x1mh8g0r xexx8yu x4uap5 x18d9i69 xkhd6sd x16tdsg8 x1hl2dhg xggy1nq x1a2a7pz x1sur9pj xkrqix3 x1fey0fg x1s688f\" role=\"link\" href=\"https:\/\/www.facebook.com\/rrubiovero?__cft__[0]=AZUCnA35hRHtabOZJreCUQmuenWWeCHXQTPxscmu7g56NVKUevPIwDSsDhXmXGOdy1IM8-WbzDPisfVjOl-ojMKnBVr_cz0vOBggV4A-B4_LvB9zQYFcimapYrNdUDkjirKjS3q1BInFqFsJiZRk07mjGahQbxZsOBNXEdYiUfx79BaRyhDgn1bRAYmDdKK2fU1XtDK0HTT5IIPZv-_BXhT7&amp;__tn__=-]K-y-R\"><span class=\"xt0psk2\"><span class=\"xjp7ctv\"><span aria-describedby=\":r25n:\">Vero Rubio<\/span><\/span><\/span><\/a><\/span> : segunda voz ya pianu<\/div>\n<div dir=\"auto\"><span class=\"html-span xdj266r x11i5rnm xat24cr x1mh8g0r xexx8yu x4uap5 x18d9i69 xkhd6sd x1hl2dhg x16tdsg8 x1vvkbs\"><a class=\"x1i10hfl xjbqb8w x1ejq31n xd10rxx x1sy0etr x17r0tee x972fbf xcfux6l x1qhh985 xm0m39n x9f619 x1ypdohk xt0psk2 xe8uvvx xdj266r x11i5rnm xat24cr x1mh8g0r xexx8yu x4uap5 x18d9i69 xkhd6sd x16tdsg8 x1hl2dhg xggy1nq x1a2a7pz x1sur9pj xkrqix3 x1fey0fg x1s688f\" role=\"link\" href=\"https:\/\/www.facebook.com\/juanjo.marquesouviano?__cft__[0]=AZUCnA35hRHtabOZJreCUQmuenWWeCHXQTPxscmu7g56NVKUevPIwDSsDhXmXGOdy1IM8-WbzDPisfVjOl-ojMKnBVr_cz0vOBggV4A-B4_LvB9zQYFcimapYrNdUDkjirKjS3q1BInFqFsJiZRk07mjGahQbxZsOBNXEdYiUfx79BaRyhDgn1bRAYmDdKK2fU1XtDK0HTT5IIPZv-_BXhT7&amp;__tn__=-]K-y-R\"><span class=\"xt0psk2\"><span class=\"xjp7ctv\"><span aria-describedby=\":r25o:\">Juanjo Marqu\u00e9s<\/span><\/span><\/span><\/a><\/span> : viol\u00edn<\/div>\n<div dir=\"auto\"><span class=\"html-span xdj266r x11i5rnm xat24cr x1mh8g0r xexx8yu x4uap5 x18d9i69 xkhd6sd x1hl2dhg x16tdsg8 x1vvkbs\"><a class=\"x1i10hfl xjbqb8w x1ejq31n xd10rxx x1sy0etr x17r0tee x972fbf xcfux6l x1qhh985 xm0m39n x9f619 x1ypdohk xt0psk2 xe8uvvx xdj266r x11i5rnm xat24cr x1mh8g0r xexx8yu x4uap5 x18d9i69 xkhd6sd x16tdsg8 x1hl2dhg xggy1nq x1a2a7pz x1sur9pj xkrqix3 x1fey0fg x1s688f\" role=\"link\" href=\"https:\/\/www.facebook.com\/cristina.gestido?__cft__[0]=AZUCnA35hRHtabOZJreCUQmuenWWeCHXQTPxscmu7g56NVKUevPIwDSsDhXmXGOdy1IM8-WbzDPisfVjOl-ojMKnBVr_cz0vOBggV4A-B4_LvB9zQYFcimapYrNdUDkjirKjS3q1BInFqFsJiZRk07mjGahQbxZsOBNXEdYiUfx79BaRyhDgn1bRAYmDdKK2fU1XtDK0HTT5IIPZv-_BXhT7&amp;__tn__=-]K-y-R\"><span class=\"xt0psk2\"><span class=\"xjp7ctv\"><span aria-describedby=\":r25p:\">Cristina Gestido<\/span><\/span><\/span><\/a><\/span> : viola ya viol\u00edn<\/div>\n<div dir=\"auto\">Paula Men\u00e9ndez : violonchelu<\/div>\n<div dir=\"auto\"><span class=\"html-span xdj266r x11i5rnm xat24cr x1mh8g0r xexx8yu x4uap5 x18d9i69 xkhd6sd x1hl2dhg x16tdsg8 x1vvkbs\"><a class=\"x1i10hfl xjbqb8w x1ejq31n xd10rxx x1sy0etr x17r0tee x972fbf xcfux6l x1qhh985 xm0m39n x9f619 x1ypdohk xt0psk2 xe8uvvx xdj266r x11i5rnm xat24cr x1mh8g0r xexx8yu x4uap5 x18d9i69 xkhd6sd x16tdsg8 x1hl2dhg xggy1nq x1a2a7pz x1sur9pj xkrqix3 x1fey0fg x1s688f\" role=\"link\" href=\"https:\/\/www.facebook.com\/andydasilva1313?__cft__[0]=AZUCnA35hRHtabOZJreCUQmuenWWeCHXQTPxscmu7g56NVKUevPIwDSsDhXmXGOdy1IM8-WbzDPisfVjOl-ojMKnBVr_cz0vOBggV4A-B4_LvB9zQYFcimapYrNdUDkjirKjS3q1BInFqFsJiZRk07mjGahQbxZsOBNXEdYiUfx79BaRyhDgn1bRAYmDdKK2fU1XtDK0HTT5IIPZv-_BXhT7&amp;__tn__=-]K-y-R\"><span class=\"xt0psk2\"><span class=\"xjp7ctv\"><span aria-describedby=\":r25q:\">Andy da Silva<\/span><\/span><\/span><\/a><\/span> : son\u00edu<\/div>\n<\/div>\n<div class=\"x11i5rnm xat24cr x1mh8g0r x1vvkbs xtlvy1s x126k92a\">\n<div dir=\"auto\">Vero Rubio: l.letra, m\u00fasica ya ama\u00f1o.<\/div>\n<div dir=\"auto\">Arturo Santiago ya Vero Rubio: v\u00eddeu<\/div>\n<\/div>\n<div class=\"wp-block-spacer\" aria-hidden=\"true\"><\/div>\n<figure class=\"wp-block-embed is-type-video is-provider-youtube wp-block-embed-youtube wp-embed-aspect-16-9 wp-has-aspect-ratio\">\n<div class=\"wp-block-embed__wrapper\"><\/div>\n<\/figure>\n<figure class=\"wp-block-embed is-type-rich is-provider-spotify wp-block-embed-spotify\">\n<div class=\"wp-block-embed__wrapper\"><\/div>\n<\/figure>\n<\/div>\n","protected":false},"excerpt":{"rendered":"<p>Fonte: M\u00fasicasturiana \/ Esti single ye&#8217;l segundu adelantu de &#8216;Vou&#8217;, l&#8217;\u00e1lbum que sup\u00f3n l&#8217;estrenu discogr\u00e1ficu d&#8217;esta muliinstrumentista canguesa. Y\u00e1 ta en toles plataformes musicales &#8216;Nuna ma\u00f1ana&#8217;, l&#8217;adelantu nuevu del primer discu de Vero Rubio Nesti emotivu y sele cantar une la so voz a la de Anabel Santiago.<\/p>\n","protected":false},"author":117,"featured_media":0,"comment_status":"open","ping_status":"open","sticky":false,"template":"","format":"standard","meta":{"footnotes":""},"categories":[35,125],"tags":[],"class_list":["post-41526","post","type-post","status-publish","format-standard","hentry","category-musica","category-musicasturiana-com"],"_links":{"self":[{"href":"https:\/\/edublog.educastur.es\/ixuxu\/wp-json\/wp\/v2\/posts\/41526","targetHints":{"allow":["GET"]}}],"collection":[{"href":"https:\/\/edublog.educastur.es\/ixuxu\/wp-json\/wp\/v2\/posts"}],"about":[{"href":"https:\/\/edublog.educastur.es\/ixuxu\/wp-json\/wp\/v2\/types\/post"}],"author":[{"embeddable":true,"href":"https:\/\/edublog.educastur.es\/ixuxu\/wp-json\/wp\/v2\/users\/117"}],"replies":[{"embeddable":true,"href":"https:\/\/edublog.educastur.es\/ixuxu\/wp-json\/wp\/v2\/comments?post=41526"}],"version-history":[{"count":8,"href":"https:\/\/edublog.educastur.es\/ixuxu\/wp-json\/wp\/v2\/posts\/41526\/revisions"}],"predecessor-version":[{"id":41613,"href":"https:\/\/edublog.educastur.es\/ixuxu\/wp-json\/wp\/v2\/posts\/41526\/revisions\/41613"}],"wp:attachment":[{"href":"https:\/\/edublog.educastur.es\/ixuxu\/wp-json\/wp\/v2\/media?parent=41526"}],"wp:term":[{"taxonomy":"category","embeddable":true,"href":"https:\/\/edublog.educastur.es\/ixuxu\/wp-json\/wp\/v2\/categories?post=41526"},{"taxonomy":"post_tag","embeddable":true,"href":"https:\/\/edublog.educastur.es\/ixuxu\/wp-json\/wp\/v2\/tags?post=41526"}],"curies":[{"name":"wp","href":"https:\/\/api.w.org\/{rel}","templated":true}]}}