{"id":41553,"date":"2025-02-08T15:20:20","date_gmt":"2025-02-08T13:20:20","guid":{"rendered":"https:\/\/edublog.educastur.es\/ixuxu\/?p=41553"},"modified":"2025-02-08T18:06:43","modified_gmt":"2025-02-08T16:06:43","slug":"dia-internacional-de-la-llingua-materna-llingues-para-la-sostenibilida","status":"publish","type":"post","link":"https:\/\/edublog.educastur.es\/ixuxu\/2025\/02\/dia-internacional-de-la-llingua-materna-llingues-para-la-sostenibilida\/","title":{"rendered":"D\u00eda Internacional de la Llingua Materna: Lling\u00fces para la Sostenibilid\u00e1"},"content":{"rendered":"<div class=\"html-div xdj266r xexx8yu x4uap5 x18d9i69 xkhd6sd x1n2onr6 x1mh8g0r x11i5rnm xod5an3\">\n<div class=\"html-div xdj266r x11i5rnm xat24cr x1mh8g0r xexx8yu x4uap5 x18d9i69 xkhd6sd x6ikm8r x10wlt62\" style=\"text-align: center\"><a href=\"https:\/\/caagenda2030.uniovi.es\/data\/ficheros\/N000001\/2025\/02\/JornadaLenguasGonzaloBANNER.png\"><img loading=\"lazy\" decoding=\"async\" class=\"aligncenter size-large\" src=\"https:\/\/caagenda2030.uniovi.es\/data\/ficheros\/N000001\/2025\/02\/JornadaLenguasGonzaloBANNER.png\" width=\"750\" height=\"500\" \/><\/a><\/div>\n<\/div>\n<div class=\"xu06os2 x1ok221b\">\n<div class=\"html-div xdj266r x11i5rnm xat24cr x1mh8g0r xexx8yu x4uap5 x18d9i69 xkhd6sd\" data-ad-rendering-role=\"profile_name\">\n<ul>\n<li class=\"html-h3 x11i5rnm xat24cr x1mh8g0r xexx8yu x4uap5 x18d9i69 xkhd6sd x1vvkbs x1heor9g x1qlqyl8 x1pd3egz x1a2a7pz x1gslohp x1yc453h\"><span class=\"x1lliihq x6ikm8r x10wlt62 x1n2onr6\"><span class=\"xt0psk2\"><span class=\"xjp7ctv\"><a class=\"x1i10hfl xjbqb8w x1ejq31n xd10rxx x1sy0etr x17r0tee x972fbf xcfux6l x1qhh985 xm0m39n x9f619 x1ypdohk xt0psk2 xe8uvvx xdj266r x11i5rnm xat24cr x1mh8g0r xexx8yu x4uap5 x18d9i69 xkhd6sd x16tdsg8 x1hl2dhg xggy1nq x1a2a7pz x1sur9pj xkrqix3 xzsf02u x1s688f\" role=\"link\" href=\"https:\/\/www.facebook.com\/UniversidadOviedo?__cft__[0]=AZXEDLb7ZV8Q07hMMwPhJ0z_mBIBcZc-heVaioDDi_hH1dsZQha228QFPCRUhj74Fryfx1x4dTnGSeAFV8o09h2rTHli-y_8Jf2Ho0cGkxzJHFJg1-b1rzblUY-r7FWX3Pt-u17cJK_lqh2pt0PBdiKnUvkac3Xo0s6Wi1fqXmC2_0UlVVbtlO878VfLtabW13SKQgLqbYO41rZTTQN5BK-zRiRrtbUtgfL_7goSAKglJg&amp;__tn__=-UC%2CP-y-R\" aria-describedby=\":r23u:\"><strong class=\"html-strong xdj266r x11i5rnm xat24cr x1mh8g0r xexx8yu x4uap5 x18d9i69 xkhd6sd x1hl2dhg x16tdsg8 x1vvkbs x1s688f\"><span class=\"html-span xdj266r x11i5rnm xat24cr x1mh8g0r xexx8yu x4uap5 x18d9i69 xkhd6sd x1hl2dhg x16tdsg8 x1vvkbs\">Universid\u00e1 d&#8217;Uvi\u00e9u &#8211; UniOvi<\/span><\/strong><\/a><\/span><\/span><\/span><span class=\"html-span xdj266r x11i5rnm xat24cr x1mh8g0r xexx8yu x4uap5 x18d9i69 xkhd6sd x1hl2dhg x16tdsg8 x1vvkbs\"><span class=\"html-span xdj266r x11i5rnm xat24cr x1mh8g0r xexx8yu x4uap5 x18d9i69 xkhd6sd x1hl2dhg x16tdsg8 x1vvkbs x4k7w5x x1h91t0o x1h9r5lt x1jfb8zj xv2umb2 x1beo9mf xaigb6o x12ejxvf x3igimt xarpa2k xedcshv x1lytzrv x1t2pt76 x7ja8zs x1qrby5j\">\/ <a href=\"https:\/\/caagenda2030.uniovi.es\/data\/ficheros\/N000001\/2025\/02\/JornadaLenguasGonzaloBANNER.png\">cartelu<\/a><\/span><\/span><\/li>\n<\/ul>\n<\/div>\n<\/div>\n<div class=\"html-div xdj266r x11i5rnm xat24cr x1mh8g0r xexx8yu x4uap5 x18d9i69 xkhd6sd\" dir=\"auto\">\n<div class=\"html-div xdj266r x11i5rnm xat24cr x1mh8g0r xexx8yu x4uap5 x18d9i69 xkhd6sd\" dir=\"auto\">\n<div class=\"html-div xdj266r x11i5rnm xat24cr x1mh8g0r xexx8yu x4uap5 x18d9i69 xkhd6sd\" data-ad-rendering-role=\"story_message\">\n<div class=\"x1l90r2v x1iorvi4 x1ye3gou xn6708d\" data-ad-comet-preview=\"message\" data-ad-preview=\"message\">\n<div class=\"x78zum5 xdt5ytf xz62fqu x16ldp7u\">\n<div class=\"xu06os2 x1ok221b\">\n<div class=\"xdj266r x11i5rnm xat24cr x1mh8g0r x1vvkbs x126k92a\">\n<ul>\n<li dir=\"auto\">\u00a0Mi\u00e9rcoles, 12 de febreru, a les 18:00 h<\/li>\n<li dir=\"auto\">Aula Magna del Edificiu Hist\u00f3ricu<\/li>\n<li dir=\"auto\"><span class=\"html-span xdj266r x11i5rnm xat24cr x1mh8g0r xexx8yu x4uap5 x18d9i69 xkhd6sd x1hl2dhg x16tdsg8 x1vvkbs\"><a class=\"x1i10hfl xjbqb8w x1ejq31n xd10rxx x1sy0etr x17r0tee x972fbf xcfux6l x1qhh985 xm0m39n x9f619 x1ypdohk xt0psk2 xe8uvvx xdj266r x11i5rnm xat24cr x1mh8g0r xexx8yu x4uap5 x18d9i69 xkhd6sd x16tdsg8 x1hl2dhg xggy1nq x1a2a7pz x1sur9pj xkrqix3 x1fey0fg x1s688f\" role=\"link\" href=\"https:\/\/caagenda2030.uniovi.es\/97-jornada-sobre-lenguas-para-el-desarrollo-sostenible-12-de-febrero-es?fbclid=IwZXh0bgNhZW0CMTAAAR2y6b5BOzyZgKEkLUxlryimS6FRubTzyGjlkaT81tDsdZYSPx3DNfNw3pM_aem_kNGF_IK8nT_Mwqbm4qIAiA\" target=\"_blank\" rel=\"nofollow noopener noreferrer\">https:\/\/caagenda2030.uniovi.es\/97-jornada-sobre-lenguas&#8230;<\/a><\/span><\/li>\n<\/ul>\n<p><!--more--><\/p>\n<div dir=\"auto\">\n<p>El pr\u00f3ximu 12 de febreru a partir de les 18.00 h na Aula Magna del Edificiu Hist\u00f3ricu de la Universid\u00e1 d&#8217;Uvi\u00e9u va tener llugar la xornada titulada <span style=\"color: #008080\"><strong>Lling\u00fces para&#8217;l desenvolvimientu sostenible<\/strong><\/span>. La presentaci\u00f3n va correr al cargu de Juan Gonz\u00e1lez Ponte, director xeneral d&#8217;Axenda 2030 del Princip\u00e1u; Marcelino Fern\u00e1ndez-Raigoso, deleg\u00e1u del rector para la Coordinaci\u00f3n y Relaciones Institucionales de la Universid\u00e1 d&#8217;Uvi\u00e9u y Mar\u00eda Rosario Alonso Ib\u00e1\u00f1ez, catedr\u00e1tica de Derechu Alministrativu y directora de la C\u00e1tedra Concepci\u00f3n Arenal d&#8217;Axenda 2030.<\/p>\n<p>De sigu\u00edo va presentase el documental <span style=\"color: #008080\"><strong>Llinguaxe, activismu y ciudadan\u00eda<\/strong><\/span>, con Virginia Unamuno directora del Centru d&#8217;Estudios del Llinguaxe y Socied\u00e1 de la Universid\u00e1 Nacional General San Mart\u00edn, Arxentina (CELES) y Esther Sainz de Lobado, profesora d&#8217;Interpretaci\u00f3n de la Universid\u00e1 Aut\u00f3noma de Madrid.<\/p>\n<p>D&#8217;\u00faltimes va tener llugar una mesa redonda titulada<em><span style=\"color: #008080\"><strong> La importancia de la diversid\u00e1 lling\u00fc\u00edstica para&#8217;l desenvolvimientu sostenible.<\/strong><\/span><\/em><\/p>\n<\/div>\n<\/div>\n<\/div>\n<\/div>\n<\/div>\n<\/div>\n<\/div>\n<\/div>\n<p>&nbsp;<\/p>\n","protected":false},"excerpt":{"rendered":"<p>Universid\u00e1 d&#8217;Uvi\u00e9u &#8211; UniOvi\/ cartelu \u00a0Mi\u00e9rcoles, 12 de febreru, a les 18:00 h Aula Magna del Edificiu Hist\u00f3ricu https:\/\/caagenda2030.uniovi.es\/97-jornada-sobre-lenguas&#8230;<\/p>\n","protected":false},"author":117,"featured_media":0,"comment_status":"open","ping_status":"open","sticky":false,"template":"","format":"standard","meta":{"footnotes":""},"categories":[6],"tags":[],"class_list":["post-41553","post","type-post","status-publish","format-standard","hentry","category-dia-de"],"_links":{"self":[{"href":"https:\/\/edublog.educastur.es\/ixuxu\/wp-json\/wp\/v2\/posts\/41553","targetHints":{"allow":["GET"]}}],"collection":[{"href":"https:\/\/edublog.educastur.es\/ixuxu\/wp-json\/wp\/v2\/posts"}],"about":[{"href":"https:\/\/edublog.educastur.es\/ixuxu\/wp-json\/wp\/v2\/types\/post"}],"author":[{"embeddable":true,"href":"https:\/\/edublog.educastur.es\/ixuxu\/wp-json\/wp\/v2\/users\/117"}],"replies":[{"embeddable":true,"href":"https:\/\/edublog.educastur.es\/ixuxu\/wp-json\/wp\/v2\/comments?post=41553"}],"version-history":[{"count":1,"href":"https:\/\/edublog.educastur.es\/ixuxu\/wp-json\/wp\/v2\/posts\/41553\/revisions"}],"predecessor-version":[{"id":41554,"href":"https:\/\/edublog.educastur.es\/ixuxu\/wp-json\/wp\/v2\/posts\/41553\/revisions\/41554"}],"wp:attachment":[{"href":"https:\/\/edublog.educastur.es\/ixuxu\/wp-json\/wp\/v2\/media?parent=41553"}],"wp:term":[{"taxonomy":"category","embeddable":true,"href":"https:\/\/edublog.educastur.es\/ixuxu\/wp-json\/wp\/v2\/categories?post=41553"},{"taxonomy":"post_tag","embeddable":true,"href":"https:\/\/edublog.educastur.es\/ixuxu\/wp-json\/wp\/v2\/tags?post=41553"}],"curies":[{"name":"wp","href":"https:\/\/api.w.org\/{rel}","templated":true}]}}