{"id":41614,"date":"2025-02-03T18:50:51","date_gmt":"2025-02-03T16:50:51","guid":{"rendered":"https:\/\/edublog.educastur.es\/ixuxu\/?p=41614"},"modified":"2025-02-08T18:52:09","modified_gmt":"2025-02-08T16:52:09","slug":"iii-concursu-de-rellatu-breve","status":"publish","type":"post","link":"https:\/\/edublog.educastur.es\/ixuxu\/2025\/02\/iii-concursu-de-rellatu-breve\/","title":{"rendered":"III Concursu de Rellatu Breve"},"content":{"rendered":"<div class=\"td-pb-row\">\n<div class=\"td-pb-span12\">\n<div class=\"td-post-header\">\n<header class=\"td-post-title\">\n<h1 style=\"text-align: center\"><a href=\"https:\/\/encrypted-tbn0.gstatic.com\/images?q=tbn:ANd9GcRrXqgtClsv4drh0yRAOqwaABVLbljkHuuWTg&amp;s\"><img loading=\"lazy\" decoding=\"async\" class=\"aligncenter size-large\" src=\"https:\/\/encrypted-tbn0.gstatic.com\/images?q=tbn:ANd9GcRrXqgtClsv4drh0yRAOqwaABVLbljkHuuWTg&amp;s\" width=\"201\" height=\"251\" \/><\/a><span style=\"color: #008080\"><em><span style=\"font-size: 24px\">La Comisi\u00f3n de Fiestes de Collera <\/span><\/em><\/span><br \/>\n<span style=\"color: #008080\"><em><span style=\"font-size: 24px\">convoca\u2019l III Concursu de Rellatu Breve<\/span><\/em><\/span><\/h1>\n<div class=\"td-module-meta-info\">\n<div class=\"td-post-author-name\">\n<ul>\n<li class=\"td-author-by\"><a href=\"https:\/\/www.formientu.com\/wp-content\/uploads\/2025\/02\/475455192_598734639586572_8776872025399640132_n-1068x1335.jpg\">Cartelu<\/a> \/ Fonte:<a href=\"https:\/\/www.formientu.com\/author\/formientu\/\">Formientu<\/a><\/li>\n<\/ul>\n<\/div>\n<\/div>\n<\/header>\n<div class=\"td-post-sharing-top\">\n<div id=\"td_social_sharing_article_top\" class=\"td-post-sharing td-ps-bg td-ps-notext td-post-sharing-style1 \">\n<div class=\"td-post-sharing-visible\">\n<div class=\"td-social-but-icon\"><\/div>\n<\/div>\n<\/div>\n<\/div>\n<\/div>\n<\/div>\n<\/div>\n<div class=\"td-pb-row\">\n<div class=\"td-pb-span8 td-main-content\" role=\"main\">\n<div class=\"td-ss-main-content\">\n<div class=\"clearfix\" style=\"text-align: left\">La Comisi\u00f3n de Fiestes de Collera, nel conceyu de Ribeseya, ta acabante de llanzar la anuncia de la tercer edici\u00f3n del Concursu de Rellatu Breve. A \u00e9l pueden presentase obres n\u2019asturianu y tami\u00e9n almite obres en castell\u00e1n y el so plazu d\u2019entrega ye hasta\u2019l d\u00eda 15 de marzu.<\/div>\n<div class=\"td-post-content tagdiv-type\">\n<p><!--more--><\/p>\n<p>Estes son les bases completes del certame:<\/p>\n<p><strong>1. Participaci\u00f3n nel concursu<\/strong><\/p>\n<p>La participaci\u00f3n nesti concursu ta abierta a toles persones a partir de los 7 a\u00f1os. Pa concursar ye necesario que l\u2019usuariu complete la ficha d\u2019inscripci\u00f3n colos datos personales, que puede solicitase nel corr\u00e9u electr\u00f3nicu: comision.collera@gmail.com.<\/p>\n<p>Cada persona va poder participar una sola vegada. La falsed\u00e1 en dalg\u00fan de los datos puede suponer la espulsi\u00f3n del concursu. En casu de ganar unu de los premios, podr\u00e1 necesitar documentaci\u00f3n pa comprobar que tolos datos son correctos.<\/p>\n<p><strong>2. Din\u00e1mica del concursu <\/strong><\/p>\n<p>Los participantes tendr\u00e1n de redactar un relatu al rodiu del siguiente lema: \u201cMontes Asturianos\u201d. Reflexonando sobre manera cuanto asocede nos guapos montes que tenemos n\u2019Asturies en tolos sos aspectos.<\/p>\n<p>Tendr\u00e1 que presentase en PDF, en formatu DIN A4 y con lletra Arial, tama\u00f1u 12 pt. La estensi\u00f3n tendr\u00e1 que tar entendida ente 2 \u2013 5 folios, inclusive. Sacante pa los usuarios que participen al travi\u00e9s d\u2019un centru educativu, que podr\u00e1n presentase tami\u00e9n en papel manuscritu al travi\u00e9s del profesor\u00e1u del centru, siendo aceptaes nun solu foliu pa los alumnos de 3u y 4u de primaria. El documentu que se presente tendr\u00e1 que contener el t\u00edtulu del relatu, pero de nenguna manera va poder llevar el nome del autor usuariu o firma..<\/p>\n<p>Los relatos van facese llegar al travi\u00e9s de corr\u00e9u electr\u00f3nicu a la direcci\u00f3n: comision.collera@gmail.com, col asuntu:<\/p>\n<p>\u2013 Concursu de Relatos Curtios Monta\u00f1as Asturianas \u2013 Nome del participante<\/p>\n<p>Xuntu col testu, tendr\u00e1 d\u2019axuntase la ficha d\u2019inscripci\u00f3n cubierta colos datos solicitaos. El plazu pa unviar\/apurrir los testos va tar abiertu dende\u2019l d\u00eda 1 de febreru de 2025 hasta\u2019l 15 de marzu de 2025, dambos incluy\u00edos.<\/p>\n<p>Los testos tendr\u00e1n que ser presentaos en castell\u00e1n o n\u2019asturianu. En casu de que nun seyan presentaos en castell\u00e1n, va ser necesario axuntar una traducci\u00f3n nesta llingua. Cada participante va poder presentar un \u00fanicu trabayu, que tendr\u00e1 que ser in\u00e9ditu, orixinal y non premi\u00e1u n\u2019otros concursos.<\/p>\n<p>Un xur\u00e1u va axuntar pa valorar los relatos presentaos y establecer a los o les ganadores. El xur\u00e1u va tener en cuenta los siguientes criterios:<\/p>\n<p>\u25cf La referencia a la tema propuesta.<br \/>\n\u25cf La orixinalid\u00e1 y creativid\u00e1.<br \/>\n\u25cf L\u2019estilu y la calid\u00e1 lliteraria.<br \/>\n\u25cf La correcci\u00f3n lling\u00fc\u00edstica.<\/p>\n<p><strong>3. Premios<\/strong><\/p>\n<p>Va haber un ganador en ca\u00fana de les categor\u00edes, que van ser:<\/p>\n<p>\u25cf Categor\u00eda 1. Alumnos de 3u y 4u de primaria.<br \/>\n\u25cf Categor\u00eda 2. Alumnos de 5u y 6u de primaria.<br \/>\n\u25cf Categor\u00eda 3. Alumnos de 1u y 2u d\u2019E.S.O.<br \/>\n\u25cf Categor\u00eda 4. Alumnos de 3u, 4u d\u2019E.S.O y 1o de Bachiller.<br \/>\n\u25cf Categor\u00eda 5. A partir de los 18 a\u00f1os (nesta categor\u00eda van entrar tami\u00e9n los alumnos de 2u de Bachiller).<\/p>\n<p>L\u2019autor del relatu que resulte ganador na categor\u00eda 1 va recibir un premiu de 40\u20ac.<\/p>\n<p>Coles mesmes, el relatu que resulte ganador na categor\u00eda 2 va recibir como premio 45\u20ac.<\/p>\n<p>Otramiente, l\u2019autor del relatu que resulte ganador na categor\u00eda 3 va recibir como premio 50\u20ac.<\/p>\n<p>L\u2019autor del relatu que resulte ganador na categor\u00eda 4 va recibir como premio 55\u20ac.<\/p>\n<p>Y finalmente, el relatu que resulte ganador na categor\u00eda 5 va recibir como premio 85\u20ac.<\/p>\n<p>El xur\u00e1u puede declarar desiertu dalgunu de los premios en base a la calid\u00e1 de los trabayos presentaos. La entrega de premios realizar\u00e1\u2019l d\u00eda 12 d\u2019abril de 2025 nes antig\u00fces escueles de Collera. Una vegada conoc\u00edos los y les ganadores del concursu publicar\u00e1n les presentaciones nes distintes redes sociales de que dispon la comisi\u00f3n (Facebook y Instagram).<\/p>\n<p><strong>4. Condiciones adicionales<\/strong><\/p>\n<p>La Comisi\u00f3n de Fiestes de Collera ac\u00fatase\u2019l derechu a modificar en cualquier momentu les condiciones del presente concursu, inclusive la so posible anulaci\u00f3n antes del plazu prefix\u00e1u, siempres qu\u2019allegue causa xusta, comprometi\u00e9ndose a comunicar les nueves bases, condiciones del concursu o l\u2019anulaci\u00f3n definitiva, nel so casu, cola abonda antelaci\u00f3n y publicid\u00e1.<\/p>\n<p>Participar nel concursu \u201cAsturies\u201d trai l\u2019aceptaci\u00f3n de toes y cada una de les condiciones se\u00f1alaes. La Comisi\u00f3n de Fiestes de Collera ac\u00fatase\u2019l derechu d\u2019utilizar los nomes de los participantes y de los testos presentaos en tolo relativo al desenvolvimientu del concursu \u201cMontes Asturianos\u201d, mesmo qu\u2019a utilizar parte d\u2019estos relatos nun certame musical que se va celebrar nes antig\u00fces escueles de Collera el s\u00e1badu d\u00eda 12 d\u2019abril.<\/p>\n<p>La Comisi\u00f3n de Fiestes de Collera nun se responsabiliza de los problemes ayenos que puedan surdir na Rede d\u2019Internet. Los datos personales que nos faciliten los participantes t\u00e1n protex\u00edos pola L.O.P.D. de 1999 y son percanciaos cola cuenta de facese participe nel concursu \u201cAsturies\u201d siendo toos ellos necesarios. Por aciu la unviada del formulariu d\u2019inscripci\u00f3n, l\u2019usuariu empresta\u2019l so consentimientu inequ\u00edvocu por que dichos datos puedan ser utilizaos pa fines xenerales d\u2019esti concursu.<\/p>\n<p>El participante va poder exercer los sos derechos d\u2019oposici\u00f3n, accesu, rectificaci\u00f3n o cancelaci\u00f3n de los sos datos dirixi\u00e9ndose per carta a Comisi\u00f3n de Fiestes de Collera, Llugar Antig\u00fces Escueles de Collera, 33568 Ribeseya.<\/p>\n<\/div>\n<\/div>\n<\/div>\n<\/div>\n<p>&nbsp;<\/p>\n","protected":false},"excerpt":{"rendered":"<p>La Comisi\u00f3n de Fiestes de Collera convoca\u2019l III Concursu de Rellatu Breve Cartelu \/ Fonte:Formientu La Comisi\u00f3n de Fiestes de Collera, nel conceyu de Ribeseya, ta acabante de llanzar la anuncia de la tercer edici\u00f3n del Concursu de Rellatu Breve. A \u00e9l pueden presentase obres n\u2019asturianu y tami\u00e9n almite obres en castell\u00e1n y el so [&hellip;]<\/p>\n","protected":false},"author":117,"featured_media":0,"comment_status":"open","ping_status":"open","sticky":false,"template":"","format":"standard","meta":{"footnotes":""},"categories":[61],"tags":[],"class_list":["post-41614","post","type-post","status-publish","format-standard","hentry","category-concursu"],"_links":{"self":[{"href":"https:\/\/edublog.educastur.es\/ixuxu\/wp-json\/wp\/v2\/posts\/41614","targetHints":{"allow":["GET"]}}],"collection":[{"href":"https:\/\/edublog.educastur.es\/ixuxu\/wp-json\/wp\/v2\/posts"}],"about":[{"href":"https:\/\/edublog.educastur.es\/ixuxu\/wp-json\/wp\/v2\/types\/post"}],"author":[{"embeddable":true,"href":"https:\/\/edublog.educastur.es\/ixuxu\/wp-json\/wp\/v2\/users\/117"}],"replies":[{"embeddable":true,"href":"https:\/\/edublog.educastur.es\/ixuxu\/wp-json\/wp\/v2\/comments?post=41614"}],"version-history":[{"count":3,"href":"https:\/\/edublog.educastur.es\/ixuxu\/wp-json\/wp\/v2\/posts\/41614\/revisions"}],"predecessor-version":[{"id":41616,"href":"https:\/\/edublog.educastur.es\/ixuxu\/wp-json\/wp\/v2\/posts\/41614\/revisions\/41616"}],"wp:attachment":[{"href":"https:\/\/edublog.educastur.es\/ixuxu\/wp-json\/wp\/v2\/media?parent=41614"}],"wp:term":[{"taxonomy":"category","embeddable":true,"href":"https:\/\/edublog.educastur.es\/ixuxu\/wp-json\/wp\/v2\/categories?post=41614"},{"taxonomy":"post_tag","embeddable":true,"href":"https:\/\/edublog.educastur.es\/ixuxu\/wp-json\/wp\/v2\/tags?post=41614"}],"curies":[{"name":"wp","href":"https:\/\/api.w.org\/{rel}","templated":true}]}}