{"id":4162,"date":"2021-03-20T23:32:38","date_gmt":"2021-03-20T21:32:38","guid":{"rendered":"https:\/\/edublog.educastur.es\/ixuxu\/?p=4162"},"modified":"2021-03-21T18:40:59","modified_gmt":"2021-03-21T16:40:59","slug":"encuentros-de-poesia-y-musica","status":"publish","type":"post","link":"https:\/\/edublog.educastur.es\/ixuxu\/2021\/03\/encuentros-de-poesia-y-musica\/","title":{"rendered":"Encuentros de poes\u00eda y m\u00fasica"},"content":{"rendered":"<div class=\"css-1dbjc4n\">\n<div dir=\"auto\" lang=\"es\" style=\"text-align: center\"><\/div>\n<div id=\"tweet-text\" class=\"css-901oao r-18jsvk2 r-1qd0xha r-a023e6 r-16dba41 r-ad9z0x r-bcqeeo r-bnwqim r-qvutc0\" dir=\"auto\" lang=\"es\"><em><span style=\"font-size: 20px\"><span class=\"css-901oao css-16my406 r-poiln3 r-bcqeeo r-qvutc0\"><a href=\"https:\/\/twitter.com\/inaciugalan\/status\/1370350905858605057?s=08\"><strong>Inaciu Gal\u00e1n<\/strong><\/a>convida a tomar el vermut\u00edn en casa y sentir <\/span><span class=\"r-18u37iz\"><a class=\"css-4rbku5 css-18t94o4 css-901oao css-16my406 r-1n1174f r-1loqt21 r-poiln3 r-bcqeeo r-qvutc0\" role=\"link\" href=\"https:\/\/twitter.com\/hashtag\/poes\u00eda?src=hashtag_click\" data-focusable=\"true\">#poes\u00eda<\/a><\/span><span class=\"css-901oao css-16my406 r-poiln3 r-bcqeeo r-qvutc0\">. Va compartir micro virtual con \u00c1ngeles Carbajal, Diego Solis <span class=\"r-18u37iz\"><a class=\"css-4rbku5 css-18t94o4 css-901oao css-16my406 r-1n1174f r-1loqt21 r-poiln3 r-bcqeeo r-qvutc0\" role=\"link\" href=\"https:\/\/twitter.com\/dsolislletres\" data-focusable=\"true\">@dsolislletres<\/a><\/span>,\u00a0 Esperanza Medina,\u00a0 <\/span><span class=\"css-901oao css-16my406 r-poiln3 r-bcqeeo r-qvutc0\">y otros\/es poetes de 12 a 14 hores. <\/span><\/span><\/em><\/div>\n<\/div>\n<div dir=\"auto\" lang=\"es\"><\/div>\n<div dir=\"auto\" lang=\"es\" style=\"text-align: center\"><span style=\"font-size: 20px\">\n<!-- iframe plugin v.6.0 wordpress.org\/plugins\/iframe\/ -->\n<iframe loading=\"lazy\" width=\"580\" height=\"326\" src=\"https:\/\/www.youtube.com\/embed\/TD18Kd3EGf8\" 0=\"\/iframe\" scrolling=\"yes\" class=\"iframe-class\" frameborder=\"0\"><\/iframe>\n<\/span><\/div>\n<div dir=\"auto\" lang=\"es\"><\/div>\n<p><!--more--><\/p>\n<div dir=\"auto\" lang=\"es\"><\/div>\n<div dir=\"auto\" lang=\"es\" style=\"text-align: center\"><a href=\"https:\/\/pbs.twimg.com\/media\/EwRzX0bWEAQYf5s?format=jpg&amp;name=4096x4096\"><img loading=\"lazy\" decoding=\"async\" class=\"alignnone\" src=\"https:\/\/pbs.twimg.com\/media\/EwRzX0bWEAQYf5s?format=jpg&amp;name=4096x4096\" alt=\"\" width=\"514\" height=\"727\" \/><\/a><\/div>\n","protected":false},"excerpt":{"rendered":"<p>Inaciu Gal\u00e1nconvida a tomar el vermut\u00edn en casa y sentir #poes\u00eda. Va compartir micro virtual con \u00c1ngeles Carbajal, Diego Solis @dsolislletres,\u00a0 Esperanza Medina,\u00a0 y otros\/es poetes de 12 a 14 hores.<\/p>\n","protected":false},"author":117,"featured_media":0,"comment_status":"open","ping_status":"open","sticky":false,"template":"","format":"standard","meta":{"footnotes":""},"categories":[39],"tags":[],"class_list":["post-4162","post","type-post","status-publish","format-standard","hentry","category-poesia"],"_links":{"self":[{"href":"https:\/\/edublog.educastur.es\/ixuxu\/wp-json\/wp\/v2\/posts\/4162","targetHints":{"allow":["GET"]}}],"collection":[{"href":"https:\/\/edublog.educastur.es\/ixuxu\/wp-json\/wp\/v2\/posts"}],"about":[{"href":"https:\/\/edublog.educastur.es\/ixuxu\/wp-json\/wp\/v2\/types\/post"}],"author":[{"embeddable":true,"href":"https:\/\/edublog.educastur.es\/ixuxu\/wp-json\/wp\/v2\/users\/117"}],"replies":[{"embeddable":true,"href":"https:\/\/edublog.educastur.es\/ixuxu\/wp-json\/wp\/v2\/comments?post=4162"}],"version-history":[{"count":7,"href":"https:\/\/edublog.educastur.es\/ixuxu\/wp-json\/wp\/v2\/posts\/4162\/revisions"}],"predecessor-version":[{"id":4536,"href":"https:\/\/edublog.educastur.es\/ixuxu\/wp-json\/wp\/v2\/posts\/4162\/revisions\/4536"}],"wp:attachment":[{"href":"https:\/\/edublog.educastur.es\/ixuxu\/wp-json\/wp\/v2\/media?parent=4162"}],"wp:term":[{"taxonomy":"category","embeddable":true,"href":"https:\/\/edublog.educastur.es\/ixuxu\/wp-json\/wp\/v2\/categories?post=4162"},{"taxonomy":"post_tag","embeddable":true,"href":"https:\/\/edublog.educastur.es\/ixuxu\/wp-json\/wp\/v2\/tags?post=4162"}],"curies":[{"name":"wp","href":"https:\/\/api.w.org\/{rel}","templated":true}]}}