{"id":41620,"date":"2025-02-09T12:36:47","date_gmt":"2025-02-09T10:36:47","guid":{"rendered":"https:\/\/edublog.educastur.es\/ixuxu\/?p=41620"},"modified":"2025-02-09T12:39:23","modified_gmt":"2025-02-09T10:39:23","slug":"uvieu-2031-precisa-la-creativida-de-la-so-xente","status":"publish","type":"post","link":"https:\/\/edublog.educastur.es\/ixuxu\/2025\/02\/uvieu-2031-precisa-la-creativida-de-la-so-xente\/","title":{"rendered":"Uvi\u00e9u 2031 precisa la creativid\u00e1 de la so xente para la so candidatura a Capital Europea de la Cultura 2031"},"content":{"rendered":"<p>Uvi\u00e9u aspira a ser Capital Europea de la Cultura y queremos que s\u00edas parte d&#8217;esti procesu de tresformamientu.Uvi\u00e9u present\u00f3 el xueves 23 de xineru na FITUR (Madrid) la so candidatura a Capital Europea de la Cultura 2031. \ud83c\udfad Si yes artista, xestor cultural o formes parte del sector creativu, non te pierdas esta sesi\u00f3n informativa. \ud83d\udca1 Ven, inf\u00f3rmate y participa nel dise\u00f1u de la estratexa cultural de la ciud\u00e1. La to voz ye clave para&#8217;l futuru d&#8217;Uvi\u00e9u.<\/p>\n<p style=\"text-align: center\">\n<!-- iframe plugin v.6.0 wordpress.org\/plugins\/iframe\/ -->\n<iframe loading=\"lazy\" src=\"https:\/\/www.instagram.com\/reel\/DF0VuvIRi_P\/embed\" width=\"360\" height=\"500\" 0=\"\/iframe\" scrolling=\"yes\" class=\"iframe-class\" frameborder=\"0\"><\/iframe>\n<\/p>\n<header class=\"_aaqw\">\n<div class=\"_aaqy _aaqz\">\n<div class=\"_aar0 _aar1\">\n<div class=\"x78zum5\">\n<div class=\"_aaqt _aaqu\">\n<div class=\"x9f619 xjbqb8w x78zum5 x168nmei x13lgxp2 x5pf9jr xo71vjh x1uhb9sk x1plvlek xryxfnj x1c4vz4f x2lah0s x1q0g3np xqjyukv x1cy8zhl x1oa3qoh x1nhvcw1\">\n<div class=\"x9f619 xjbqb8w x78zum5 x168nmei x13lgxp2 x5pf9jr xo71vjh x1uhb9sk x1plvlek xryxfnj x1c4vz4f x2lah0s x1q0g3np xqjyukv x1cy8zhl x1oa3qoh x1nhvcw1\">\n<ul>\n<li aria-describedby=\":r68:\"><a class=\"x1i10hfl xjbqb8w x1ejq31n xd10rxx x1sy0etr x17r0tee x972fbf xcfux6l x1qhh985 xm0m39n x9f619 x1ypdohk xt0psk2 xe8uvvx xdj266r x11i5rnm xat24cr x1mh8g0r xexx8yu x4uap5 x18d9i69 xkhd6sd x16tdsg8 x1hl2dhg xggy1nq x1a2a7pz _acan _acao _acat _acaw _aj1- _ap30 _a6hd\" role=\"link\" href=\"https:\/\/www.instagram.com\/oviedocapital2031\/\">oviedocapital2031<\/a><span class=\"x193iq5w xeuugli x1fj9vlw x13faqbe x1vvkbs xt0psk2 x1i0vuye xvs91rp xo1l8bm x5n08af x10wh9bi x1wdrske x8viiok x18hxmgj\">\u00a0y <\/span><a class=\"x1i10hfl xjbqb8w x1ejq31n xd10rxx x1sy0etr x17r0tee x972fbf xcfux6l x1qhh985 xm0m39n x9f619 x1ypdohk xt0psk2 xe8uvvx xdj266r x11i5rnm xat24cr x1mh8g0r xexx8yu x4uap5 x18d9i69 xkhd6sd x16tdsg8 x1hl2dhg xggy1nq x1a2a7pz _acan _acao _acat _acaw _aj1- _ap30 _a6hd\" role=\"link\" href=\"https:\/\/www.instagram.com\/aytoviedo\/\">aytoviedo<\/a><\/li>\n<li aria-describedby=\":r68:\">\ud83d\udcc5 Mi\u00e9rcoles 12 de febreru \/ \ud83d\udd5619:00 h \/\ud83d\udccd Sala de Cristal, Palaciu d&#8217;Esposiciones (Edificiu Calatrava)<\/li>\n<li aria-describedby=\":r68:\">\ud83c\udf0d\ud83d\udccc<a href=\"https:\/\/www.oviedo.es\/web\/capital-europea-de-la-cultura-2031\"> M\u00e1s info n&#8217;asturianu nesti enllaz<\/a> y en \ud83d\udc49<a href=\"http:\/\/www.oviedo2031.es\"> www.oviedo2031.es<\/a><\/li>\n<li aria-describedby=\":r68:\"><a class=\"x1i10hfl xjbqb8w x1ejq31n xd10rxx x1sy0etr x17r0tee x972fbf xcfux6l x1qhh985 xm0m39n x9f619 x1ypdohk xt0psk2 xe8uvvx xdj266r x11i5rnm xat24cr x1mh8g0r xexx8yu x4uap5 x18d9i69 xkhd6sd x16tdsg8 x1hl2dhg xggy1nq x1a2a7pz _aa9_ _a6hd\" role=\"link\" href=\"https:\/\/www.instagram.com\/explore\/tags\/oviedo2031\/\">#Oviedo2031<\/a> <a class=\"x1i10hfl xjbqb8w x1ejq31n xd10rxx x1sy0etr x17r0tee x972fbf xcfux6l x1qhh985 xm0m39n x9f619 x1ypdohk xt0psk2 xe8uvvx xdj266r x11i5rnm xat24cr x1mh8g0r xexx8yu x4uap5 x18d9i69 xkhd6sd x16tdsg8 x1hl2dhg xggy1nq x1a2a7pz _aa9_ _a6hd\" role=\"link\" href=\"https:\/\/www.instagram.com\/explore\/tags\/culturacreativa\/\">#CulturaCreativa<\/a> <a class=\"x1i10hfl xjbqb8w x1ejq31n xd10rxx x1sy0etr x17r0tee x972fbf xcfux6l x1qhh985 xm0m39n x9f619 x1ypdohk xt0psk2 xe8uvvx xdj266r x11i5rnm xat24cr x1mh8g0r xexx8yu x4uap5 x18d9i69 xkhd6sd x16tdsg8 x1hl2dhg xggy1nq x1a2a7pz _aa9_ _a6hd\" role=\"link\" href=\"https:\/\/www.instagram.com\/explore\/tags\/oviedoescultura\/\">#OviedoEsCultura<\/a><\/li>\n<\/ul>\n<p><!--more--><\/p>\n<div id=\"column-2\" class=\"portlet-column portlet-column-only span12 aos-init aos-animate\" data-aos=\"fade-up\">\n<div id=\"layout-column_column-2\" class=\"portlet-dropzone portlet-column-content portlet-column-content-only\">\n<div id=\"p_p_id_56_INSTANCE_5XOk2pkTN7yM_\" class=\"portlet-boundary portlet-boundary_56_ portlet-static portlet-static-end portlet-borderless portlet-journal-content \">\n<div id=\"yui_patched_v3_11_0_1_1739097398665_341\" class=\"portlet-borderless-container\">\n<div id=\"yui_patched_v3_11_0_1_1739097398665_340\" class=\"portlet-body \">\n<div id=\"yui_patched_v3_11_0_1_1739097398665_339\" class=\"journal-content-article\">\n<div id=\"yui_patched_v3_11_0_1_1739097398665_338\" class=\"detail template\">\n<div id=\"yui_patched_v3_11_0_1_1739097398665_337\" class=\"media\">\n<div id=\"yui_patched_v3_11_0_1_1739097398665_336\" class=\"media-body\">\n<div id=\"yui_patched_v3_11_0_1_1739097398665_335\" class=\"text-wrapper\">\n<div id=\"yui_patched_v3_11_0_1_1739097398665_334\" class=\"text\">\n<p id=\"yui_patched_v3_11_0_1_1739097398665_333\" class=\"lead\">La Capital Europea de la Cultura (CEC) ye una iniciativa promovida pola Comisi\u00f3n Europea de la que surde un programa d&#8217;aici\u00f3n social y econ\u00f3mica al travi\u00e9s de la cultura nuna ciud\u00e1 europea determinada..<\/p>\n<p>El t\u00edtulu p\u00fanxose en marcha en 1985 y dende ent\u00f3s y\u00e1 tien reconoc\u00edo a m\u00e1s de 60 ciudaes en tola Xuni\u00f3n Europea. Esta reconocencia r\u00edxese angua\u00f1o gracies a un sistema de rotaci\u00f3n ente los estaos miembros que fai que\u2019l t\u00edtulu de 2031 vaya tar nuna ciud\u00e1 espa\u00f1ola.<\/p>\n<p>El procesu de seleici\u00f3n de la CEC31 entama en 2025,\u00a0el 27 d&#8217;avientu cola publicaci\u00f3n de la convocatoria nel BOE\u00a0y Uvi\u00e9u tien la intenci\u00f3n d&#8217;optar a esta convocatoria.<\/p>\n<p>En 2025 hai 2 capitales europees de la cultura.<\/p>\n<ul id=\"yui_patched_v3_11_0_1_1739097398665_347\">\n<li><a href=\"http:\/\/www.chemnitz2025.de\">Chemnitz (Alemania)<\/a><\/li>\n<li id=\"yui_patched_v3_11_0_1_1739097398665_346\"><a id=\"yui_patched_v3_11_0_1_1739097398665_345\" href=\"https:\/\/www.go2025.eu\/en\">Nova Gorica-Gorizia (Eslovenia\/Italia)<\/a><\/li>\n<\/ul>\n<\/div>\n<\/div>\n<\/div>\n<\/div>\n<\/div>\n<\/div>\n<\/div>\n<\/div>\n<\/div>\n<\/div>\n<\/div>\n<\/div>\n<\/div>\n<\/div>\n<\/div>\n<\/div>\n<\/div>\n<\/header>\n<p>&nbsp;<\/p>\n","protected":false},"excerpt":{"rendered":"<p>Uvi\u00e9u aspira a ser Capital Europea de la Cultura y queremos que s\u00edas parte d&#8217;esti procesu de tresformamientu.Uvi\u00e9u present\u00f3 el xueves 23 de xineru na FITUR (Madrid) la so candidatura a Capital Europea de la Cultura 2031. \ud83c\udfad Si yes artista, xestor cultural o formes parte del sector creativu, non te pierdas esta sesi\u00f3n informativa. [&hellip;]<\/p>\n","protected":false},"author":117,"featured_media":0,"comment_status":"open","ping_status":"open","sticky":false,"template":"","format":"standard","meta":{"footnotes":""},"categories":[38,33],"tags":[],"class_list":["post-41620","post","type-post","status-publish","format-standard","hentry","category-cultura","category-uvieu"],"_links":{"self":[{"href":"https:\/\/edublog.educastur.es\/ixuxu\/wp-json\/wp\/v2\/posts\/41620","targetHints":{"allow":["GET"]}}],"collection":[{"href":"https:\/\/edublog.educastur.es\/ixuxu\/wp-json\/wp\/v2\/posts"}],"about":[{"href":"https:\/\/edublog.educastur.es\/ixuxu\/wp-json\/wp\/v2\/types\/post"}],"author":[{"embeddable":true,"href":"https:\/\/edublog.educastur.es\/ixuxu\/wp-json\/wp\/v2\/users\/117"}],"replies":[{"embeddable":true,"href":"https:\/\/edublog.educastur.es\/ixuxu\/wp-json\/wp\/v2\/comments?post=41620"}],"version-history":[{"count":4,"href":"https:\/\/edublog.educastur.es\/ixuxu\/wp-json\/wp\/v2\/posts\/41620\/revisions"}],"predecessor-version":[{"id":41626,"href":"https:\/\/edublog.educastur.es\/ixuxu\/wp-json\/wp\/v2\/posts\/41620\/revisions\/41626"}],"wp:attachment":[{"href":"https:\/\/edublog.educastur.es\/ixuxu\/wp-json\/wp\/v2\/media?parent=41620"}],"wp:term":[{"taxonomy":"category","embeddable":true,"href":"https:\/\/edublog.educastur.es\/ixuxu\/wp-json\/wp\/v2\/categories?post=41620"},{"taxonomy":"post_tag","embeddable":true,"href":"https:\/\/edublog.educastur.es\/ixuxu\/wp-json\/wp\/v2\/tags?post=41620"}],"curies":[{"name":"wp","href":"https:\/\/api.w.org\/{rel}","templated":true}]}}