{"id":41638,"date":"2025-02-09T10:00:23","date_gmt":"2025-02-09T08:00:23","guid":{"rendered":"https:\/\/edublog.educastur.es\/ixuxu\/?p=41638"},"modified":"2025-02-09T23:10:11","modified_gmt":"2025-02-09T21:10:11","slug":"premiu-goya-a-la-meyor-pelicula-danimacion-espanola-y-de-2024","status":"publish","type":"post","link":"https:\/\/edublog.educastur.es\/ixuxu\/2025\/02\/premiu-goya-a-la-meyor-pelicula-danimacion-espanola-y-de-2024\/","title":{"rendered":"Premiu Goya a la Meyor Pel\u00edcula d&#8217;Animaci\u00f3n: espa\u00f1ola y de 2024"},"content":{"rendered":"<p><a href=\"https:\/\/image.europafm.com\/clipping\/cmsimages01\/2025\/02\/04\/0B098ACE-F63F-4875-93E4-F89461B55EF3\/premio-goya_98.jpg?crop=1200,675,x0,y0&amp;width=1900&amp;height=1069&amp;optimize=low&amp;format=webply\"><img loading=\"lazy\" decoding=\"async\" class=\"aligncenter \" src=\"https:\/\/image.europafm.com\/clipping\/cmsimages01\/2025\/02\/04\/0B098ACE-F63F-4875-93E4-F89461B55EF3\/premio-goya_98.jpg?crop=1200,675,x0,y0&amp;width=1900&amp;height=1069&amp;optimize=low&amp;format=webply\" width=\"535\" height=\"301\" \/><\/a><\/p>\n<ul>\n<li><span style=\"color: #008080\"><em><strong><a style=\"color: #008080\" href=\"https:\/\/www.premiosgoya.com\/\">Premios Goya 2025<\/a><\/strong><\/em><\/span> \/ <a href=\"https:\/\/www.elcomercio.es\/pantallas\/premios-goya\/palmares-premios-goya-2025-lista-ganadores-20250208215825-ntrc.html\">Premiaos<\/a> \/ <a href=\"https:\/\/www.premiosgoya.com\/los-goya\/que-son\/\">Qu\u00e9 son los Goya<\/a> \/<\/li>\n<li>Premios Goya, la gran fiesta del cine espa\u00f1ol. L&#8217;Academia celebra cada a\u00f1u la calid\u00e1 del cine espa\u00f1ol cola entrega de los Premios Goya a los meyores profesionales de ca\u00fana de les especialidaes t\u00e9cniques y creatives.<\/li>\n<\/ul>\n<p style=\"text-align: center\"><a href=\"https:\/\/pics.filmaffinity.com\/mariposas_negras-411838913-large.jpg\"><img loading=\"lazy\" decoding=\"async\" class=\"aligncenter \" src=\"https:\/\/pics.filmaffinity.com\/mariposas_negras-411838913-large.jpg\" width=\"567\" height=\"810\" \/><\/a><em><strong>El camb\u00e9u clim\u00e1ticu<\/strong> impacta nes vides de Lobuin, Vanesa y Soma, <\/em><br \/>\n<em>tr\u00e9s muyeres de puntos bien distintos del planeta.<\/em><\/p>\n<div class=\"fondopremios\">\n<div class=\"contenedortextopremios\">\n<ul class=\"itemtextopremios\">\n<li class=\"fichapremios\"><a href=\"https:\/\/www.filmaffinity.com\/es\/film431394.html\">&#8216;Buffalo Kids&#8217;<\/a> \/ <a href=\"https:\/\/pics.filmaffinity.com\/buffalo_kids-634012768-large.jpg\">cartelu<\/a><\/li>\n<li class=\"fichapremios\"><a href=\"https:\/\/www.filmaffinity.com\/es\/film115036.html\">&#8216;Guardiana de dragones&#8217; (Dragonkeeper)<\/a> \/<a href=\"https:\/\/pics.filmaffinity.com\/dragonkeeper_guardiana_de_dragones-704965977-large.jpg\">\u00a0 cartelu<\/a><\/li>\n<li class=\"fichapremiosgana\">&#8216;<strong><a href=\"https:\/\/www.filmaffinity.com\/es\/film919132.html\">Mariposas negras&#8217;<\/a> \/ <\/strong><a href=\"https:\/\/pics.filmaffinity.com\/mariposas_negras-411838913-large.jpg\"><strong>cartelu<\/strong><\/a><\/li>\n<li class=\"fichapremios\"><a href=\"https:\/\/www.filmaffinity.com\/es\/film215729.html\">\u00abRock Bottom\u00bb<\/a> \/<a href=\"https:\/\/pics.filmaffinity.com\/rock_bottom-175803496-large.jpg\"> cartelu<\/a><\/li>\n<li class=\"fichapremios\"><a href=\"https:\/\/www.filmaffinity.com\/es\/film801261.html\">&#8216;SuperKlaus&#8217;<\/a> \/<a href=\"https:\/\/pics.filmaffinity.com\/superklaus-261042416-large.jpg\"> cartelu<\/a><\/li>\n<\/ul>\n<p><!--more--><\/p>\n<p>Inspirada por muyeres reales, prop\u00f3n un viaxe dende \u00c1frica, el Caribe y Asia escontra un inciertu futuru para la humanid\u00e1. El camb\u00e9u clima\u0301ticu impacta nes vides de Tanit, Valeria y Shaila, tr\u00e9s muyeres de puntos bien distintos del planeta pero con daqu\u00e9 en comu\u0301n: les tr\u00e9s p\u00ederdenlo tou pol efectu del calentamientu global y vense forzaes a migrar.<\/p>\n<p style=\"text-align: center\"><a href=\"https:\/\/pics.filmaffinity.com\/mariposas_negras-887693398-large.jpg\"><img loading=\"lazy\" decoding=\"async\" class=\"aligncenter size-large\" src=\"https:\/\/pics.filmaffinity.com\/mariposas_negras-887693398-large.jpg\" width=\"1920\" height=\"1030\" \/><\/a><\/p>\n<p><a href=\"https:\/\/pics.filmaffinity.com\/mariposas_negras-572817425-large.jpg\"><img loading=\"lazy\" decoding=\"async\" class=\"aligncenter size-large\" src=\"https:\/\/pics.filmaffinity.com\/mariposas_negras-572817425-large.jpg\" width=\"1920\" height=\"1030\" \/><\/a><\/p>\n<p style=\"text-align: center\"><a href=\"https:\/\/pics.filmaffinity.com\/mariposas_negras-977142315-large.jpg\"><img loading=\"lazy\" decoding=\"async\" class=\"aligncenter size-large\" src=\"https:\/\/pics.filmaffinity.com\/mariposas_negras-977142315-large.jpg\" width=\"810\" height=\"1200\" \/><\/a><\/p>\n<p style=\"text-align: center\">Los Goya 2025 fueron muncho m\u00e1s qu&#8217;una ceremonia de premios. Sirvieron como plataforma para reivindicaciones sociales, alderiques pol\u00edticos y reflexones sobro la industria cinematogr\u00e1fico. Mientres dalgunos celebren la llibert\u00e1 d&#8217;espresi\u00f3n de los artistes, otros critiquen l&#8217;usu del eventu pa llanzar mensaxes ayenos al cine.<\/p>\n<\/div>\n<\/div>\n<p style=\"text-align: center\"><a href=\"https:\/\/www.eldiariodemadrid.es\/asset\/thumbnail,1280,720,center,center\/media\/eldiariodemadrid\/images\/2025\/01\/13\/2025011310070948065.jpg\"><img loading=\"lazy\" decoding=\"async\" class=\"aligncenter size-large\" src=\"https:\/\/www.eldiariodemadrid.es\/asset\/thumbnail,1280,720,center,center\/media\/eldiariodemadrid\/images\/2025\/01\/13\/2025011310070948065.jpg\" width=\"1024\" height=\"576\" \/><\/a><\/p>\n","protected":false},"excerpt":{"rendered":"<p>Premios Goya 2025 \/ Premiaos \/ Qu\u00e9 son los Goya \/ Premios Goya, la gran fiesta del cine espa\u00f1ol. L&#8217;Academia celebra cada a\u00f1u la calid\u00e1 del cine espa\u00f1ol cola entrega de los Premios Goya a los meyores profesionales de ca\u00fana de les especialidaes t\u00e9cniques y creatives. El camb\u00e9u clim\u00e1ticu impacta nes vides de Lobuin, Vanesa [&hellip;]<\/p>\n","protected":false},"author":117,"featured_media":0,"comment_status":"open","ping_status":"open","sticky":false,"template":"","format":"standard","meta":{"footnotes":""},"categories":[299,58],"tags":[],"class_list":["post-41638","post","type-post","status-publish","format-standard","hentry","category-cine","category-premios"],"_links":{"self":[{"href":"https:\/\/edublog.educastur.es\/ixuxu\/wp-json\/wp\/v2\/posts\/41638","targetHints":{"allow":["GET"]}}],"collection":[{"href":"https:\/\/edublog.educastur.es\/ixuxu\/wp-json\/wp\/v2\/posts"}],"about":[{"href":"https:\/\/edublog.educastur.es\/ixuxu\/wp-json\/wp\/v2\/types\/post"}],"author":[{"embeddable":true,"href":"https:\/\/edublog.educastur.es\/ixuxu\/wp-json\/wp\/v2\/users\/117"}],"replies":[{"embeddable":true,"href":"https:\/\/edublog.educastur.es\/ixuxu\/wp-json\/wp\/v2\/comments?post=41638"}],"version-history":[{"count":8,"href":"https:\/\/edublog.educastur.es\/ixuxu\/wp-json\/wp\/v2\/posts\/41638\/revisions"}],"predecessor-version":[{"id":41690,"href":"https:\/\/edublog.educastur.es\/ixuxu\/wp-json\/wp\/v2\/posts\/41638\/revisions\/41690"}],"wp:attachment":[{"href":"https:\/\/edublog.educastur.es\/ixuxu\/wp-json\/wp\/v2\/media?parent=41638"}],"wp:term":[{"taxonomy":"category","embeddable":true,"href":"https:\/\/edublog.educastur.es\/ixuxu\/wp-json\/wp\/v2\/categories?post=41638"},{"taxonomy":"post_tag","embeddable":true,"href":"https:\/\/edublog.educastur.es\/ixuxu\/wp-json\/wp\/v2\/tags?post=41638"}],"curies":[{"name":"wp","href":"https:\/\/api.w.org\/{rel}","templated":true}]}}