{"id":41646,"date":"2025-02-09T17:01:28","date_gmt":"2025-02-09T15:01:28","guid":{"rendered":"https:\/\/edublog.educastur.es\/ixuxu\/?p=41646"},"modified":"2025-02-09T22:59:18","modified_gmt":"2025-02-09T20:59:18","slug":"los-guilandeiros-de-tineu-ya-tienen-fecha-para-la-so-mazcarada-diviernu","status":"publish","type":"post","link":"https:\/\/edublog.educastur.es\/ixuxu\/2025\/02\/los-guilandeiros-de-tineu-ya-tienen-fecha-para-la-so-mazcarada-diviernu\/","title":{"rendered":"Los guilandeiros de Tin\u00e9u y\u00e1 tienen fecha para la so mazcarada d&#8217;iviernu"},"content":{"rendered":"<p style=\"text-align: center\"><a href=\"https:\/\/estaticos-cdn.prensaiberica.es\/clip\/ce857ae9-7afb-4b25-bfd0-bc34d4c833bf_16-9-discover-aspect-ratio_default_0.webp\"><img loading=\"lazy\" decoding=\"async\" class=\"aligncenter size-large\" src=\"https:\/\/estaticos-cdn.prensaiberica.es\/clip\/ce857ae9-7afb-4b25-bfd0-bc34d4c833bf_16-9-discover-aspect-ratio_default_0.webp\" width=\"1200\" height=\"675\" \/><\/a><\/p>\n<p style=\"text-align: left\">Los guilandeiros de Tin\u00e9u y\u00e1 tienen fecha para la so mazcarada d&#8217;iviernu, el s\u00e1badu 15 de febreru y van visitar pueblos onde hai testimoniu centenariu d&#8217;esta mazcarada del Suroccidente.<\/p>\n<ul>\n<li>Fonte: <a href=\"https:\/\/www.lne.es\/occidente\/2025\/02\/08\/guilandeiros-tineo-fecha-mascarada-invierno-114107930.html?utm_term=Autofeed&amp;utm_campaign=Echobox&amp;utm_medium=Social&amp;utm_source=Facebook&amp;fbclid=IwY2xjawIVoj5leHRuA2FlbQIxMAABHQ0CeNA9X9mcyCXi0RgjZXPQYm0KagSdcyWK0ej1FJtw7PmjrD7RWMXi2Q_aem_UxB1FHO0phfgWfhqIbFXrQ#Echobox=1739031730\">LNE<\/a> \/<\/li>\n<\/ul>\n<p><!--more--><\/p>\n<p>El colectivu cuartanu escoy\u00f3 angua\u00f1o los pueblos de Campiel.lu (pela tarde) y Oubona (pela ma\u00f1ana) y convida a vecinos y visitantes a acompa\u00f1a-yos na so salida a\u00f1al, prevista para&#8217;l s\u00e1badu 15 de febreru.<\/p>\n<p>Cunta&#8217;l colectivu que-yos fai especial ilusi\u00f3n la visita al pueblu d&#8217;Oubona, una y bones <em>\u00abAurelio de Llanu dex\u00f3 testimoniu fai m\u00e1s de cien a\u00f1os de los guilandeiros d&#8217;esti gran pueblu\u00bb<\/em>. Ta previstu que trenta y tres persones participen na mazcarada, que va percorrer les citaes localidaes al son de la gaita <em>\u00abchevando a la nuesa xente la tradici\u00f3n y\u00e1 la folixa\u00bb.<\/em><\/p>\n","protected":false},"excerpt":{"rendered":"<p>Los guilandeiros de Tin\u00e9u y\u00e1 tienen fecha para la so mazcarada d&#8217;iviernu, el s\u00e1badu 15 de febreru y van visitar pueblos onde hai testimoniu centenariu d&#8217;esta mazcarada del Suroccidente. Fonte: LNE \/<\/p>\n","protected":false},"author":117,"featured_media":0,"comment_status":"open","ping_status":"open","sticky":false,"template":"","format":"standard","meta":{"footnotes":""},"categories":[262,103],"tags":[],"class_list":["post-41646","post","type-post","status-publish","format-standard","hentry","category-antroxu","category-mazcaraes"],"_links":{"self":[{"href":"https:\/\/edublog.educastur.es\/ixuxu\/wp-json\/wp\/v2\/posts\/41646","targetHints":{"allow":["GET"]}}],"collection":[{"href":"https:\/\/edublog.educastur.es\/ixuxu\/wp-json\/wp\/v2\/posts"}],"about":[{"href":"https:\/\/edublog.educastur.es\/ixuxu\/wp-json\/wp\/v2\/types\/post"}],"author":[{"embeddable":true,"href":"https:\/\/edublog.educastur.es\/ixuxu\/wp-json\/wp\/v2\/users\/117"}],"replies":[{"embeddable":true,"href":"https:\/\/edublog.educastur.es\/ixuxu\/wp-json\/wp\/v2\/comments?post=41646"}],"version-history":[{"count":5,"href":"https:\/\/edublog.educastur.es\/ixuxu\/wp-json\/wp\/v2\/posts\/41646\/revisions"}],"predecessor-version":[{"id":41679,"href":"https:\/\/edublog.educastur.es\/ixuxu\/wp-json\/wp\/v2\/posts\/41646\/revisions\/41679"}],"wp:attachment":[{"href":"https:\/\/edublog.educastur.es\/ixuxu\/wp-json\/wp\/v2\/media?parent=41646"}],"wp:term":[{"taxonomy":"category","embeddable":true,"href":"https:\/\/edublog.educastur.es\/ixuxu\/wp-json\/wp\/v2\/categories?post=41646"},{"taxonomy":"post_tag","embeddable":true,"href":"https:\/\/edublog.educastur.es\/ixuxu\/wp-json\/wp\/v2\/tags?post=41646"}],"curies":[{"name":"wp","href":"https:\/\/api.w.org\/{rel}","templated":true}]}}