{"id":41666,"date":"2025-02-10T12:30:17","date_gmt":"2025-02-10T10:30:17","guid":{"rendered":"https:\/\/edublog.educastur.es\/ixuxu\/?p=41666"},"modified":"2025-02-10T15:19:05","modified_gmt":"2025-02-10T13:19:05","slug":"41666","status":"publish","type":"post","link":"https:\/\/edublog.educastur.es\/ixuxu\/2025\/02\/41666\/","title":{"rendered":"Viaxar en tren per Asturies"},"content":{"rendered":"<div class=\"x78zum5 xdt5ytf xz62fqu x16ldp7u\">\n<div class=\"xu06os2 x1ok221b\">\n<div class=\"html-div xdj266r x11i5rnm xat24cr x1mh8g0r xexx8yu x4uap5 x18d9i69 xkhd6sd\" data-ad-rendering-role=\"profile_name\">\n<ul>\n<li class=\"html-h3 x11i5rnm xat24cr x1mh8g0r xexx8yu x4uap5 x18d9i69 xkhd6sd x1vvkbs x1heor9g x1qlqyl8 x1pd3egz x1a2a7pz x1gslohp x1yc453h\"><span class=\"x1lliihq x6ikm8r x10wlt62 x1n2onr6\"><span class=\"xt0psk2\"><span class=\"xjp7ctv\"><a class=\"x1i10hfl xjbqb8w x1ejq31n xd10rxx x1sy0etr x17r0tee x972fbf xcfux6l x1qhh985 xm0m39n x9f619 x1ypdohk xt0psk2 xe8uvvx xdj266r x11i5rnm xat24cr x1mh8g0r xexx8yu x4uap5 x18d9i69 xkhd6sd x16tdsg8 x1hl2dhg xggy1nq x1a2a7pz x1sur9pj xkrqix3 xzsf02u x1s688f\" role=\"link\" href=\"https:\/\/www.facebook.com\/ConsejeriaFomento?__cft__[0]=AZXoNuX1CFzA8Hve6W3bbDEM94VMLxjRvEYW6IZ8LAkRaZhIP8-PoGdH7RbUjkcaxAzhjpa2XpVCdbN9mo5spx7D3exBf-BOTtFdXlLMOBlUA-AAkh82mGvpPRhk9wxKAueeOVwmiZCdoobg6QRcgYKyYeARrmmzWUUgGF-NZJmqZclhQoseTgd4PEa8ziKon3UXLRA3q3pX0dCEpBX6J8RHFOGsUpXuYPIWe7voJ0OhKg&amp;__tn__=-UC%2CP-y-R\" aria-describedby=\":r4j7:\"><strong class=\"html-strong xdj266r x11i5rnm xat24cr x1mh8g0r xexx8yu x4uap5 x18d9i69 xkhd6sd x1hl2dhg x16tdsg8 x1vvkbs x1s688f\"><span class=\"html-span xdj266r x11i5rnm xat24cr x1mh8g0r xexx8yu x4uap5 x18d9i69 xkhd6sd x1hl2dhg x16tdsg8 x1vvkbs\">Conseyer\u00eda Fomento, Cooperaci\u00f3n L. y Prevenci\u00f3n d&#8217;Incendios<\/span><\/strong><\/a><\/span><\/span><\/span><span class=\"html-span xdj266r x11i5rnm xat24cr x1mh8g0r xexx8yu x4uap5 x18d9i69 xkhd6sd x1hl2dhg x16tdsg8 x1vvkbs\"><span class=\"html-span xdj266r x11i5rnm xat24cr x1mh8g0r xexx8yu x4uap5 x18d9i69 xkhd6sd x1hl2dhg x16tdsg8 x1vvkbs x4k7w5x x1h91t0o x1h9r5lt x1jfb8zj xv2umb2 x1beo9mf xaigb6o x12ejxvf x3igimt xarpa2k xedcshv x1lytzrv x1t2pt76 x7ja8zs x1qrby5j\"><span class=\"x1rg5ohu x6ikm8r x10wlt62 x16dsc37 xt0b8zv\" aria-labelledby=\":r4j9:\"><span class=\"xmper1u xt0psk2 xjb2p0i x1qlqyl8 x15bjb6t x1n2onr6 x17ihmo5 x1g77sc7\"><span class=\"xt0psk2 x1qlqyl8 x1n2onr6 x17ihmo5 x182iqb8 jrhKlDA9 srhKlDzs trhKlDzt qrhKlDzq jdrp adrG bdrH cdrI\">\/ <a href=\"https:\/\/scontent-mad2-1.xx.fbcdn.net\/v\/t39.30808-6\/468845302_590213810196880_2657298846483711912_n.jpg?_nc_cat=100&amp;ccb=1-7&amp;_nc_sid=127cfc&amp;_nc_ohc=xWJlKrXo9ZcQ7kNvgGa9vea&amp;_nc_oc=AdjG-88utBw8DDx4a1GeeweKnHdGIjsCcIwUstwE8mk4_UD5yNcaH6gG4NT9FpyEFwE&amp;_nc_zt=23&amp;_nc_ht=scontent-mad2-1.xx&amp;_nc_gid=A6G3p1sQ-jhZdI332tR_gie&amp;oh=00_AYB6j5RcPpm4ldKlHnsw6soFx2LY02zGv760_gzFJhbHmQ&amp;oe=67AEDC54\">gr\u00e1ficu<\/a> \/ <a href=\"https:\/\/scontent-mad1-1.xx.fbcdn.net\/v\/t39.30808-6\/468836957_590213803530214_2568919315296289743_n.jpg?_nc_cat=106&amp;ccb=1-7&amp;_nc_sid=127cfc&amp;_nc_ohc=w2_Ia7Z3B84Q7kNvgGNqyHe&amp;_nc_oc=AdgXY-V_o7ztnVuz41VhB6cDP4oWIo2SMZMJGVQjFLbLtibbqAsMy4ai1Coq-tWFi0s&amp;_nc_zt=23&amp;_nc_ht=scontent-mad1-1.xx&amp;_nc_gid=AmpKfbUre2qfz1KvIhKmZU4&amp;oh=00_AYBGTlUoV_i3J8me8T_577-f_9aORF70BywPkPRIlw5OMg&amp;oe=67AEC9DA\">lanzadera Alta Velocid\u00e1<\/a> \/ <a href=\"https:\/\/scontent-mad1-1.xx.fbcdn.net\/v\/t39.30808-6\/468845527_590213806863547_4637436595936045452_n.jpg?_nc_cat=103&amp;ccb=1-7&amp;_nc_sid=127cfc&amp;_nc_ohc=jEpy93E43BAQ7kNvgHFgvEB&amp;_nc_oc=AdjHcqJmEzTLeu4K6a8u3lIYcIIrOCBl60sNJDXyyz5h70NKR75muDx8-8ced_BxmE8&amp;_nc_zt=23&amp;_nc_ht=scontent-mad1-1.xx&amp;_nc_gid=AOC9IrW3hHKMnKuwnPuQ-Hq&amp;oh=00_AYBgqT0fv7Rj_cxjA6xTp4AdXRbk5gDj-TL8coGa1K7PSw&amp;oe=67AEDE03\">II<\/a> \/<\/span><\/span><\/span><\/span><\/span><\/li>\n<li><a href=\"https:\/\/upload.wikimedia.org\/wikipedia\/commons\/7\/7a\/Renfe_Feve_%28mapa%29.svg\">Mapa ll\u00ednees rexonales y de cercan\u00edes<\/a> \/<\/li>\n<\/ul>\n<\/div>\n<\/div>\n<\/div>\n<div class=\"html-div xdj266r x11i5rnm xat24cr x1mh8g0r xexx8yu x4uap5 x18d9i69 xkhd6sd\" dir=\"auto\">\n<div class=\"html-div xdj266r x11i5rnm xat24cr x1mh8g0r xexx8yu x4uap5 x18d9i69 xkhd6sd\" dir=\"auto\">\n<div class=\"html-div xdj266r x11i5rnm xat24cr x1mh8g0r xexx8yu x4uap5 x18d9i69 xkhd6sd\" data-ad-rendering-role=\"story_message\">\n<div class=\"x1l90r2v x1iorvi4 x1ye3gou xn6708d\" data-ad-comet-preview=\"message\" data-ad-preview=\"message\">\n<div class=\"x78zum5 xdt5ytf xz62fqu x16ldp7u\">\n<div class=\"xu06os2 x1ok221b\">\n<div class=\"xdj266r x11i5rnm xat24cr x1mh8g0r x1vvkbs x126k92a\">\n<div dir=\"auto\"><span class=\"html-span xexx8yu x4uap5 x18d9i69 xkhd6sd x1hl2dhg x16tdsg8 x1vvkbs x3nfvp2 x1j61x8r x1fcty0u xdj266r xat24cr xgzva0m xhhsvwb xxymvpz xlup9mm x1kky2od\"><img loading=\"lazy\" decoding=\"async\" class=\"xz74otr\" src=\"https:\/\/static.xx.fbcdn.net\/images\/emoji.php\/v9\/tfa\/1\/16\/1f68d.png\" alt=\"\ud83d\ude8d\" width=\"16\" height=\"16\" \/><\/span><span class=\"html-span xexx8yu x4uap5 x18d9i69 xkhd6sd x1hl2dhg x16tdsg8 x1vvkbs x3nfvp2 x1j61x8r x1fcty0u xdj266r xat24cr xgzva0m xhhsvwb xxymvpz xlup9mm x1kky2od\"><img loading=\"lazy\" decoding=\"async\" class=\"xz74otr\" src=\"https:\/\/static.xx.fbcdn.net\/images\/emoji.php\/v9\/t4b\/1\/16\/1f685.png\" alt=\"\ud83d\ude85\" width=\"16\" height=\"16\" \/><\/span> Llega en tresporte p\u00fablicu a les estaciones d&#8217;alta velocid\u00e1 coles <strong>Danzaderes Alta Velocid\u00e1<\/strong>. Un serviciu del Princip\u00e1u d&#8217;Asturies ta incluy\u00edu na tarifa <span style=\"color: #008080\">CONECTA Conex\u00f3n<\/span>. Dende 31 conceyos colos primeros trenes de la ma\u00f1ana y el serviciu hasta Avil\u00e9s.<\/div>\n<ul>\n<li dir=\"auto\"><span style=\"color: #008080\"><strong>AVE<\/strong>: Alta Velocid\u00e1 d&#8217;Espa\u00f1a\/ <strong>AVLO<\/strong>: Alta Velocid\u00e1 Low Cost<br \/>\n<\/span><\/li>\n<li dir=\"auto\"><span style=\"color: #008080\"><strong>RENFE<\/strong>: Rede Nacional de Ferrocarriles d&#8217;Espa\u00f1a \/ <strong>FEVE<\/strong>: Ferrocarriles de V\u00eda Estrecha<\/span><\/li>\n<\/ul>\n<p style=\"text-align: left\"><a href=\"https:\/\/www.elindependiente.com\/wp-content\/uploads\/2018\/02\/tren-AVE.jpg\"><img loading=\"lazy\" decoding=\"async\" class=\"alignleft \" src=\"https:\/\/www.elindependiente.com\/wp-content\/uploads\/2018\/02\/tren-AVE.jpg\" width=\"159\" height=\"107\" \/><\/a><\/p>\n<p><a href=\"https:\/\/encrypted-tbn0.gstatic.com\/images?q=tbn:ANd9GcQ6aMoEGirWhbKF8HUDIYRA1QewXTK5Dpup8w&amp;s\"><img loading=\"lazy\" decoding=\"async\" class=\"alignleft \" src=\"https:\/\/encrypted-tbn0.gstatic.com\/images?q=tbn:ANd9GcQ6aMoEGirWhbKF8HUDIYRA1QewXTK5Dpup8w&amp;s\" width=\"165\" height=\"68\" \/><\/a><\/p>\n<p style=\"text-align: left\"><a href=\"https:\/\/brandemia.org\/contenido\/subidas\/2021\/12\/23-iryo-avlo-1024x576.jpg\"><img loading=\"lazy\" decoding=\"async\" class=\"alignleft\" src=\"https:\/\/brandemia.org\/contenido\/subidas\/2021\/12\/23-iryo-avlo-1024x576.jpg\" width=\"149\" height=\"84\" \/><\/a><\/p>\n<\/div>\n<\/div>\n<\/div>\n<\/div>\n<\/div>\n<\/div>\n<\/div>\n<p>&nbsp;<\/p>\n<p>&nbsp;<\/p>\n<p>&nbsp;<\/p>\n<p style=\"text-align: left\"><strong>Asturies ye la comunid\u00e1 aut\u00f3noma espa\u00f1ola con un mayor n\u00famberu de kil\u00f3metros de ferrocarril per habitante<\/strong> y dispon d&#8217;una estensa malla de cercan\u00edes que conecta les principales ciudaes y villes del centru de la rex\u00f3n, al travi\u00e9s de 473 kil\u00f3metros de v\u00edes d&#8217;anchu m\u00e9tricu (Feve) y d&#8217;otros 116,9 kil\u00f3metros d&#8217;anchu ib\u00e9ricu (Renfe).<\/p>\n<p><!--more--><\/p>\n<p>Sicas\u00ed, <strong>la \u00e1rea metropolitana del Princip\u00e1u ye la \u00fanica de too el pa\u00eds que presenta una ocupaci\u00f3n media de cada vag\u00f3n de tren inferior a la de cada autob\u00fas en funcionamientu.<\/strong> Am\u00e1s, ocho de cada diez persones que se mueven a diariu pel centru d&#8217;Asturies faenlo nel so veh\u00edculu particular y solo ocho de cada cien decantense por faelo nel tren.<\/p>\n<p>El panorama completar con unes cay\u00edes d&#8217;usuarios de les cercan\u00edes mientres l&#8217;\u00faltimu llustru qu&#8217;algama&#8217;l 40% nos servicios de l&#8217;antigua Feve y del 30% en Renfe, de forma que los pasaxeros nun cubren colo que paguen polos sos billetes nin la met\u00e1 del costu del viaxe<\/p>\n<div class=\"html-div xdj266r x11i5rnm xat24cr x1mh8g0r xexx8yu x4uap5 x18d9i69 xkhd6sd\" dir=\"auto\">\n<div class=\"html-div xdj266r x11i5rnm xat24cr x1mh8g0r xexx8yu x4uap5 x18d9i69 xkhd6sd\" dir=\"auto\">\n<div dir=\"auto\"><\/div>\n<div dir=\"auto\"><a href=\"https:\/\/www.renfe.com\/es\/es\/cercanias\/cercanias-asturias\/mapas\/_jcr_content\/root\/rfdetail_1533976044\/responsivegrid\/rfimg.coreimg.jpeg\/1698750173860\/asturias-2023.jpeg\"><img loading=\"lazy\" decoding=\"async\" class=\"aligncenter size-large\" src=\"https:\/\/www.renfe.com\/es\/es\/cercanias\/cercanias-asturias\/mapas\/_jcr_content\/root\/rfdetail_1533976044\/responsivegrid\/rfimg.coreimg.jpeg\/1698750173860\/asturias-2023.jpeg\" width=\"1156\" height=\"1121\" \/><\/a><\/div>\n<\/div>\n<\/div>\n<p style=\"text-align: center\"><span style=\"color: #008080\"><strong>FEVE<\/strong>: Ferrocarriles de V\u00eda Estrecha<\/span><\/p>\n<p style=\"text-align: center\"><a href=\"https:\/\/www.asturiesconbici.org\/images\/stories\/transportes\/mapa%20de%20trenes%20de%20cercanias%20de%20asturias.jpg\"><img loading=\"lazy\" decoding=\"async\" class=\"aligncenter size-large\" src=\"https:\/\/www.asturiesconbici.org\/images\/stories\/transportes\/mapa%20de%20trenes%20de%20cercanias%20de%20asturias.jpg\" width=\"1169\" height=\"1653\" \/><\/a>El tren pasa pol so peor momentu n&#8217;Asturies, cola mayor rede del pa\u00eds y el menor usu.<\/p>\n<p style=\"text-align: center\"><strong>Planu de la Rede de V\u00eda Estrecha (FEVE)<\/strong><br \/>\n<a href=\"https:\/\/www.spanishrailway.com\/wp-content\/uploads\/Plano-Via-estrecha-Vi-Albre.-FFE-1.jpg\"><img loading=\"lazy\" decoding=\"async\" class=\"aligncenter size-large\" src=\"https:\/\/www.spanishrailway.com\/wp-content\/uploads\/Plano-Via-estrecha-Vi-Albre.-FFE-1.jpg\" width=\"1980\" height=\"652\" \/><\/a><\/p>\n<p style=\"text-align: center\"><a href=\"https:\/\/img.lavdg.com\/sc\/z92Zf-22DTtJSf1I3XR4vSwYp1w=\/768x\/2023\/09\/12\/00121694528397844158229\/Foto\/mapaliunojk.jpg\"><img loading=\"lazy\" decoding=\"async\" class=\"aligncenter size-large\" src=\"https:\/\/img.lavdg.com\/sc\/z92Zf-22DTtJSf1I3XR4vSwYp1w=\/768x\/2023\/09\/12\/00121694528397844158229\/Foto\/mapaliunojk.jpg\" width=\"768\" height=\"432\" \/><\/a><\/p>\n","protected":false},"excerpt":{"rendered":"<p>Conseyer\u00eda Fomento, Cooperaci\u00f3n L. y Prevenci\u00f3n d&#8217;Incendios\/ gr\u00e1ficu \/ lanzadera Alta Velocid\u00e1 \/ II \/ Mapa ll\u00ednees rexonales y de cercan\u00edes \/ Llega en tresporte p\u00fablicu a les estaciones d&#8217;alta velocid\u00e1 coles Danzaderes Alta Velocid\u00e1. Un serviciu del Princip\u00e1u d&#8217;Asturies ta incluy\u00edu na tarifa CONECTA Conex\u00f3n. Dende 31 conceyos colos primeros trenes de la ma\u00f1ana [&hellip;]<\/p>\n","protected":false},"author":117,"featured_media":0,"comment_status":"open","ping_status":"open","sticky":false,"template":"","format":"standard","meta":{"footnotes":""},"categories":[232],"tags":[],"class_list":["post-41666","post","type-post","status-publish","format-standard","hentry","category-tresportes"],"_links":{"self":[{"href":"https:\/\/edublog.educastur.es\/ixuxu\/wp-json\/wp\/v2\/posts\/41666","targetHints":{"allow":["GET"]}}],"collection":[{"href":"https:\/\/edublog.educastur.es\/ixuxu\/wp-json\/wp\/v2\/posts"}],"about":[{"href":"https:\/\/edublog.educastur.es\/ixuxu\/wp-json\/wp\/v2\/types\/post"}],"author":[{"embeddable":true,"href":"https:\/\/edublog.educastur.es\/ixuxu\/wp-json\/wp\/v2\/users\/117"}],"replies":[{"embeddable":true,"href":"https:\/\/edublog.educastur.es\/ixuxu\/wp-json\/wp\/v2\/comments?post=41666"}],"version-history":[{"count":15,"href":"https:\/\/edublog.educastur.es\/ixuxu\/wp-json\/wp\/v2\/posts\/41666\/revisions"}],"predecessor-version":[{"id":41732,"href":"https:\/\/edublog.educastur.es\/ixuxu\/wp-json\/wp\/v2\/posts\/41666\/revisions\/41732"}],"wp:attachment":[{"href":"https:\/\/edublog.educastur.es\/ixuxu\/wp-json\/wp\/v2\/media?parent=41666"}],"wp:term":[{"taxonomy":"category","embeddable":true,"href":"https:\/\/edublog.educastur.es\/ixuxu\/wp-json\/wp\/v2\/categories?post=41666"},{"taxonomy":"post_tag","embeddable":true,"href":"https:\/\/edublog.educastur.es\/ixuxu\/wp-json\/wp\/v2\/tags?post=41666"}],"curies":[{"name":"wp","href":"https:\/\/api.w.org\/{rel}","templated":true}]}}