{"id":41695,"date":"2025-02-07T10:15:19","date_gmt":"2025-02-07T08:15:19","guid":{"rendered":"https:\/\/edublog.educastur.es\/ixuxu\/?p=41695"},"modified":"2025-02-10T10:52:47","modified_gmt":"2025-02-10T08:52:47","slug":"la-paz-premiase-y-investigase-nel-colexu-ruiz-tilve-de-la-corredoria","status":"publish","type":"post","link":"https:\/\/edublog.educastur.es\/ixuxu\/2025\/02\/la-paz-premiase-y-investigase-nel-colexu-ruiz-tilve-de-la-corredoria\/","title":{"rendered":"La paz pr\u00e9miase y invest\u00edgase nel colexu Ruiz-Tilve de La Corredoria"},"content":{"rendered":"<ul>\n<li>Fonte:<a href=\"https:\/\/www.lne.es\/oviedo\/2025\/02\/06\/paz-premia-investiga-colegio-ruiz-114039419.html?fbclid=PAZXh0bgNhZW0CMTEAAaZNkZXxteG7koR2dUTAeiWUwklxcZmg7prVgrxytXA6_qX0e836YXiRIJc_aem_5AicRvudvRAPCcZSDRI_DQ\"> LNE<\/a> \/<\/li>\n<\/ul>\n<p style=\"text-align: center\"><a href=\"https:\/\/estaticos-cdn.prensaiberica.es\/clip\/9654c311-ec52-4512-bfdc-1d46d7a70b68_16-9-aspect-ratio_default_0.webp\"><img loading=\"lazy\" decoding=\"async\" class=\"aligncenter size-large\" src=\"https:\/\/estaticos-cdn.prensaiberica.es\/clip\/9654c311-ec52-4512-bfdc-1d46d7a70b68_16-9-aspect-ratio_default_0.webp\" width=\"880\" height=\"495\" \/><\/a><\/p>\n<p>La paz pr\u00e9miase ya invest\u00edgase nel colexu Ruiz-Tilve de La Corredoria. Los 448 alumnos de Primaria del centru uvie\u00edn ellaboren trabayos sobro los galardonaos y candidatos a les distinciones que concede&#8217;l colexu. Toos esos materiales ax\u00fantase en llibros que se regalen a los condecoraos. Un proyectu que llega a tolos cursos de Primaria.<\/p>\n<p><!--more--><\/p>\n<p>Al empecipiase cada a\u00f1u, dende fai siete, los alumnos de Primaria del colexu p\u00fablicu Carmen Ruiz-Tilve entamen un trabayu d&#8217;investigaci\u00f3n. Esti llabor ta venceyada al VII Premiu pola Paz que convoca&#8217;l centru que lleva&#8217;l nome de la catedr\u00e1tica xubilada de Did\u00e1ctica de la Llingua y Lliteratura na Universid\u00e1 d&#8217;Uvi\u00e9u, escritora y cronista oficial de la ciud\u00e1. Los premiaos nes dos categor\u00edes -individual ya instituciones-, que nesta edici\u00f3n fueron el cantante Rodrigo Cueves y Mas Paz (Movimientu Asturianu pola Paz), y el restu de candidatures presentaes lleguen a les aules.<\/p>\n<p>Y ende empieza l&#8217;estudiu. Primero que s&#8217;apurrieren les distinciones el 30 de xineru, coincidiendo col D\u00eda de la Paz, los alumnos de los seis cursos de Primaria estudiaron la vida y la trayectoria profesional de los ocho aspirantes al Premiu pola Paz \u00abCarmen Ruiz-Tilve\u00bb. El so trabayu esponse nel centru y dempu\u00e9s ax\u00fantase, enll\u00edbrase y cada llibru unv\u00edase a los candidatos\u00bb, aseguraron la profesora Ana P\u00e9rez y el secretariu del colexu, Manel G\u00f3mez.<\/p>\n<p><strong>\u00abCultura de paz\u00bb. <\/strong>N&#8217;unos d\u00edes, los distingu\u00edos \u00abpol so decid\u00edu apurra na construcci\u00f3n d&#8217;una cultura de paz\u00bb, van recibir ese regalo, que forma parte del premiu que concede&#8217;l centru allug\u00e1u en La Corredoria. La finalid\u00e1 d&#8217;esti llabor que realicen los 448 alumnos de Primaria, resalt\u00f3 la directora del colexu, Adriana Gonz\u00e1lez, ye \u00ab<em>tresmiti-yos valores rellacionaos cola cultura de la paz, la solidarid\u00e1, la empat\u00eda y la collaboraci\u00f3n desinteresada pol bien com\u00fan\u00bb.<\/em><\/p>\n<p>\u00abBuscamos poner de relieve&#8217;l trabayu en munches ocasiones silenciosu de persones que s&#8217;esmolecen polos dem\u00e1s y que creemos merecen visibilizase y dales a conocer como exemplu de vida para&#8217;l nuesu alumn\u00e1u\u00bb, se\u00f1al\u00f3. En 6.\u00ba cursu se documentaron sobro&#8217;l cantante Rodrigo Cuevas, que nun pudo allegar a recoyer el premiu al atopase de xira en Chile pero que-yos unvio un v\u00eddeu pa estima-yos la distinci\u00f3n.<\/p>\n<p>\u00abFiximos presentaci\u00f3n n&#8217;otres clases y cada alumnu fixo un dibuxu\u00bb, indic\u00f3 Daniel Bomb\u00edn. Am\u00e1s, afirm\u00f3 l&#8217;alumnu, \u00abellabor\u00f3se un mural\u00bb. Los trabayos centraos en Rodrigo Cuevas t\u00e1n espuestos nel *hall del centru, mui cerca del accesu, al pie de los inspiraos en Maspaz (Movimientu Asturianu pola Paz). A unos metros, les par\u00e9s del sal\u00f3n d&#8217;usos m\u00faltiples axunten el restu de trabayos realizaos mientres les \u00faltimes selmanes nel colexu Carmen Ruiz-Tilve, al qu&#8217;alleguen 655 estudiantes.<\/p>\n<p><strong>Noticies. <\/strong>\u00abLle\u00edamos n&#8217;internet noticies que falaben sobro la Rede Europea de Llucha contra la Probeza y l&#8217;Esclusi\u00f3n Social\u00bb, sorray\u00f3 Marcos P\u00e9rez, de 4.\u00ba de Primaria. Con toa esa informaci\u00f3n pudieron realizar les ilustraciones y el mural. En 2.\u00ba centr\u00e1ronse nel Frida Club de F\u00fatbol Femenino, equipu uvie\u00edn fund\u00e1u en 2022. Los escolares buscaron el so escudu y la equipaci\u00f3n d&#8217;un club que munchos de los estudiantes conoc\u00eden y\u00e1 antes d&#8217;empezar a buscar datos.<\/p>\n<p>Los alumnos de 1.\u00ba de Primaria aver\u00e1rense al trabayu que desenvuelve Protecci\u00f3n Civil de Pilo\u00f1a y tami\u00e9n por Gonzalo M\u00edguez, coordinador de Protecci\u00f3n Civil n&#8217;Uvi\u00e9u y en 5.\u00ba ellaboraron documentaci\u00f3n sobro Maspaz. Otros estudiantes centrarense nel Centru Nacional d&#8217;Educaci\u00f3n nel Deporte y nel exjugador de baloncesto I\u00f1aki Zubizarreta.<\/p>\n<p>Anque tol trabayu realiz\u00e1u va ser unvi\u00e1u a los galardonaos y los candidatos al premiu, el centru va guardar una copia. Y darr\u00e9u puede prosiguise con esti trabayu, indicaron los profesores. El Premiu pola Paz Carmen Ruiz-Tilve lleva siete a\u00f1os destacando a quien apurran na construcci\u00f3n d&#8217;una cultura de paz, promoviendo<em><strong> \u00abel desenvolvimientu de capacidaes para&#8217;l di\u00e1logu, la tolerancia, la cooperaci\u00f3n, la conducta \u00e9tica y la non violencia\u00bb y trabayen para \u00abrevertir situaciones de probeza y desiguald\u00e1\u00bb.<\/strong><\/em><\/p>\n<p style=\"text-align: center\">\n<!-- iframe plugin v.6.0 wordpress.org\/plugins\/iframe\/ -->\n<iframe loading=\"lazy\" src=\"https:\/\/www.instagram.com\/reel\/DF3iie0o2a5\/embed\" width=\"640\" height=\"460\" 0=\"\/iframe\" scrolling=\"yes\" class=\"iframe-class\" frameborder=\"0\"><\/iframe>\n<\/p>\n","protected":false},"excerpt":{"rendered":"<p>Fonte: LNE \/ La paz pr\u00e9miase ya invest\u00edgase nel colexu Ruiz-Tilve de La Corredoria. Los 448 alumnos de Primaria del centru uvie\u00edn ellaboren trabayos sobro los galardonaos y candidatos a les distinciones que concede&#8217;l colexu. Toos esos materiales ax\u00fantase en llibros que se regalen a los condecoraos. Un proyectu que llega a tolos cursos de [&hellip;]<\/p>\n","protected":false},"author":117,"featured_media":0,"comment_status":"open","ping_status":"open","sticky":false,"template":"","format":"standard","meta":{"footnotes":""},"categories":[64,58],"tags":[],"class_list":["post-41695","post","type-post","status-publish","format-standard","hentry","category-carmen-ruiz-tilve","category-premios"],"_links":{"self":[{"href":"https:\/\/edublog.educastur.es\/ixuxu\/wp-json\/wp\/v2\/posts\/41695","targetHints":{"allow":["GET"]}}],"collection":[{"href":"https:\/\/edublog.educastur.es\/ixuxu\/wp-json\/wp\/v2\/posts"}],"about":[{"href":"https:\/\/edublog.educastur.es\/ixuxu\/wp-json\/wp\/v2\/types\/post"}],"author":[{"embeddable":true,"href":"https:\/\/edublog.educastur.es\/ixuxu\/wp-json\/wp\/v2\/users\/117"}],"replies":[{"embeddable":true,"href":"https:\/\/edublog.educastur.es\/ixuxu\/wp-json\/wp\/v2\/comments?post=41695"}],"version-history":[{"count":3,"href":"https:\/\/edublog.educastur.es\/ixuxu\/wp-json\/wp\/v2\/posts\/41695\/revisions"}],"predecessor-version":[{"id":41708,"href":"https:\/\/edublog.educastur.es\/ixuxu\/wp-json\/wp\/v2\/posts\/41695\/revisions\/41708"}],"wp:attachment":[{"href":"https:\/\/edublog.educastur.es\/ixuxu\/wp-json\/wp\/v2\/media?parent=41695"}],"wp:term":[{"taxonomy":"category","embeddable":true,"href":"https:\/\/edublog.educastur.es\/ixuxu\/wp-json\/wp\/v2\/categories?post=41695"},{"taxonomy":"post_tag","embeddable":true,"href":"https:\/\/edublog.educastur.es\/ixuxu\/wp-json\/wp\/v2\/tags?post=41695"}],"curies":[{"name":"wp","href":"https:\/\/api.w.org\/{rel}","templated":true}]}}