{"id":41709,"date":"2025-02-09T21:01:19","date_gmt":"2025-02-09T19:01:19","guid":{"rendered":"https:\/\/edublog.educastur.es\/ixuxu\/?p=41709"},"modified":"2025-02-10T15:13:23","modified_gmt":"2025-02-10T13:13:23","slug":"41709","status":"publish","type":"post","link":"https:\/\/edublog.educastur.es\/ixuxu\/2025\/02\/41709\/","title":{"rendered":"La uvieina Eva Otero, Campeona d&#8217;Europa Sub 21 de Kumite"},"content":{"rendered":"<div class=\"xdj266r x11i5rnm xat24cr x1mh8g0r x1vvkbs x126k92a\">\n<ul>\n<li dir=\"auto\"><span class=\"html-span xdj266r x11i5rnm xat24cr x1mh8g0r xexx8yu x4uap5 x18d9i69 xkhd6sd x1hl2dhg x16tdsg8 x1vvkbs\"><a class=\"x1i10hfl xjbqb8w x1ejq31n xd10rxx x1sy0etr x17r0tee x972fbf xcfux6l x1qhh985 xm0m39n x9f619 x1ypdohk xt0psk2 xe8uvvx xdj266r x11i5rnm xat24cr x1mh8g0r xexx8yu x4uap5 x18d9i69 xkhd6sd x16tdsg8 x1hl2dhg xggy1nq x1a2a7pz x1sur9pj xkrqix3 x1fey0fg x1s688f\" role=\"link\" href=\"https:\/\/www.facebook.com\/ArenasKarate?__cft__[0]=AZX2ZB02LM45tOeLnZs7L9SqqbnrjKoOEJZyDgGWOU-Syn2A1c6Ww_VaSo8RhgOKh7x7DfK2ZHcvaxfWWCHWWFuPvwt-l0h-cixka7OyhtfJBLTlxaSMYHBSzpfIwkx1DAer9CJe-CQId-IcYKOvvfcLhVLbZyJ3EwV0A0NVmpkfMWe2YUGyypgtWuroEGjwzqPsI0P1g0V8nYPO27DKo_HJByC5L6L3Y1gqGDhYgIcmPA&amp;__tn__=-]K-y-R\"><span class=\"xt0psk2\"><span class=\"xjp7ctv\"><span aria-describedby=\":r2ai:\">Arenas Sport Center<\/span><\/span><\/span><\/a><\/span>\/ <img loading=\"lazy\" decoding=\"async\" class=\"xz74otr\" src=\"https:\/\/static.xx.fbcdn.net\/images\/emoji.php\/v9\/t5d\/1\/16\/1f4f7.png\" alt=\"\ud83d\udcf7\" width=\"16\" height=\"16\" \/> <span class=\"html-span xdj266r x11i5rnm xat24cr x1mh8g0r xexx8yu x4uap5 x18d9i69 xkhd6sd x1hl2dhg x16tdsg8 x1vvkbs\"><a class=\"x1i10hfl xjbqb8w x1ejq31n xd10rxx x1sy0etr x17r0tee x972fbf xcfux6l x1qhh985 xm0m39n x9f619 x1ypdohk xt0psk2 xe8uvvx xdj266r x11i5rnm xat24cr x1mh8g0r xexx8yu x4uap5 x18d9i69 xkhd6sd x16tdsg8 x1hl2dhg xggy1nq x1a2a7pz x1sur9pj xkrqix3 x1fey0fg x1s688f\" role=\"link\" href=\"https:\/\/www.facebook.com\/RFEKarate?__cft__[0]=AZX2ZB02LM45tOeLnZs7L9SqqbnrjKoOEJZyDgGWOU-Syn2A1c6Ww_VaSo8RhgOKh7x7DfK2ZHcvaxfWWCHWWFuPvwt-l0h-cixka7OyhtfJBLTlxaSMYHBSzpfIwkx1DAer9CJe-CQId-IcYKOvvfcLhVLbZyJ3EwV0A0NVmpkfMWe2YUGyypgtWuroEGjwzqPsI0P1g0V8nYPO27DKo_HJByC5L6L3Y1gqGDhYgIcmPA&amp;__tn__=-]K-y-R\"><span class=\"xt0psk2\"><span class=\"xjp7ctv\"><span aria-describedby=\":r2e7:\">Real Federaci\u00f3n Espa\u00f1ola de K\u00e1rate y Disciplinas Asociadas<\/span><\/span><\/span><\/a><\/span><\/li>\n<\/ul>\n<p style=\"text-align: center\">\n<!-- iframe plugin v.6.0 wordpress.org\/plugins\/iframe\/ -->\n<iframe loading=\"lazy\" src=\"https:\/\/www.instagram.com\/reel\/DF3DERDoNOG\/embed\" width=\"400\" 0=\"height=&quot;750\" 1=\"\/iframe\" height=\"500\" scrolling=\"yes\" class=\"iframe-class\" frameborder=\"0\"><\/iframe>\n<\/p>\n<div dir=\"auto\">La uvieina Eva Otero, del club Arenas Sport Center, proclam\u00f3se esta tarde <strong>Campeona d&#8217;Europa Sub 21 de Kumite na categor\u00eda U21 -61<\/strong>, una modalid\u00e1 de k\u00e1rate por equipos, nel Europ\u00e9u que se celebra en Polonia. \u00a1Norabona, Eva! Yes tou un exemplu y un motivu d&#8217;arguyu para Uvi\u00e9u.<\/div>\n<ul>\n<li dir=\"auto\">Fonte: <a href=\"https:\/\/www.msn.com\/es-es\/deportes\/other\/la-karateka-ovetense-eva-otero-campeona-de-europa-sub-21\/ar-AA1yJt6t?ocid=BingNewsSerp\">MSN<\/a> \/ <a href=\"https:\/\/www.instagram.com\/hantei_karate\/\">Instagram<\/a><\/li>\n<\/ul>\n<p><!--more--><\/p>\n<p style=\"text-align: center\">\n<!-- iframe plugin v.6.0 wordpress.org\/plugins\/iframe\/ -->\n<iframe loading=\"lazy\" src=\"https:\/\/www.facebook.com\/plugins\/post.php?href=https%3A%2F%2Fwww.facebook.com%2Falfredocanteliovd%2Fposts%2Fpfbid0cR6YTmxte75fgJkAkRV3vpaup2hqRjeMCy8FBVbD4Bih9UNhtKfbYPtguPKjkLqRl&#038;show_text=false&#038;width=500\" width=\"500\" height=\"498\" style=\"border:none;overflow:hidden\" scrolling=\"no\" frameborder=\"0\" allowfullscreen=\"true\" allow=\"autoplay; clipboard-write; encrypted-media; picture-in-picture; web-share\" 0=\"\/iframe\" class=\"iframe-class\"><\/iframe>\n<\/p>\n<\/div>\n<p>La uvieina Eva Otero proclam\u00f3se ayeri campeona d&#8217;Europa na categor\u00eda sub-21, en menos de 61 quilos, na competici\u00f3n celebrada na localid\u00e1 polaca de Bielsko-Bailla. Na final la deportista asturiana imp\u00fasose a la representante ucraniana.<\/p>\n<p>Nun foi la d&#8217;Otero la \u00fanica medaya asturiana en Polonia. Beatriz Palleiro llogr\u00f3 la presea de plata como componente del equipu nacional de katas, nuna final na que finalmente s&#8217;impunxo Francia. Pela so parte, Borja Guti\u00e9rrez f\u00edzolo col bronce en +84 quilos en venciendo al so competidor polacu.<\/p>\n<p>Hubo otros dos asturianos na selecci\u00f3n, Irene Fern\u00e1ndez y Hugo \u00c1lvarez, que tornaron ensin medaya a pesar de la so bona actuaci\u00f3n.<\/p>\n<p style=\"text-align: center\">\n<!-- iframe plugin v.6.0 wordpress.org\/plugins\/iframe\/ -->\n<iframe loading=\"lazy\" src=\"https:\/\/www.instagram.com\/reel\/DF0z4L_uLN7\/embed\" width=\"400\" 0=\"height=&quot;750\" 1=\"\/iframe\" height=\"500\" scrolling=\"yes\" class=\"iframe-class\" frameborder=\"0\"><\/iframe>\n<\/p>\n<p style=\"text-align: center\">\n<!-- iframe plugin v.6.0 wordpress.org\/plugins\/iframe\/ -->\n<iframe loading=\"lazy\" src=\"https:\/\/www.instagram.com\/reel\/DFfNroEIJmh\/embed\" width=\"460\" 0=\"height=&quot;640\" 1=\"\/iframe\" height=\"500\" scrolling=\"yes\" class=\"iframe-class\" frameborder=\"0\"><\/iframe>\n<\/p>\n<p style=\"text-align: center\"><a href=\"https:\/\/img2.rtve.es\/v\/6842662\/square\/?h=400\"><img loading=\"lazy\" decoding=\"async\" class=\"aligncenter size-large\" src=\"https:\/\/img2.rtve.es\/v\/6842662\/square\/?h=400\" width=\"712\" height=\"400\" \/><\/a><\/p>\n","protected":false},"excerpt":{"rendered":"<p>Arenas Sport Center\/ Real Federaci\u00f3n Espa\u00f1ola de K\u00e1rate y Disciplinas Asociadas La uvieina Eva Otero, del club Arenas Sport Center, proclam\u00f3se esta tarde Campeona d&#8217;Europa Sub 21 de Kumite na categor\u00eda U21 -61, una modalid\u00e1 de k\u00e1rate por equipos, nel Europ\u00e9u que se celebra en Polonia. \u00a1Norabona, Eva! Yes tou un exemplu y un motivu [&hellip;]<\/p>\n","protected":false},"author":117,"featured_media":0,"comment_status":"open","ping_status":"open","sticky":false,"template":"","format":"standard","meta":{"footnotes":""},"categories":[133],"tags":[],"class_list":["post-41709","post","type-post","status-publish","format-standard","hentry","category-deportes"],"_links":{"self":[{"href":"https:\/\/edublog.educastur.es\/ixuxu\/wp-json\/wp\/v2\/posts\/41709","targetHints":{"allow":["GET"]}}],"collection":[{"href":"https:\/\/edublog.educastur.es\/ixuxu\/wp-json\/wp\/v2\/posts"}],"about":[{"href":"https:\/\/edublog.educastur.es\/ixuxu\/wp-json\/wp\/v2\/types\/post"}],"author":[{"embeddable":true,"href":"https:\/\/edublog.educastur.es\/ixuxu\/wp-json\/wp\/v2\/users\/117"}],"replies":[{"embeddable":true,"href":"https:\/\/edublog.educastur.es\/ixuxu\/wp-json\/wp\/v2\/comments?post=41709"}],"version-history":[{"count":17,"href":"https:\/\/edublog.educastur.es\/ixuxu\/wp-json\/wp\/v2\/posts\/41709\/revisions"}],"predecessor-version":[{"id":41728,"href":"https:\/\/edublog.educastur.es\/ixuxu\/wp-json\/wp\/v2\/posts\/41709\/revisions\/41728"}],"wp:attachment":[{"href":"https:\/\/edublog.educastur.es\/ixuxu\/wp-json\/wp\/v2\/media?parent=41709"}],"wp:term":[{"taxonomy":"category","embeddable":true,"href":"https:\/\/edublog.educastur.es\/ixuxu\/wp-json\/wp\/v2\/categories?post=41709"},{"taxonomy":"post_tag","embeddable":true,"href":"https:\/\/edublog.educastur.es\/ixuxu\/wp-json\/wp\/v2\/tags?post=41709"}],"curies":[{"name":"wp","href":"https:\/\/api.w.org\/{rel}","templated":true}]}}