{"id":41733,"date":"2025-02-10T15:26:13","date_gmt":"2025-02-10T13:26:13","guid":{"rendered":"https:\/\/edublog.educastur.es\/ixuxu\/?p=41733"},"modified":"2025-02-15T15:29:57","modified_gmt":"2025-02-15T13:29:57","slug":"atopen-un-dianu-negru-nespana","status":"publish","type":"post","link":"https:\/\/edublog.educastur.es\/ixuxu\/2025\/02\/atopen-un-dianu-negru-nespana\/","title":{"rendered":"Atopen un Dia\u00f1u Negru n&#8217;Espa\u00f1a, el rape abisal prietu de la peli de \u00abNemo\u00bb"},"content":{"rendered":"<p style=\"text-align: center\">\n<!-- iframe plugin v.6.0 wordpress.org\/plugins\/iframe\/ -->\n<iframe loading=\"lazy\" width=\"640\" height=\"360\" src=\"https:\/\/www.youtube.com\/embed\/HeDoQAO3NXI\" title=\"&#039;Un diablo negro&#039;, o rape abisal, a plena luz del d\u00eda cerca de la costa de Tenerife\" frameborder=\"0\" allow=\"accelerometer; autoplay; clipboard-write; encrypted-media; gyroscope; picture-in-picture; web-share\" referrerpolicy=\"strict-origin-when-cross-origin\" 0=\"allowfullscreen\" 1=\"\/iframe\" scrolling=\"yes\" class=\"iframe-class\"><\/iframe>\n<\/p>\n<p>Atopen un Dia\u00f1u Negru n&#8217;Espa\u00f1a: asina ye&#8217;l pexe abisal que nunca se vio cerca de la superficie.<span style=\"color: #008080\"><strong> Un pexe abisal ye una especie acu\u00e1tica que vive nes fondures marines, concretamente no que se conoz como zona abisal.<\/strong><\/span> Habiten m\u00e1s de mil metros so la superficie, allugamientu a la que nun llega la lluz solar y toos tienen daqu\u00e9 de mancom\u00fan: el so aspeutu de bisarma. \u00bfRecuerdes ese malv\u00e1u rape abisal de color negru con afilaos dientes qu&#8217;apaez en \u2018Buscando a Nemo\u2019? Pos apaeci\u00f3 unu n&#8217;Espa\u00f1a y el so afayu ye m\u00e1s importante de lo que crees.<\/p>\n<ul>\n<li>Fonte: <a href=\"https:\/\/www.msn.com\/es-es\/viajes\/ideas-de-viajes\/encuentran-un-diablo-negro-en-espa%C3%B1a-as%C3%AD-es-el-pez-abisal-que-nunca-se-hab%C3%ADa-visto-cerca-de-la-superficie\/ar-AA1yBeCC?ocid=msedgntp&amp;cvid=077a199b43b7402b9c33681f42e44315&amp;ei=18\">MSN<\/a> \/ <a href=\"https:\/\/www.bing.com\/images\/search?q=pez+abisal+espa%c3%b1a&amp;qpvt=pez+abisal+espa%c3%b1a&amp;form=IGRE&amp;first=1\"><strong>imaxes<\/strong><\/a> \/<a href=\"https:\/\/es.wikipedia.org\/wiki\/Melanocetus_johnsonii\"> wikipedia<\/a> \/<\/li>\n<\/ul>\n<p><!--more--><\/p>\n<p style=\"text-align: center\">\n<!-- iframe plugin v.6.0 wordpress.org\/plugins\/iframe\/ -->\n<iframe loading=\"lazy\" src=\"https:\/\/www.facebook.com\/plugins\/video.php?height=476&#038;href=https%3A%2F%2Fwww.facebook.com%2Freel%2F1297893638080445%2F&#038;show_text=false&#038;width=267&#038;t=0\" width=\"267\" height=\"476\" style=\"border:none;overflow:hidden\" scrolling=\"no\" frameborder=\"0\" allowfullscreen=\"true\" allow=\"autoplay; clipboard-write; encrypted-media; picture-in-picture; web-share\" 0=\"\/iframe\" class=\"iframe-class\"><\/iframe>\n<\/p>\n<p style=\"text-align: center\"><a href=\"https:\/\/img-s-msn-com.akamaized.net\/tenant\/amp\/entityid\/AA1yAY9u.img?w=534&amp;h=300&amp;m=6\"><img loading=\"lazy\" decoding=\"async\" class=\"aligncenter size-large\" src=\"https:\/\/img-s-msn-com.akamaized.net\/tenant\/amp\/entityid\/AA1yAY9u.img?w=534&amp;h=300&amp;m=6\" width=\"534\" height=\"300\" \/><\/a><\/p>\n<p><strong>Nun sabemos si da m\u00e1s mieu na pel\u00edcula o na vida real&#8230; <\/strong>Conoc\u00edu como&#8217;l Dia\u00f1u Negru, <strong>esti exemplar foi top\u00e1u nes ag\u00fces de Tenerife<\/strong>, daqu\u00e9 ins\u00f3litu por cuenta de que nunca s&#8217;hab\u00eda vistu unu cerca de la superficie en neng\u00fan llugar del mundu. <strong>La captura tuvo llugar el pas\u00e1u 26 de xineru<\/strong>\u00a0 cerca de la sablera San Ju\u00e1n y apenes unes hores dempu\u00e9s morri\u00f3, y\u00e1 que s&#8217;atopaba \u201cabondo estropi\u00e1u, en mala traza\u201d, seg\u00fan esplic\u00f3 la bi\u00f3loga marina Laia Valor.<\/p>\n<p>Valor tami\u00e9n asegur\u00f3 que ye bien dif\u00edcil determinar el motivu pol que&#8217;l rape abisal lleg\u00f3 hasta la superficie, y\u00e1 que \u201cnun ye daqu\u00e9 normal\u201d ya inclusive podr\u00eda ser \u201cla primer vegada que\u201d que se ve daqu\u00e9 asina na hestoria. De sigu\u00edo puedes velo en v\u00eddeu.<\/p>\n<p style=\"text-align: center\"><a href=\"https:\/\/th.bing.com\/th\/id\/R.7285f924bccabd8d71c542d4a4adfed9?rik=q5%2boJtDQqRzJSw&amp;pid=ImgRaw&amp;r=0\"><img loading=\"lazy\" decoding=\"async\" class=\"aligncenter \" src=\"https:\/\/th.bing.com\/th\/id\/R.7285f924bccabd8d71c542d4a4adfed9?rik=q5%2boJtDQqRzJSw&amp;pid=ImgRaw&amp;r=0\" width=\"720\" height=\"684\" \/><\/a><\/p>\n<p style=\"text-align: left\">El rape abisal ye un pexe qu&#8217;habita a fondures que bazcuyen ente los 200 y los 2.000 metros. <strong>Ye c\u00e9lebre pol so bioluminiscencia, un mecanismu de caza nel qu&#8217;el so ap\u00e9ndiz dorsal, coloniz\u00e1u por bacteries simbi\u00f3tiques, emite lluz p&#8217;atraer a les sos preses na m\u00e1s absoluta escurid\u00e1 de les fondures.<\/strong><\/p>\n<p style=\"text-align: center\"><a href=\"https:\/\/www.shutterstock.com\/image-vector\/outline-terrible-funny-fish-flashlight-260nw-1439304026.jpg\"><img loading=\"lazy\" decoding=\"async\" class=\"aligncenter size-large\" src=\"https:\/\/www.shutterstock.com\/image-vector\/outline-terrible-funny-fish-flashlight-260nw-1439304026.jpg\" width=\"312\" height=\"280\" \/><\/a><\/p>\n<p style=\"text-align: center\"><a href=\"https:\/\/1.bp.blogspot.com\/-lNJOFQt0A_o\/X5stfeqMHtI\/AAAAAAAALvA\/6bE61pmtY0grz6Ovwzb8-P573-KiGzxbACLcBGAsYHQ\/s1024\/pez+de+luz.jpg\"><img loading=\"lazy\" decoding=\"async\" class=\"aligncenter \" src=\"https:\/\/1.bp.blogspot.com\/-lNJOFQt0A_o\/X5stfeqMHtI\/AAAAAAAALvA\/6bE61pmtY0grz6Ovwzb8-P573-KiGzxbACLcBGAsYHQ\/s1024\/pez+de+luz.jpg\" width=\"500\" height=\"500\" \/><\/a><\/p>\n<p>El poeta mexicanu Luis Eduardo Garc\u00eda y\u00e1 previera lo del pexe abisal, pero ensin el murniu final. Del llibru de poemes para infancies Apuntiaos (2020).<\/p>\n<p style=\"text-align: center\">\n<!-- iframe plugin v.6.0 wordpress.org\/plugins\/iframe\/ -->\n<iframe loading=\"lazy\" src=\"https:\/\/www.facebook.com\/plugins\/post.php?href=https%3A%2F%2Fwww.facebook.com%2FLetrasNomadas%2Fposts%2Fpfbid02gnFBCopWr62HFCRWjcUBUJMbaGwKD87VGS9iZXiJ9jDjE1ZuJAT7Dk9MKKQ93rGsl&#038;show_text=false&#038;width=500\" width=\"500\" height=\"498\" style=\"border:none;overflow:hidden\" scrolling=\"no\" frameborder=\"0\" allowfullscreen=\"true\" allow=\"autoplay; clipboard-write; encrypted-media; picture-in-picture; web-share\" 0=\"\/iframe\" class=\"iframe-class\"><\/iframe>\n<\/p>\n<p>La grabaci\u00f3n amuesa lo que s&#8217;entiende como&#8217;l <strong>tama\u00f1u real d&#8217;esti pexe<\/strong>, que xener\u00f3 ciertu tracamundiu ente los usuarios, pos la imaxe viral paez otorga-y unes dimensiones mayores de lo que la especie presenta en realid\u00e1.<\/p>\n<p>Magar paecer apavoriante, <strong>esti pexe ye inofensivu pal ser humanu<\/strong>. Les femes lleguen a midir hasta 18 cent\u00edmetros, ente que&#8217;l machu apenes algama los 3 cent\u00edmetros.<\/p>\n<p>La especie, identificada cient\u00edficamente como Melanocetus johnsonii, <strong>habita n&#8217;ag\u00fces fondes, xeneralmente ente los 200 y los 2.000 metros de fondura.<\/strong><\/p>\n<p>Seg\u00fan la bi\u00f3loga marina Laia Valor, quien particip\u00f3 na verificaci\u00f3n del fechu, l&#8217;animal atopose en condiciones an\u00f3males pa la so especie, lo que pudo debese a m\u00faltiples factores, como l&#8217;acci\u00f3n de corrientes ascendentes, dalguna patolox\u00eda o inclusive la fuxida d&#8217;un depredador. En constatando que&#8217;l rape abisal finara, foi recoy\u00edu y tresllad\u00e1u al Mus\u00e9u de la Naturaleza y Arqueolox\u00eda de Santa Cruz de Tenerife.<\/p>\n<p style=\"text-align: center\">\n<!-- iframe plugin v.6.0 wordpress.org\/plugins\/iframe\/ -->\n<iframe loading=\"lazy\" src=\"https:\/\/www.facebook.com\/plugins\/post.php?href=https%3A%2F%2Fwww.facebook.com%2Felespanol2015%2Fposts%2Fpfbid02Kd3yVu9ESJZgCtrggqG4rZmMJ5Pq8aNiMvGfg9Ckbyq8Ao4QUAbL6mT43i6nuUGWl&#038;show_text=false&#038;width=500\" width=\"500\" height=\"498\" style=\"border:none;overflow:hidden\" scrolling=\"no\" frameborder=\"0\" allowfullscreen=\"true\" allow=\"autoplay; clipboard-write; encrypted-media; picture-in-picture; web-share\" 0=\"\/iframe\" class=\"iframe-class\"><\/iframe>\n<\/p>\n<p style=\"text-align: center\">\n<!-- iframe plugin v.6.0 wordpress.org\/plugins\/iframe\/ -->\n<iframe loading=\"lazy\" src=\"https:\/\/www.facebook.com\/plugins\/post.php?href=https%3A%2F%2Fwww.facebook.com%2FMaravillasdelPlanetaTierra1%2Fposts%2Fpfbid0jMyUobNzbSJjrTWjn9ryYHncoEdpRtyGmxXj8f5RaPib5NadxH4hTwohoX1J6E9Xl&#038;show_text=false&#038;width=500\" width=\"500\" height=\"498\" style=\"border:none;overflow:hidden\" scrolling=\"no\" frameborder=\"0\" allowfullscreen=\"true\" allow=\"autoplay; clipboard-write; encrypted-media; picture-in-picture; web-share\" 0=\"\/iframe\" class=\"iframe-class\"><\/iframe>\n<\/p>\n<p><strong>Espectacular imaxe . <\/strong>El buceador que film\u00f3 al pexe negru, David Jara apaeci\u00f3 en redes sociales y esclari\u00f3 delles duldes, amosando imaxes in\u00e9dites del alcuentru. En neng\u00fan momentu amos\u00f3 comportamientos agresivos, y\u00e1 que taba m\u00e1s desnorti\u00e1u qu&#8217;otra cosa.<strong> Tr\u00e1tase d&#8217;una fema<\/strong>, una y bones los machos nun superen los 2 o 3 cent\u00edmetros de llargu y nun tienen esa antena tan caracter\u00edstica. Esisten delles hip\u00f3tesis sobre por qu\u00e9 l&#8217;animal atop\u00e1base abargana de la superficie, siendo les principales que tuviera enfermu, atrap\u00e1u por una corriente ascendente o fuxendo d&#8217;un depredador.<\/p>\n<p style=\"text-align: center\">\n<!-- iframe plugin v.6.0 wordpress.org\/plugins\/iframe\/ -->\n<iframe loading=\"lazy\" src=\"https:\/\/www.facebook.com\/plugins\/post.php?href=https%3A%2F%2Fwww.facebook.com%2Fpermalink.php%3Fstory_fbid%3Dpfbid0VuEP8inBgPTNmV1abD1NgyjtpTZWM1Qqpz4tBntnpTgrf5GKS894dopRbs2zuN6Bl%26id%3D100093623586141&#038;show_text=false&#038;width=500\" width=\"500\" height=\"433\" style=\"border:none;overflow:hidden\" scrolling=\"no\" frameborder=\"0\" allowfullscreen=\"true\" allow=\"autoplay; clipboard-write; encrypted-media; picture-in-picture; web-share\" 0=\"\/iframe\" class=\"iframe-class\"><\/iframe>\n<\/p>\n<p style=\"text-align: center\">\n<!-- iframe plugin v.6.0 wordpress.org\/plugins\/iframe\/ -->\n<iframe loading=\"lazy\" src=\"https:\/\/www.facebook.com\/plugins\/post.php?href=https%3A%2F%2Fwww.facebook.com%2Fphoto.php%3Ffbid%3D1190363279313450%26set%3Da.255323952817392%26type%3D3&#038;show_text=false&#038;width=500\" width=\"500\" height=\"620\" style=\"border:none;overflow:hidden\" scrolling=\"no\" frameborder=\"0\" allowfullscreen=\"true\" allow=\"autoplay; clipboard-write; encrypted-media; picture-in-picture; web-share\" 0=\"\/iframe\" class=\"iframe-class\"><\/iframe>\n<\/p>\n","protected":false},"excerpt":{"rendered":"<p>Atopen un Dia\u00f1u Negru n&#8217;Espa\u00f1a: asina ye&#8217;l pexe abisal que nunca se vio cerca de la superficie. Un pexe abisal ye una especie acu\u00e1tica que vive nes fondures marines, concretamente no que se conoz como zona abisal. Habiten m\u00e1s de mil metros so la superficie, allugamientu a la que nun llega la lluz solar y [&hellip;]<\/p>\n","protected":false},"author":117,"featured_media":0,"comment_status":"open","ping_status":"open","sticky":false,"template":"","format":"standard","meta":{"footnotes":""},"categories":[25],"tags":[],"class_list":["post-41733","post","type-post","status-publish","format-standard","hentry","category-curiosidaes"],"_links":{"self":[{"href":"https:\/\/edublog.educastur.es\/ixuxu\/wp-json\/wp\/v2\/posts\/41733","targetHints":{"allow":["GET"]}}],"collection":[{"href":"https:\/\/edublog.educastur.es\/ixuxu\/wp-json\/wp\/v2\/posts"}],"about":[{"href":"https:\/\/edublog.educastur.es\/ixuxu\/wp-json\/wp\/v2\/types\/post"}],"author":[{"embeddable":true,"href":"https:\/\/edublog.educastur.es\/ixuxu\/wp-json\/wp\/v2\/users\/117"}],"replies":[{"embeddable":true,"href":"https:\/\/edublog.educastur.es\/ixuxu\/wp-json\/wp\/v2\/comments?post=41733"}],"version-history":[{"count":13,"href":"https:\/\/edublog.educastur.es\/ixuxu\/wp-json\/wp\/v2\/posts\/41733\/revisions"}],"predecessor-version":[{"id":42038,"href":"https:\/\/edublog.educastur.es\/ixuxu\/wp-json\/wp\/v2\/posts\/41733\/revisions\/42038"}],"wp:attachment":[{"href":"https:\/\/edublog.educastur.es\/ixuxu\/wp-json\/wp\/v2\/media?parent=41733"}],"wp:term":[{"taxonomy":"category","embeddable":true,"href":"https:\/\/edublog.educastur.es\/ixuxu\/wp-json\/wp\/v2\/categories?post=41733"},{"taxonomy":"post_tag","embeddable":true,"href":"https:\/\/edublog.educastur.es\/ixuxu\/wp-json\/wp\/v2\/tags?post=41733"}],"curies":[{"name":"wp","href":"https:\/\/api.w.org\/{rel}","templated":true}]}}