{"id":41740,"date":"2025-02-10T08:40:51","date_gmt":"2025-02-10T06:40:51","guid":{"rendered":"https:\/\/edublog.educastur.es\/ixuxu\/?p=41740"},"modified":"2025-02-10T15:39:46","modified_gmt":"2025-02-10T13:39:46","slug":"41740","status":"publish","type":"post","link":"https:\/\/edublog.educastur.es\/ixuxu\/2025\/02\/41740\/","title":{"rendered":"Una borrasca fr\u00eda va cruciar la Pen\u00ednsula ente ma\u00f1ana y el xueves"},"content":{"rendered":"<p style=\"text-align: center\"><a href=\"https:\/\/services.meteored.com\/img\/article\/un-bloqueo-en-latitudes-altas-dirigira-varias-borrascas-a-espana-se-preven-lluvias-tormentas-y-nieve-en-estas-zonas-1739139280277_1024.png\"><img loading=\"lazy\" decoding=\"async\" class=\"aligncenter size-large\" src=\"https:\/\/services.meteored.com\/img\/article\/un-bloqueo-en-latitudes-altas-dirigira-varias-borrascas-a-espana-se-preven-lluvias-tormentas-y-nieve-en-estas-zonas-1739139280277_1024.png\" width=\"1024\" height=\"723\" \/><\/a><\/p>\n<ul>\n<li>Fonte: <a href=\"https:\/\/www.tiempo.com\/noticias\/prediccion\/un-bloqueo-dirigira-borrascas-hacia-espana-el-experto-samuel-biener-preve-lluvia-tormentas-y-nieve-en-estas-zonas.html?fbclid=IwY2xjawIW37lleHRuA2FlbQIxMQABHYPRgVB9AYFQIHPGFSJE-Ifmy3Gu8aDTEeWlSKMBYRbimUS724g_5QAhxQ_aem_UFnJA6sQlRs_sgrJrg_cPA\">El Tiempo.com<\/a> \/<\/li>\n<\/ul>\n<p>Una umbada fr\u00eda va cruciar la Pen\u00ednsula ente ma\u00f1ana y el xueves. G\u00fcei los bastios van concentrase nel terciu norte peninsular, por cuenta del aproximamientu d&#8217;una zona de baxes presiones en superficie y xuna vaguada n&#8217;altor dende l&#8217;Atl\u00e1nticu.<\/p>\n<p><!--more--><\/p>\n<p>Esta selmana nun vamos falar de precipitaciones especialmente cuantioses, pero van afectar a casi toa nuesa xeograf\u00eda. A partir de la fin de selmana podr\u00eda configurase una situaci\u00f3n de fase negativa de la <strong>NAO (Oscilaci\u00f3n del Atl\u00e1nticu Norte)<\/strong>, polo que la umbaes podr\u00eden circular por llatit\u00faes bastante baxes, partiendo abondoses precipitaciones na nuesa xeograf\u00eda.<\/p>\n<p><a href=\"https:\/\/services.meteored.com\/img\/article\/un-bloqueo-en-latitudes-altas-dirigira-varias-borrascas-a-espana-se-preven-lluvias-tormentas-y-nieve-en-estas-zonas-1739139379842_1024.png\"><img loading=\"lazy\" decoding=\"async\" class=\"aligncenter size-large\" src=\"https:\/\/services.meteored.com\/img\/article\/un-bloqueo-en-latitudes-altas-dirigira-varias-borrascas-a-espana-se-preven-lluvias-tormentas-y-nieve-en-estas-zonas-1739139379842_1024.png\" width=\"1024\" height=\"723\" \/><\/a><\/p>\n<p>&nbsp;<\/p>\n","protected":false},"excerpt":{"rendered":"<p>Fonte: El Tiempo.com \/ Una umbada fr\u00eda va cruciar la Pen\u00ednsula ente ma\u00f1ana y el xueves. G\u00fcei los bastios van concentrase nel terciu norte peninsular, por cuenta del aproximamientu d&#8217;una zona de baxes presiones en superficie y xuna vaguada n&#8217;altor dende l&#8217;Atl\u00e1nticu.<\/p>\n","protected":false},"author":117,"featured_media":0,"comment_status":"open","ping_status":"open","sticky":false,"template":"","format":"standard","meta":{"footnotes":""},"categories":[5],"tags":[],"class_list":["post-41740","post","type-post","status-publish","format-standard","hentry","category-tiempu"],"_links":{"self":[{"href":"https:\/\/edublog.educastur.es\/ixuxu\/wp-json\/wp\/v2\/posts\/41740","targetHints":{"allow":["GET"]}}],"collection":[{"href":"https:\/\/edublog.educastur.es\/ixuxu\/wp-json\/wp\/v2\/posts"}],"about":[{"href":"https:\/\/edublog.educastur.es\/ixuxu\/wp-json\/wp\/v2\/types\/post"}],"author":[{"embeddable":true,"href":"https:\/\/edublog.educastur.es\/ixuxu\/wp-json\/wp\/v2\/users\/117"}],"replies":[{"embeddable":true,"href":"https:\/\/edublog.educastur.es\/ixuxu\/wp-json\/wp\/v2\/comments?post=41740"}],"version-history":[{"count":5,"href":"https:\/\/edublog.educastur.es\/ixuxu\/wp-json\/wp\/v2\/posts\/41740\/revisions"}],"predecessor-version":[{"id":41745,"href":"https:\/\/edublog.educastur.es\/ixuxu\/wp-json\/wp\/v2\/posts\/41740\/revisions\/41745"}],"wp:attachment":[{"href":"https:\/\/edublog.educastur.es\/ixuxu\/wp-json\/wp\/v2\/media?parent=41740"}],"wp:term":[{"taxonomy":"category","embeddable":true,"href":"https:\/\/edublog.educastur.es\/ixuxu\/wp-json\/wp\/v2\/categories?post=41740"},{"taxonomy":"post_tag","embeddable":true,"href":"https:\/\/edublog.educastur.es\/ixuxu\/wp-json\/wp\/v2\/tags?post=41740"}],"curies":[{"name":"wp","href":"https:\/\/api.w.org\/{rel}","templated":true}]}}