{"id":41753,"date":"2025-02-21T09:00:01","date_gmt":"2025-02-21T07:00:01","guid":{"rendered":"https:\/\/edublog.educastur.es\/ixuxu\/?p=41753"},"modified":"2025-02-21T14:11:23","modified_gmt":"2025-02-21T12:11:23","slug":"41753","status":"publish","type":"post","link":"https:\/\/edublog.educastur.es\/ixuxu\/2025\/02\/41753\/","title":{"rendered":"D\u00eda Internacional de la Llingua Materna"},"content":{"rendered":"<blockquote>\n<ul>\n<li class=\"html-h3 x11i5rnm xat24cr x1mh8g0r xexx8yu x4uap5 x18d9i69 xkhd6sd x1vvkbs x1heor9g x1qlqyl8 x1pd3egz x1a2a7pz x1gslohp x1yc453h\"><span class=\"x1lliihq x6ikm8r x10wlt62 x1n2onr6\"><span class=\"xt0psk2\"><a class=\"x1i10hfl xjbqb8w x1ejq31n xd10rxx x1sy0etr x17r0tee x972fbf xcfux6l x1qhh985 xm0m39n x9f619 x1ypdohk xt0psk2 xe8uvvx xdj266r x11i5rnm xat24cr x1mh8g0r xexx8yu x4uap5 x18d9i69 xkhd6sd x16tdsg8 x1hl2dhg xggy1nq x1a2a7pz x1sur9pj xkrqix3 xzsf02u x1s688f\" role=\"link\" href=\"https:\/\/www.facebook.com\/educastur?__cft__[0]=AZXf8eM5CAix5XAotZRc2WBogY4R8d4EJvtDfPqA4rstG5TaXEGfqjRmccaDmNksuk8DibVczMtNpWXw6ybt1CgwoGb4tYyqjv9vaJarpDPSeESZCSdEdRjRayMJra-IkcF2bCu08q1hte1Tz64xk5R4yx2KKJASOPGCZv1sz4NpgBjXyrBLOJVw8eFKno8_tMX5vQzBugbfBjc7R9GPFOT_sUJM3-8TWZ4hxPQ9WlrW3g&amp;__tn__=-UC%2CP-y-R\" aria-describedby=\":R2taikpqkdqllajaillkqismipapd5aq:\"><strong class=\"html-strong xdj266r x11i5rnm xat24cr x1mh8g0r xexx8yu x4uap5 x18d9i69 xkhd6sd x1hl2dhg x16tdsg8 x1vvkbs x1s688f\"><span class=\"html-span xdj266r x11i5rnm xat24cr x1mh8g0r xexx8yu x4uap5 x18d9i69 xkhd6sd x1hl2dhg x16tdsg8 x1vvkbs\">Consejer\u00eda de Educaci\u00f3n del Principado <\/span><\/strong><\/a><\/span><\/span><img loading=\"lazy\" decoding=\"async\" class=\"xz74otr\" src=\"https:\/\/static.xx.fbcdn.net\/images\/emoji.php\/v9\/t4d\/1\/16\/1f445.png\" alt=\"\ud83d\udc45\" width=\"16\" height=\"16\" \/><span class=\"html-span xexx8yu x4uap5 x18d9i69 xkhd6sd x1hl2dhg x16tdsg8 x1vvkbs x3nfvp2 x1j61x8r x1fcty0u xdj266r xat24cr xgzva0m xhhsvwb xxymvpz xlup9mm x1kky2od\"><img loading=\"lazy\" decoding=\"async\" class=\"xz74otr\" src=\"https:\/\/static.xx.fbcdn.net\/images\/emoji.php\/v9\/t68\/1\/16\/1f469_1f3fb_200d_1f37c.png\" alt=\"\ud83d\udc69\ud83c\udffb\u200d\ud83c\udf7c\" width=\"16\" height=\"16\" \/><\/span><\/li>\n<\/ul>\n<\/blockquote>\n<p>G\u00fcei cel\u00e9brase&#8217;l <strong>D\u00eda Internacional de la Llingua Materna<\/strong>, una xornada que dende l&#8217;a\u00f1u 1999 defende la promoci\u00f3n de la diversid\u00e1 lling\u00fc\u00edstica y l&#8217;educaci\u00f3n multiling\u00fce. La Conseyer\u00eda d&#8217;Educaci\u00f3n quier contribuyir a esta efem\u00e9ride con una serie d<a href=\"https:\/\/www.educastur.es\/-\/21-02-dia-internacional-lengua-materna-2025?redirect=%2Fasturiano%2Fllingua-materna\">&#8216;aplicaciones did\u00e1ctiques pensaes para esta y otres celebraciones d&#8217;inter\u00e9s singular.<\/a><\/p>\n<blockquote>\n<p style=\"text-align: center\"><span style=\"color: #0000ff;font-size: 20px\"><strong><em>Les lling\u00fces importen; 40 a\u00f1os coles nuestres<\/em><\/strong><\/span><\/p>\n<\/blockquote>\n<p style=\"text-align: center\"><a href=\"https:\/\/www.educastur.es\/documents\/34868\/41113\/2022-02-efemerides-lengua-materna-21-02-300x90jpg.jpg\/db9ffca1-2d82-70f1-e4eb-57e9c4d28fea?t=1666628674509\"><img loading=\"lazy\" decoding=\"async\" class=\"aligncenter size-large\" src=\"https:\/\/www.educastur.es\/documents\/34868\/41113\/2022-02-efemerides-lengua-materna-21-02-300x90jpg.jpg\/db9ffca1-2d82-70f1-e4eb-57e9c4d28fea?t=1666628674509\" width=\"300\" height=\"90\" \/><\/a><\/p>\n<ul>\n<li>Fonte: <a href=\"https:\/\/www.educastur.es\/-\/21-02-dia-internacional-lengua-materna-2025?redirect=%2F\">Educastur<\/a> \/ <a href=\"https:\/\/view.genially.com\/67a5b5a958773e129e59bb57\/interactive-content-xeres-llingua-materna-y-mas\" target=\"_blank\" rel=\"noopener\">Actividaes dixitales<\/a>\u00a0(Genially) \/<\/li>\n<\/ul>\n<p style=\"text-align: center\">\n<!-- iframe plugin v.6.0 wordpress.org\/plugins\/iframe\/ -->\n<iframe loading=\"lazy\" frameborder=\"0\" width=\"600px\" height=\"338px\" src=\"https:\/\/view.genial.ly\/67a5b5a958773e129e59bb57\" 0=\"\/iframe\" scrolling=\"yes\" class=\"iframe-class\"><\/iframe>\n<\/p>\n<p><!--more--><\/p>\n<ul>\n<li><em><span style=\"color: #0000ff\"><strong>Actividaes dixitales:<br \/>\n<\/strong><\/span><\/em><em><span style=\"color: #0000ff\">&#8211; 21-02. D\u00eda Internacional de la Llingua Materna<\/span><\/em><br \/>\n<em><span style=\"color: #0000ff\">&#8211; 11-02. D\u00eda Internacional de la Nena y la Muyer na Ciencia<\/span><\/em><br \/>\n<em><span style=\"color: #0000ff\">&#8211; 13-02. D\u00eda Internacional de la Radio<\/span><\/em><\/li>\n<\/ul>\n<p><strong>La Educaci\u00f3n multilling\u00fce: una pilastra pal aprendimientu interxeneracional<\/strong><\/p>\n<p>Les sociedaes multilling\u00fces y multiculturales esisten per aciu de les sos lling\u00fces que tresmiten y preserven la conocencia y la cultura como erb\u00eda crucial pa una educaci\u00f3n inclusiva. Les lling\u00fces maternes act\u00faen como facilitadores del aprendimientu ama\u00f1osu y permanente y son finxos p\u2019algamar un accesu equitativu a la educaci\u00f3n y oportunidaes pal aprendimientu de toles persones.<\/p>\n<p>La Conseyer\u00eda d\u2019Educaci\u00f3n quier contribuyir a esta efem\u00e9ride con una serie d\u2019aplicaciones did\u00e1ctiques iguaes pa esta y otres celebraciones d\u2019inter\u00e9s singulares d\u2019esti mes dedicaes a la radio y a la ne\u00f1a y la muyer na ciencia.<\/p>\n<p style=\"text-align: center\"><span style=\"color: #008080\"><strong><span class=\"yt-core-attributed-string yt-core-attributed-string--white-space-pre-wrap\" dir=\"auto\" role=\"text\"><span class=\"yt-core-attributed-string--link-inherit-color\" dir=\"auto\">Cuentu narr\u00e1u y adapt\u00e1u del orixinal; \u00abFalar ensin parar\u00bb<br \/>\nde Carlos Gonz\u00e1lez Espina. <\/span><\/span><\/strong><\/span>por <a href=\"https:\/\/www.youtube.com\/@ahb9638\"><strong>Alba Hern\u00e1ndez<\/strong> <\/a><\/p>\n<p style=\"text-align: center\"><a href=\"https:\/\/www.youtube.com\/watch?v=6Ps5Wm3t-yw&amp;source_ve_path=MTc4NDI0\">VER VIDEU nesti enllaz \/ nun se pue incrustar nel blogue<\/a><\/p>\n<p style=\"text-align: center\"><span style=\"color: #008080\">Por Natalia Riego<strong> \u00abD\u00eda da llingua materna\u00bb<\/strong> (Eonaviego)<\/span><\/p>\n<p style=\"text-align: center\">\n<!-- iframe plugin v.6.0 wordpress.org\/plugins\/iframe\/ -->\n<iframe loading=\"lazy\" frameborder=\"0\" width=\"600px\" height=\"338px\" src=\"https:\/\/view.genial.ly\/6763075a8900398dc950c941\" 0=\"\/iframe\" scrolling=\"yes\" class=\"iframe-class\"><\/iframe>\n<\/p>\n<p style=\"text-align: center\"><span style=\"color: #008080\"><strong>Por Adara Garc\u00eda Gonz\u00e1lez<\/strong><\/span><\/p>\n<p style=\"text-align: center\">\n<!-- iframe plugin v.6.0 wordpress.org\/plugins\/iframe\/ -->\n<iframe loading=\"lazy\" frameborder=\"0\" width=\"600px\" height=\"338px\" src=\"https:\/\/view.genial.ly\/6780f065cda2ef60d4da149f\" 0=\"\/iframe\" scrolling=\"yes\" class=\"iframe-class\"><\/iframe>\n<\/p>\n<p style=\"text-align: center\"><strong><a href=\"https:\/\/www.canva.com\/design\/DAGeqSYfNiY\/KneiEv2AdPiSsGyMgmg7Cg\/edit\">Canva<\/a><\/strong><\/p>\n<p style=\"text-align: center\">\n<!-- iframe plugin v.6.0 wordpress.org\/plugins\/iframe\/ -->\n<iframe loading=\"lazy\" 0=\"width:\" 1=\"460px;\" 2=\"height:\" 3=\"900px;\" src=\"https:\/\/www.canva.com\/design\/DAGeqSYfNiY\/KneiEv2AdPiSsGyMgmg7Cg\/view?embed\" allowfullscreen=\"allowfullscreen\" allow=\"fullscreen\" 4=\"\/iframe\" width=\"100%\" height=\"500\" scrolling=\"yes\" class=\"iframe-class\" frameborder=\"0\"><\/iframe>\n<\/p>\n<p style=\"text-align: center\"><a href=\"https:\/\/www.canva.com\/design\/DAGeqSYfNiY\/KneiEv2AdPiSsGyMgmg7Cg\/edit\"><span style=\"color: #008080\">Xuegu <strong>\u00abNun digas&#8230;\u00bb<\/strong> Alba Hern\u00e1ndez Canva<\/span><\/a><\/p>\n<p style=\"text-align: center\">\n<!-- iframe plugin v.6.0 wordpress.org\/plugins\/iframe\/ -->\n<iframe loading=\"lazy\" 0=\"width:\" 1=\"460px;\" 2=\"height:\" 3=\"900px;\" src=\"https:\/\/www.canva.com\/design\/DAGepwMhII0\/19Gby2OIMgol1erhgqNZqg\/view?embed\" allowfullscreen=\"allowfullscreen\" allow=\"fullscreen\" 4=\"\/iframe\" width=\"100%\" height=\"500\" scrolling=\"yes\" class=\"iframe-class\" frameborder=\"0\"><\/iframe>\n<\/p>\n<p>&nbsp;<\/p>\n<p style=\"text-align: center\"><span style=\"color: #008080\"><strong><span class=\"yt-core-attributed-string yt-core-attributed-string--white-space-pre-wrap\" dir=\"auto\" role=\"text\"><span class=\"yt-core-attributed-string--link-inherit-color\" dir=\"auto\">\u00a0<\/span><\/span><\/strong><\/span><\/p>\n","protected":false},"excerpt":{"rendered":"<p>Consejer\u00eda de Educaci\u00f3n del Principado G\u00fcei cel\u00e9brase&#8217;l D\u00eda Internacional de la Llingua Materna, una xornada que dende l&#8217;a\u00f1u 1999 defende la promoci\u00f3n de la diversid\u00e1 lling\u00fc\u00edstica y l&#8217;educaci\u00f3n multiling\u00fce. La Conseyer\u00eda d&#8217;Educaci\u00f3n quier contribuyir a esta efem\u00e9ride con una serie d&#8216;aplicaciones did\u00e1ctiques pensaes para esta y otres celebraciones d&#8217;inter\u00e9s singular. Les lling\u00fces importen; 40 a\u00f1os [&hellip;]<\/p>\n","protected":false},"author":117,"featured_media":0,"comment_status":"open","ping_status":"open","sticky":false,"template":"","format":"standard","meta":{"footnotes":""},"categories":[6,31],"tags":[],"class_list":["post-41753","post","type-post","status-publish","format-standard","hentry","category-dia-de","category-llingua"],"_links":{"self":[{"href":"https:\/\/edublog.educastur.es\/ixuxu\/wp-json\/wp\/v2\/posts\/41753","targetHints":{"allow":["GET"]}}],"collection":[{"href":"https:\/\/edublog.educastur.es\/ixuxu\/wp-json\/wp\/v2\/posts"}],"about":[{"href":"https:\/\/edublog.educastur.es\/ixuxu\/wp-json\/wp\/v2\/types\/post"}],"author":[{"embeddable":true,"href":"https:\/\/edublog.educastur.es\/ixuxu\/wp-json\/wp\/v2\/users\/117"}],"replies":[{"embeddable":true,"href":"https:\/\/edublog.educastur.es\/ixuxu\/wp-json\/wp\/v2\/comments?post=41753"}],"version-history":[{"count":13,"href":"https:\/\/edublog.educastur.es\/ixuxu\/wp-json\/wp\/v2\/posts\/41753\/revisions"}],"predecessor-version":[{"id":42416,"href":"https:\/\/edublog.educastur.es\/ixuxu\/wp-json\/wp\/v2\/posts\/41753\/revisions\/42416"}],"wp:attachment":[{"href":"https:\/\/edublog.educastur.es\/ixuxu\/wp-json\/wp\/v2\/media?parent=41753"}],"wp:term":[{"taxonomy":"category","embeddable":true,"href":"https:\/\/edublog.educastur.es\/ixuxu\/wp-json\/wp\/v2\/categories?post=41753"},{"taxonomy":"post_tag","embeddable":true,"href":"https:\/\/edublog.educastur.es\/ixuxu\/wp-json\/wp\/v2\/tags?post=41753"}],"curies":[{"name":"wp","href":"https:\/\/api.w.org\/{rel}","templated":true}]}}