{"id":41777,"date":"2025-02-11T13:32:48","date_gmt":"2025-02-11T11:32:48","guid":{"rendered":"https:\/\/edublog.educastur.es\/ixuxu\/?p=41777"},"modified":"2025-02-11T14:29:19","modified_gmt":"2025-02-11T12:29:19","slug":"viermo-carpinteiro-a-nova-revista-de-lliteratura-en-eonaviego","status":"publish","type":"post","link":"https:\/\/edublog.educastur.es\/ixuxu\/2025\/02\/viermo-carpinteiro-a-nova-revista-de-lliteratura-en-eonaviego\/","title":{"rendered":"\u00abViermo Carpinteiro\u00bb, a nova revista de lliteratura en eonaviego"},"content":{"rendered":"<div class=\"html-div xdj266r x11i5rnm xat24cr x1mh8g0r xexx8yu x1a8lsjc x1swvt13 x1pi30zi\">\n<div class=\"html-div xdj266r x11i5rnm xat24cr x1mh8g0r xexx8yu x4uap5 x18d9i69 xkhd6sd x1jx94hy x78zum5 x1q0g3np\">\n<div class=\"x78zum5 xdt5ytf xz62fqu x16ldp7u\">\n<div class=\"xu06os2 x1ok221b\">\n<div class=\"html-div xdj266r x11i5rnm xat24cr x1mh8g0r xexx8yu x4uap5 x18d9i69 xkhd6sd\" data-ad-rendering-role=\"profile_name\">\n<ul>\n<li class=\"html-h3 x11i5rnm xat24cr x1mh8g0r xexx8yu x4uap5 x18d9i69 xkhd6sd x1vvkbs x1heor9g x1qlqyl8 x1pd3egz x1a2a7pz x1gslohp x1yc453h\"><span class=\"x1lliihq x6ikm8r x10wlt62 x1n2onr6\"><span class=\"xt0psk2\"><a class=\"x1i10hfl xjbqb8w x1ejq31n xd10rxx x1sy0etr x17r0tee x972fbf xcfux6l x1qhh985 xm0m39n x9f619 x1ypdohk xt0psk2 xe8uvvx xdj266r x11i5rnm xat24cr x1mh8g0r xexx8yu x4uap5 x18d9i69 xkhd6sd x16tdsg8 x1hl2dhg xggy1nq x1a2a7pz x1sur9pj xkrqix3 xzsf02u x1s688f\" role=\"link\" href=\"https:\/\/www.facebook.com\/AcademiadelaLlinguaAsturiana?__cft__[0]=AZVNfKNWCZVGSjXzUjrUYXVw_cm0s0VGEOT1a9yhZP0AyOQnM4-dMq1Q8cVknj6aFME2JGRJAVXk_e78pg7An9PSTxz6wjpYDsQGGOCYcEzSnTjPVoUrdCu54OZlVzD5frchHsMJT79yiv-yl3dDaH6OyW3XBwPpF9B76PUPrCVkgakf4sSDHqbU2RHnSaJsZuDLHRtQ257R4BCudn6XrKpKGznAvBWohZYAWMURGzhiMQ&amp;__tn__=-UC%2CP-y-R\" aria-describedby=\":rbm:\"><strong class=\"html-strong xdj266r x11i5rnm xat24cr x1mh8g0r xexx8yu x4uap5 x18d9i69 xkhd6sd x1hl2dhg x16tdsg8 x1vvkbs x1s688f\"><span class=\"html-span xdj266r x11i5rnm xat24cr x1mh8g0r xexx8yu x4uap5 x18d9i69 xkhd6sd x1hl2dhg x16tdsg8 x1vvkbs\">Academia de la Llingua Asturiana<\/span><\/strong><\/a><\/span><\/span>\/ enllaz seguinte: <span class=\"html-span xdj266r x11i5rnm xat24cr x1mh8g0r xexx8yu x4uap5 x18d9i69 xkhd6sd x1hl2dhg x16tdsg8 x1vvkbs\" style=\"font-size: 16px\"><a class=\"x1i10hfl xjbqb8w x1ejq31n xd10rxx x1sy0etr x17r0tee x972fbf xcfux6l x1qhh985 xm0m39n x9f619 x1ypdohk xt0psk2 xe8uvvx xdj266r x11i5rnm xat24cr x1mh8g0r xexx8yu x4uap5 x18d9i69 xkhd6sd x16tdsg8 x1hl2dhg xggy1nq x1a2a7pz x1sur9pj xkrqix3 x1fey0fg x1s688f\" role=\"link\" href=\"https:\/\/l.facebook.com\/l.php?u=https%3A%2F%2Falladixital.org%2Fviermo-carpinteiro-a-nova-revista-de-lliteratura-en-eonaviego%2F%3Ffbclid%3DIwZXh0bgNhZW0CMTAAAR3oIZ_iYobE4OsTrkD_J_VCvXB7DbktDmJFtBeUl8w0Ucu348ON5p01s2A_aem_DJqEaKCB3XXnUt_s4zN5wg&amp;h=AT3u-g2wzCn7Y69GrkpaED-oqiMpwC4AlcQmaGMQpsSRVGlazMmA8r-SZNfPKdzlLG1AYY1DQC9GnbHEKOzhnG1n7fOjfYRsbfDkJuEUgRHRhzFVGZQfl2URVysBXn5u0g&amp;__tn__=-UK-y-R&amp;c[0]=AT306yfm3vbySGAcC5UK2a9u1ss7JdiFWSw6gYBySZjxrifGPL9NiLn7O7BAd5b1whdRmd4emGXFdiCQLBb0ZMMWVAZUysHG91se4uSu6edz-wHZkWVfb1_TizVIGCPmXhZJqkHrCClpY5gXVTvcuNcXPydVo5ZXH0m73e6S1YC3jSCX9d6jCRzViO1kYhe6QIY51LwoOuim-BqTW5r9nXaAEiw8Z2Hq9UyF79rdrorqM3FpZg\" target=\"_blank\" rel=\"nofollow noopener\">https:\/\/alladixital.org\/viermo-carpinteiro-a-nova&#8230;\/<\/a><\/span><\/li>\n<li><strong>Consulta toda a informaci\u00f3n da revista calcando<a href=\"https:\/\/alladixital.org\/productu\/viermo-carpinteiro-1\/\">\u00a0[EQU\u00cd].<\/a><\/strong><\/li>\n<\/ul>\n<p style=\"text-align: center\"><a href=\"https:\/\/alladixital.org\/wp-content\/uploads\/brizy\/imgs\/viermo-carpinteiro-1050x787x0x137x1050x512x1739201865.jpg\"><img loading=\"lazy\" decoding=\"async\" class=\"aligncenter \" src=\"https:\/\/alladixital.org\/wp-content\/uploads\/brizy\/imgs\/viermo-carpinteiro-1050x787x0x137x1050x512x1739201865.jpg\" width=\"669\" height=\"326\" \/><\/a><\/p>\n<p>As fogueiras y as torres de fougo val\u00edan, como agora os faros, pra guiar \u00e1s embarcaci\u00f3is nel mouro da noite y llevallas hasta un sito seguro na costa. Nel solsticio d\u2019inverno, as velas celebraban a lluz y allumaban dende as vent\u00e1s el cam\u00edn de volta \u00e1 casa.<\/p>\n<p><!--more--><\/p>\n<p>Atopar esa clarencia necesaria, ser qu\u00e9n a fender ou tornar a escurid\u00e1 qu\u2019\u00e1s veces nos envolve pra mirar d\u2019entender el mundo; cantarye al briyo das cousas, fer m\u00e1s grande el prodixo que temos alredor, \u00e9 el que buscamos al abrir un llibro, al ller ou escribir un conto, un poema, \u00faas llinias que son faraguyas de vida nel papel ou nas pantallas. Porque a lliteratura, a nosa lliteratura, \u00e9 un fougo que relluma, \u00faa rede entretexida cos filos da realid\u00e1 y a ficci\u00f3n, a hestoria, as tradici\u00f3is y os elementos todos que conforman a cultura, na trama da nosa llingua.<\/p>\n<p>Nel rico panorama da lliteratura asturiana, a producci\u00f3n escrita en eonaviego ocupa el sou sito con agayo, medrando d\u2019un xeito constante en cantid\u00e1 y calid\u00e1, consolidando os llogros y ensayando cam\u00edos novos.<\/p>\n<p>Nese panorama v\u00e9n pousarse, como punto de lluz n\u00faa noite de verao, este\u00a0<em>Viermo Carpinteiro<\/em>. Chega da mao da Secretar\u00eda Lling\u00fc\u00edstica del Navia-Eo da Academia de la Llingua Asturiana, pra darye cauce y visibilid\u00e1 \u00e1 creaci\u00f3n lliteraria na llingua de noso, mirando pol sou cultivo y promoci\u00f3n.<\/p>\n<p>Empeza a s\u00faa andadura esta revista cua intenci\u00f3n d\u2019acoyer y espeyar el arte da palabra na llingua del Navia-Eo, el eonaviego, y fer valir a capacid\u00e1 dos insectos que ye dan nome, os viermos carpinteiros, de desprender lluz.<\/p>\n<p>&nbsp;<\/p>\n<\/div>\n<\/div>\n<\/div>\n<\/div>\n<\/div>\n<p>&nbsp;<\/p>\n","protected":false},"excerpt":{"rendered":"<p>Academia de la Llingua Asturiana\/ enllaz seguinte: https:\/\/alladixital.org\/viermo-carpinteiro-a-nova&#8230;\/ Consulta toda a informaci\u00f3n da revista calcando\u00a0[EQU\u00cd]. As fogueiras y as torres de fougo val\u00edan, como agora os faros, pra guiar \u00e1s embarcaci\u00f3is nel mouro da noite y llevallas hasta un sito seguro na costa. Nel solsticio d\u2019inverno, as velas celebraban a lluz y allumaban dende as [&hellip;]<\/p>\n","protected":false},"author":117,"featured_media":0,"comment_status":"open","ping_status":"open","sticky":false,"template":"","format":"standard","meta":{"footnotes":""},"categories":[65,393,49],"tags":[],"class_list":["post-41777","post","type-post","status-publish","format-standard","hentry","category-alla","category-eonaviego","category-revistes"],"_links":{"self":[{"href":"https:\/\/edublog.educastur.es\/ixuxu\/wp-json\/wp\/v2\/posts\/41777","targetHints":{"allow":["GET"]}}],"collection":[{"href":"https:\/\/edublog.educastur.es\/ixuxu\/wp-json\/wp\/v2\/posts"}],"about":[{"href":"https:\/\/edublog.educastur.es\/ixuxu\/wp-json\/wp\/v2\/types\/post"}],"author":[{"embeddable":true,"href":"https:\/\/edublog.educastur.es\/ixuxu\/wp-json\/wp\/v2\/users\/117"}],"replies":[{"embeddable":true,"href":"https:\/\/edublog.educastur.es\/ixuxu\/wp-json\/wp\/v2\/comments?post=41777"}],"version-history":[{"count":3,"href":"https:\/\/edublog.educastur.es\/ixuxu\/wp-json\/wp\/v2\/posts\/41777\/revisions"}],"predecessor-version":[{"id":41786,"href":"https:\/\/edublog.educastur.es\/ixuxu\/wp-json\/wp\/v2\/posts\/41777\/revisions\/41786"}],"wp:attachment":[{"href":"https:\/\/edublog.educastur.es\/ixuxu\/wp-json\/wp\/v2\/media?parent=41777"}],"wp:term":[{"taxonomy":"category","embeddable":true,"href":"https:\/\/edublog.educastur.es\/ixuxu\/wp-json\/wp\/v2\/categories?post=41777"},{"taxonomy":"post_tag","embeddable":true,"href":"https:\/\/edublog.educastur.es\/ixuxu\/wp-json\/wp\/v2\/tags?post=41777"}],"curies":[{"name":"wp","href":"https:\/\/api.w.org\/{rel}","templated":true}]}}