{"id":41788,"date":"2025-02-11T09:32:03","date_gmt":"2025-02-11T07:32:03","guid":{"rendered":"https:\/\/edublog.educastur.es\/ixuxu\/?p=41788"},"modified":"2025-02-11T14:35:23","modified_gmt":"2025-02-11T12:35:23","slug":"dia-internacional-de-la-muyer-y-la-nena-na-ciencia-4","status":"publish","type":"post","link":"https:\/\/edublog.educastur.es\/ixuxu\/2025\/02\/dia-internacional-de-la-muyer-y-la-nena-na-ciencia-4\/","title":{"rendered":"D\u00eda Internacional de la Muyer y la Ne\u00f1a na Ciencia"},"content":{"rendered":"<p style=\"text-align: center\">\n<!-- iframe plugin v.6.0 wordpress.org\/plugins\/iframe\/ -->\n<iframe loading=\"lazy\" src=\"https:\/\/www.instagram.com\/reel\/DF7qFEtIv8j\/embed\" width=\"400\" height=\"600\" 0=\"\/iframe\" scrolling=\"yes\" class=\"iframe-class\" frameborder=\"0\"><\/iframe>\n<\/p>\n<div class=\"x9f619 xjbqb8w x1rg5ohu x168nmei x13lgxp2 x5pf9jr xo71vjh x1uhb9sk x1plvlek xryxfnj x1c4vz4f x2lah0s x1q0g3np xqjyukv x1qjc9v5 x1oa3qoh x1nhvcw1 x193iq5w x1xmf6yo\">\n<div><span class=\"_ap3a _aaco _aacu _aacx _aad7 _aade\" dir=\"auto\">\ud83d\udc9cG\u00fcei, nel <span style=\"color: #800080\"><strong>D\u00eda Internacional de la Muyer y la Ne\u00f1a na Ciencia<\/strong><\/span>, dex\u00e1mosvos un post informativu sobre la incorporaci\u00f3n de la mesma a esti mundu. \ud83e\uddec \ud83d\udc69\ud83c\udffc\u200d\ud83d\udd2cAm\u00e1s, dedicamos unes diapositives a falar de Margarita Salas, a la que-y dedicamos una esposici\u00f3n va a\u00f1os dende la Oficina. \ud83d\udc69\ud83c\udffd\u200d\ud83c\udfebTami\u00e9n apurrimos unes actividaes que pod\u00e9is usar como recursu did\u00e1uticu nel aula con motivu d&#8217;esti d\u00eda.<\/span><\/div>\n<div><\/div>\n<ul>\n<li>Fonte: <a href=\"https:\/\/www.instagram.com\/llinguaxixon\/\"><strong>llinguaXix\u00f3n<\/strong> <\/a>\/ <strong><a href=\"https:\/\/www.instagram.com\/p\/DF7qFEtIv8j\/\">ver\u00a0 publicaci\u00f3n<\/a><\/strong> \/<\/li>\n<\/ul>\n<\/div>\n","protected":false},"excerpt":{"rendered":"<p>\ud83d\udc9cG\u00fcei, nel D\u00eda Internacional de la Muyer y la Ne\u00f1a na Ciencia, dex\u00e1mosvos un post informativu sobre la incorporaci\u00f3n de la mesma a esti mundu. \ud83e\uddec \ud83d\udc69\ud83c\udffc\u200d\ud83d\udd2cAm\u00e1s, dedicamos unes diapositives a falar de Margarita Salas, a la que-y dedicamos una esposici\u00f3n va a\u00f1os dende la Oficina. \ud83d\udc69\ud83c\udffd\u200d\ud83c\udfebTami\u00e9n apurrimos unes actividaes que pod\u00e9is usar como recursu [&hellip;]<\/p>\n","protected":false},"author":117,"featured_media":0,"comment_status":"open","ping_status":"open","sticky":false,"template":"","format":"standard","meta":{"footnotes":""},"categories":[45,6,88],"tags":[],"class_list":["post-41788","post","type-post","status-publish","format-standard","hentry","category-ciencia","category-dia-de","category-o-llinguistica-xixon"],"_links":{"self":[{"href":"https:\/\/edublog.educastur.es\/ixuxu\/wp-json\/wp\/v2\/posts\/41788","targetHints":{"allow":["GET"]}}],"collection":[{"href":"https:\/\/edublog.educastur.es\/ixuxu\/wp-json\/wp\/v2\/posts"}],"about":[{"href":"https:\/\/edublog.educastur.es\/ixuxu\/wp-json\/wp\/v2\/types\/post"}],"author":[{"embeddable":true,"href":"https:\/\/edublog.educastur.es\/ixuxu\/wp-json\/wp\/v2\/users\/117"}],"replies":[{"embeddable":true,"href":"https:\/\/edublog.educastur.es\/ixuxu\/wp-json\/wp\/v2\/comments?post=41788"}],"version-history":[{"count":2,"href":"https:\/\/edublog.educastur.es\/ixuxu\/wp-json\/wp\/v2\/posts\/41788\/revisions"}],"predecessor-version":[{"id":41790,"href":"https:\/\/edublog.educastur.es\/ixuxu\/wp-json\/wp\/v2\/posts\/41788\/revisions\/41790"}],"wp:attachment":[{"href":"https:\/\/edublog.educastur.es\/ixuxu\/wp-json\/wp\/v2\/media?parent=41788"}],"wp:term":[{"taxonomy":"category","embeddable":true,"href":"https:\/\/edublog.educastur.es\/ixuxu\/wp-json\/wp\/v2\/categories?post=41788"},{"taxonomy":"post_tag","embeddable":true,"href":"https:\/\/edublog.educastur.es\/ixuxu\/wp-json\/wp\/v2\/tags?post=41788"}],"curies":[{"name":"wp","href":"https:\/\/api.w.org\/{rel}","templated":true}]}}