{"id":41816,"date":"2025-02-11T15:40:23","date_gmt":"2025-02-11T13:40:23","guid":{"rendered":"https:\/\/edublog.educastur.es\/ixuxu\/?p=41816"},"modified":"2025-02-11T15:43:48","modified_gmt":"2025-02-11T13:43:48","slug":"el-15-de-marzu-reabre-la-benefica-per-tolo-alto","status":"publish","type":"post","link":"https:\/\/edublog.educastur.es\/ixuxu\/2025\/02\/el-15-de-marzu-reabre-la-benefica-per-tolo-alto\/","title":{"rendered":"El 15 de marzu reabre La Ben\u00e9fica per tolo alto"},"content":{"rendered":"<div class=\"html-div xdj266r x11i5rnm xat24cr x1mh8g0r xexx8yu x1a8lsjc x1swvt13 x1pi30zi\">\n<div class=\"html-div xdj266r x11i5rnm xat24cr x1mh8g0r xexx8yu x4uap5 x18d9i69 xkhd6sd x1jx94hy x78zum5 x1q0g3np\">\n<div class=\"x78zum5 xdt5ytf xz62fqu x16ldp7u\">\n<div class=\"xu06os2 x1ok221b\">\n<div class=\"html-div xdj266r x11i5rnm xat24cr x1mh8g0r xexx8yu x4uap5 x18d9i69 xkhd6sd\" data-ad-rendering-role=\"profile_name\">\n<ul>\n<li class=\"html-h3 x11i5rnm xat24cr x1mh8g0r xexx8yu x4uap5 x18d9i69 xkhd6sd x1vvkbs x1heor9g x1qlqyl8 x1pd3egz x1a2a7pz x1gslohp x1yc453h\"><span class=\"x1lliihq x6ikm8r x10wlt62 x1n2onr6\"><span class=\"xt0psk2\"><a class=\"x1i10hfl xjbqb8w x1ejq31n xd10rxx x1sy0etr x17r0tee x972fbf xcfux6l x1qhh985 xm0m39n x9f619 x1ypdohk xt0psk2 xe8uvvx xdj266r x11i5rnm xat24cr x1mh8g0r xexx8yu x4uap5 x18d9i69 xkhd6sd x16tdsg8 x1hl2dhg xggy1nq x1a2a7pz x1sur9pj xkrqix3 xzsf02u x1s688f\" role=\"link\" href=\"https:\/\/www.facebook.com\/labeneficadepilona?__cft__[0]=AZXF8daP78fJz-ZcyT_SBp5ihjhthf3y2upojlXV508CNtzIif_r63WaKC1kM-UvOS-qNqkrDRN3CS2OG3ZHb_RtoRaOpAwQNeFa6myYzBLaePjo4OfAsRRYz0B6Hsp4yuQDRVKqor97yYikFRWzbZq3-SnJbXn9zgK9L3mKsREcDzMfFXupDlRkegDORx_Ubwj8epIbNfV1x9WDoC7Jer5oKaNpI0L1hRaHYQGMfL3EAg&amp;__tn__=-UC%2CP-y-R\" aria-describedby=\":rdl:\"><strong class=\"html-strong xdj266r x11i5rnm xat24cr x1mh8g0r xexx8yu x4uap5 x18d9i69 xkhd6sd x1hl2dhg x16tdsg8 x1vvkbs x1s688f\"><span class=\"html-span xdj266r x11i5rnm xat24cr x1mh8g0r xexx8yu x4uap5 x18d9i69 xkhd6sd x1hl2dhg x16tdsg8 x1vvkbs\">La Ben\u00e9fica de Pilo\u00f1a<\/span><\/strong><\/a><\/span><\/span><\/li>\n<\/ul>\n<p style=\"text-align: center\"><a href=\"https:\/\/labenefica.org\/wp-content\/uploads\/2021\/10\/Proyecto-1.jpg\"><img loading=\"lazy\" decoding=\"async\" class=\"aligncenter size-large\" src=\"https:\/\/labenefica.org\/wp-content\/uploads\/2021\/10\/Proyecto-1.jpg\" width=\"1409\" height=\"547\" \/><\/a><\/p>\n<p style=\"text-align: center\"><a href=\"https:\/\/labenefica.org\/wp-content\/uploads\/2025\/02\/Antroxu-25-Web-2048x614.jpg\"><img loading=\"lazy\" decoding=\"async\" class=\"aligncenter size-large\" src=\"https:\/\/labenefica.org\/wp-content\/uploads\/2025\/02\/Antroxu-25-Web-2048x614.jpg\" width=\"2048\" height=\"614\" \/><\/a><\/p>\n<\/div>\n<\/div>\n<\/div>\n<\/div>\n<\/div>\n<div class=\"html-div xdj266r x11i5rnm xat24cr x1mh8g0r xexx8yu x4uap5 x18d9i69 xkhd6sd\" dir=\"auto\">\n<div class=\"html-div xdj266r x11i5rnm xat24cr x1mh8g0r xexx8yu x4uap5 x18d9i69 xkhd6sd\" dir=\"auto\">\n<div class=\"html-div xdj266r x11i5rnm xat24cr x1mh8g0r xexx8yu x4uap5 x18d9i69 xkhd6sd\" data-ad-rendering-role=\"story_message\">\n<div class=\"x1l90r2v x1iorvi4 x1ye3gou xn6708d\" data-ad-comet-preview=\"message\" data-ad-preview=\"message\">\n<div class=\"x78zum5 xdt5ytf xz62fqu x16ldp7u\">\n<div class=\"xu06os2 x1ok221b\">\n<div class=\"xdj266r x11i5rnm xat24cr x1mh8g0r x1vvkbs x126k92a\">\n<div dir=\"auto\">Dix\u00edmosvos qu\u2019acutarais la fecha del 15 de marzu y equ\u00ed ta\u2019l motivu . <span class=\"html-span xexx8yu x4uap5 x18d9i69 xkhd6sd x1hl2dhg x16tdsg8 x1vvkbs x3nfvp2 x1j61x8r x1fcty0u xdj266r xat24cr xgzva0m xhhsvwb xxymvpz xlup9mm x1kky2od\">El 15 de marzu reabre La Ben\u00e9fica per tolo alto, una fecha que coincide, am\u00e1s, col\u2019Antroxu en Pilo\u00f1a <span class=\"html-span xexx8yu x4uap5 x18d9i69 xkhd6sd x1hl2dhg x16tdsg8 x1vvkbs x3nfvp2 x1j61x8r x1fcty0u xdj266r xat24cr xgzva0m xhhsvwb xxymvpz xlup9mm x1kky2od\"><img loading=\"lazy\" decoding=\"async\" class=\"xz74otr\" src=\"https:\/\/static.xx.fbcdn.net\/images\/emoji.php\/v9\/tae\/1\/16\/1f3ad.png\" alt=\"\ud83c\udfad\" width=\"16\" height=\"16\" \/><\/span><span class=\"html-span xexx8yu x4uap5 x18d9i69 xkhd6sd x1hl2dhg x16tdsg8 x1vvkbs x3nfvp2 x1j61x8r x1fcty0u xdj266r xat24cr xgzva0m xhhsvwb xxymvpz xlup9mm x1kky2od\"><img loading=\"lazy\" decoding=\"async\" class=\"xz74otr\" src=\"https:\/\/static.xx.fbcdn.net\/images\/emoji.php\/v9\/t6a\/1\/16\/1f46f_200d_2640.png\" alt=\"\ud83d\udc6f\u200d\u2640\ufe0f\" width=\"16\" height=\"16\" \/> <\/span><\/span>\u00a1Cuntando los d\u00edes! <span class=\"html-span xexx8yu x4uap5 x18d9i69 xkhd6sd x1hl2dhg x16tdsg8 x1vvkbs x3nfvp2 x1j61x8r x1fcty0u xdj266r xat24cr xgzva0m xhhsvwb xxymvpz xlup9mm x1kky2od\"><img loading=\"lazy\" decoding=\"async\" class=\"xz74otr\" src=\"https:\/\/static.xx.fbcdn.net\/images\/emoji.php\/v9\/tb7\/1\/16\/23f3.png\" alt=\"\u23f3\" width=\"16\" height=\"16\" \/> <\/span><span class=\"html-span xexx8yu x4uap5 x18d9i69 xkhd6sd x1hl2dhg x16tdsg8 x1vvkbs x3nfvp2 x1j61x8r x1fcty0u xdj266r xat24cr xgzva0m xhhsvwb xxymvpz xlup9mm x1kky2od\"><img loading=\"lazy\" decoding=\"async\" class=\"xz74otr\" src=\"https:\/\/static.xx.fbcdn.net\/images\/emoji.php\/v9\/t51\/1\/16\/1f449.png\" alt=\"\ud83d\udc49\" width=\"16\" height=\"16\" \/><\/span>Ten\u00e9is tola informaci\u00f3n y el programa ampli\u00e1u equ\u00ed <span class=\"html-span xdj266r x11i5rnm xat24cr x1mh8g0r xexx8yu x4uap5 x18d9i69 xkhd6sd x1hl2dhg x16tdsg8 x1vvkbs\"><a class=\"x1i10hfl xjbqb8w x1ejq31n xd10rxx x1sy0etr x17r0tee x972fbf xcfux6l x1qhh985 xm0m39n x9f619 x1ypdohk xt0psk2 xe8uvvx xdj266r x11i5rnm xat24cr x1mh8g0r xexx8yu x4uap5 x18d9i69 xkhd6sd x16tdsg8 x1hl2dhg xggy1nq x1a2a7pz x1sur9pj xkrqix3 x1fey0fg x1s688f\" role=\"link\" href=\"https:\/\/labenefica.org\/antroxu-en-danza-reapertura\/?fbclid=IwZXh0bgNhZW0CMTAAAR0RfS1oRoi6VfVFqFJC0KpsWuDjegM3sR0wLzyaYOtnsRjXuhYAjUuHveE_aem_spC1JxjEZS2CXuL1kNrwug\" target=\"_blank\" rel=\"nofollow noopener\">https:\/\/labenefica.org\/antroxu-en-danza-reapertura\/<\/a><\/span><\/div>\n<div dir=\"auto\"><!--more--><\/div>\n<\/div>\n<div class=\"x11i5rnm xat24cr x1mh8g0r x1vvkbs xtlvy1s x126k92a\">\n<div dir=\"auto\"><span class=\"html-span xdj266r x11i5rnm xat24cr x1mh8g0r xexx8yu x4uap5 x18d9i69 xkhd6sd x1hl2dhg x16tdsg8 x1vvkbs\"><a class=\"x1i10hfl xjbqb8w x1ejq31n xd10rxx x1sy0etr x17r0tee x972fbf xcfux6l x1qhh985 xm0m39n x9f619 x1ypdohk xt0psk2 xe8uvvx xdj266r x11i5rnm xat24cr x1mh8g0r xexx8yu x4uap5 x18d9i69 xkhd6sd x16tdsg8 x1hl2dhg xggy1nq x1a2a7pz x1sur9pj xkrqix3 x1fey0fg x1s688f\" role=\"link\" href=\"https:\/\/www.facebook.com\/hashtag\/laben%C3%A9fica?__eep__=6&amp;__cft__[0]=AZXF8daP78fJz-ZcyT_SBp5ihjhthf3y2upojlXV508CNtzIif_r63WaKC1kM-UvOS-qNqkrDRN3CS2OG3ZHb_RtoRaOpAwQNeFa6myYzBLaePjo4OfAsRRYz0B6Hsp4yuQDRVKqor97yYikFRWzbZq3-SnJbXn9zgK9L3mKsREcDzMfFXupDlRkegDORx_Ubwj8epIbNfV1x9WDoC7Jer5oKaNpI0L1hRaHYQGMfL3EAg&amp;__tn__=*NK-y-R\">#laben\u00e9fica<\/a><\/span> <span class=\"html-span xdj266r x11i5rnm xat24cr x1mh8g0r xexx8yu x4uap5 x18d9i69 xkhd6sd x1hl2dhg x16tdsg8 x1vvkbs\"><a class=\"x1i10hfl xjbqb8w x1ejq31n xd10rxx x1sy0etr x17r0tee x972fbf xcfux6l x1qhh985 xm0m39n x9f619 x1ypdohk xt0psk2 xe8uvvx xdj266r x11i5rnm xat24cr x1mh8g0r xexx8yu x4uap5 x18d9i69 xkhd6sd x16tdsg8 x1hl2dhg xggy1nq x1a2a7pz x1sur9pj xkrqix3 x1fey0fg x1s688f\" role=\"link\" href=\"https:\/\/www.facebook.com\/hashtag\/pilo%C3%B1a?__eep__=6&amp;__cft__[0]=AZXF8daP78fJz-ZcyT_SBp5ihjhthf3y2upojlXV508CNtzIif_r63WaKC1kM-UvOS-qNqkrDRN3CS2OG3ZHb_RtoRaOpAwQNeFa6myYzBLaePjo4OfAsRRYz0B6Hsp4yuQDRVKqor97yYikFRWzbZq3-SnJbXn9zgK9L3mKsREcDzMfFXupDlRkegDORx_Ubwj8epIbNfV1x9WDoC7Jer5oKaNpI0L1hRaHYQGMfL3EAg&amp;__tn__=*NK-y-R\">#pilo\u00f1a<\/a><\/span> <span class=\"html-span xdj266r x11i5rnm xat24cr x1mh8g0r xexx8yu x4uap5 x18d9i69 xkhd6sd x1hl2dhg x16tdsg8 x1vvkbs\"><a class=\"x1i10hfl xjbqb8w x1ejq31n xd10rxx x1sy0etr x17r0tee x972fbf xcfux6l x1qhh985 xm0m39n x9f619 x1ypdohk xt0psk2 xe8uvvx xdj266r x11i5rnm xat24cr x1mh8g0r xexx8yu x4uap5 x18d9i69 xkhd6sd x16tdsg8 x1hl2dhg xggy1nq x1a2a7pz x1sur9pj xkrqix3 x1fey0fg x1s688f\" role=\"link\" href=\"https:\/\/www.facebook.com\/hashtag\/cultura?__eep__=6&amp;__cft__[0]=AZXF8daP78fJz-ZcyT_SBp5ihjhthf3y2upojlXV508CNtzIif_r63WaKC1kM-UvOS-qNqkrDRN3CS2OG3ZHb_RtoRaOpAwQNeFa6myYzBLaePjo4OfAsRRYz0B6Hsp4yuQDRVKqor97yYikFRWzbZq3-SnJbXn9zgK9L3mKsREcDzMfFXupDlRkegDORx_Ubwj8epIbNfV1x9WDoC7Jer5oKaNpI0L1hRaHYQGMfL3EAg&amp;__tn__=*NK-y-R\">#cultura<\/a><\/span> <span class=\"html-span xdj266r x11i5rnm xat24cr x1mh8g0r xexx8yu x4uap5 x18d9i69 xkhd6sd x1hl2dhg x16tdsg8 x1vvkbs\"><a class=\"x1i10hfl xjbqb8w x1ejq31n xd10rxx x1sy0etr x17r0tee x972fbf xcfux6l x1qhh985 xm0m39n x9f619 x1ypdohk xt0psk2 xe8uvvx xdj266r x11i5rnm xat24cr x1mh8g0r xexx8yu x4uap5 x18d9i69 xkhd6sd x16tdsg8 x1hl2dhg xggy1nq x1a2a7pz x1sur9pj xkrqix3 x1fey0fg x1s688f\" role=\"link\" href=\"https:\/\/www.facebook.com\/hashtag\/rural?__eep__=6&amp;__cft__[0]=AZXF8daP78fJz-ZcyT_SBp5ihjhthf3y2upojlXV508CNtzIif_r63WaKC1kM-UvOS-qNqkrDRN3CS2OG3ZHb_RtoRaOpAwQNeFa6myYzBLaePjo4OfAsRRYz0B6Hsp4yuQDRVKqor97yYikFRWzbZq3-SnJbXn9zgK9L3mKsREcDzMfFXupDlRkegDORx_Ubwj8epIbNfV1x9WDoC7Jer5oKaNpI0L1hRaHYQGMfL3EAg&amp;__tn__=*NK-y-R\">#rural<\/a><\/span> <span class=\"html-span xdj266r x11i5rnm xat24cr x1mh8g0r xexx8yu x4uap5 x18d9i69 xkhd6sd x1hl2dhg x16tdsg8 x1vvkbs\"><a class=\"x1i10hfl xjbqb8w x1ejq31n xd10rxx x1sy0etr x17r0tee x972fbf xcfux6l x1qhh985 xm0m39n x9f619 x1ypdohk xt0psk2 xe8uvvx xdj266r x11i5rnm xat24cr x1mh8g0r xexx8yu x4uap5 x18d9i69 xkhd6sd x16tdsg8 x1hl2dhg xggy1nq x1a2a7pz x1sur9pj xkrqix3 x1fey0fg x1s688f\" role=\"link\" href=\"https:\/\/www.facebook.com\/hashtag\/infiestu?__eep__=6&amp;__cft__[0]=AZXF8daP78fJz-ZcyT_SBp5ihjhthf3y2upojlXV508CNtzIif_r63WaKC1kM-UvOS-qNqkrDRN3CS2OG3ZHb_RtoRaOpAwQNeFa6myYzBLaePjo4OfAsRRYz0B6Hsp4yuQDRVKqor97yYikFRWzbZq3-SnJbXn9zgK9L3mKsREcDzMfFXupDlRkegDORx_Ubwj8epIbNfV1x9WDoC7Jer5oKaNpI0L1hRaHYQGMfL3EAg&amp;__tn__=*NK-y-R\">#infiestu<\/a><\/span><\/div>\n<div dir=\"auto\">\n<p>La Ben\u00e9fica reabrir\u00e1 sus puertas\u00a0<b>el s\u00e1bado 15 de marzo con el Antroxu en Danza<\/b>. Tendremos un d\u00eda completo de actividades gracias a la colaboraci\u00f3n de diferentes asociaciones del pueblo, como<strong><a href=\"https:\/\/www.facebook.com\/RiuFontoria\/\">\u00a0Riu Fontoria<\/a>,\u00a0<\/strong><a href=\"https:\/\/www.lakadarma.com\/escuela-de-m%C3%BAsica-tradicional-lakadarma\/\"><strong>LaKadarma<\/strong><\/a>\u00a0y\u00a0<strong><a href=\"https:\/\/elprial.com\/\">El Prial<\/a><\/strong><strong>,<\/strong>\u00a0que muestran una vez m\u00e1s el esp\u00edritu colectivo del concejo.<\/p>\n<p>Ser\u00e1 la primera actividad de las m\u00e1s de 20 programadas para el a\u00f1o 2025, una agenda cultural que sigue las<b>\u00a0l\u00edneas estrat\u00e9gicas de la asociaci\u00f3n<\/b>: impulsar la acci\u00f3n comunitaria y la transmisi\u00f3n de conocimientos, promover espacios de encuentro y comunicaci\u00f3n entre diferentes expresiones art\u00edsticas y culturales, impulsar un espacio joven de autogesti\u00f3n\u00a0 y fomentar el sector cultural como oportunidad profesional en Pilo\u00f1a.<\/p>\n<p style=\"text-align: center\"><a href=\"https:\/\/labenefica.org\/wp-content\/uploads\/2024\/02\/antroxu2024-2-650x650.jpg\"><img loading=\"lazy\" decoding=\"async\" class=\"aligncenter \" src=\"https:\/\/labenefica.org\/wp-content\/uploads\/2024\/02\/antroxu2024-2-650x650.jpg\" width=\"456\" height=\"456\" \/><\/a><\/p>\n<p>El programa del s\u00e1bado 15 de marzo comenzar\u00e1<b>\u00a0a las 10:00 con un taller de\u00a0<\/b><b><i>m\u00e1zcares<\/i><\/b>\u00a0orquestado por\u00a0<strong><a href=\"https:\/\/raposuroxu.org\/\">Raposu Roxu<\/a><\/strong><strong>,<\/strong>\u00a0que dinamizar\u00e1n las artistas\u00a0<strong><a href=\"https:\/\/www.instagram.com\/laurabitxo\/\">Laura Bitxo\u00a0<\/a><\/strong>y\u00a0<strong><a href=\"https:\/\/www.instagram.com\/wenyuri\/\">Wenyuri<\/a>.\u00a0<\/strong><b>El taller ser\u00e1 gratuito, para peques y mayores, con plazas limitadas<\/b>,\u00a0<b>por lo que har\u00e1 falta inscripci\u00f3n previa, que podr\u00e1 hacerse desde\u00a0<\/b><strong><a href=\"https:\/\/docs.google.com\/forms\/d\/e\/1FAIpQLSc_9sTEOHIwpDa1_wuzL2bwW8U5ZfwG9sw556YBRh-2eHEqzw\/viewform?usp=sharing\">este enlace<\/a><\/strong><strong>.<\/strong>\u00a0Hay dos turnos disponibles, de 10.30 a 12.00 y de 12.00 a 13.30, para que nadie se quede sin su m\u00e1scara de antroxu.<\/p>\n<p style=\"text-align: center\"><a href=\"https:\/\/labenefica.org\/wp-content\/uploads\/2024\/02\/antroxu2024-11-650x650.jpg\"><img loading=\"lazy\" decoding=\"async\" class=\"aligncenter \" src=\"https:\/\/labenefica.org\/wp-content\/uploads\/2024\/02\/antroxu2024-11-650x650.jpg\" width=\"394\" height=\"394\" \/><\/a><\/p>\n<p>A\u00a0partir de las 14.00 contaremos con una fabada popular, los tickets se pueden comprar desde primera hora por un precio de 12\u20ac. Intentaremos reducir residuos pidiendo a los comensales que traigan su propio plato y cubiertos. La\u00a0<i>fabadona<\/i>\u00a0nos servir\u00e1 para coger fuerzas para el\u00a0Gran Desfile por las calles de Pilo\u00f1a, que comenzar\u00e1 a las 16.30. Se trata de un desfile abierto a todas las personas (disfrazadas, claro) que quieran participar, as\u00ed que\u00a0<b>Os animamos a venir antroxaos para que nadie os reconozca,\u00a0<\/b>recordemos que esta es una fiesta en la que, tradicionalmente, es importante poder desaparecer detr\u00e1s de una m\u00e1scara y poder trasgredir las leyes sociales por unas horas o adoptar por unos momentos el papel de un personaje que nos gustar\u00eda probar a ser.<\/p>\n<p>Varias asociaciones del concejo, como\u00a0El Robl\u00f3n de Coya, saldr\u00e1n a la calle a desfilar, y contaremos un a\u00f1o m\u00e1s con los\u00a0cabezudos de Puertu de Vega, que bailar\u00e1n al son de la\u00a0orquestina\u00a0La Xarangana\u00a0y la banda\u00a0Los Muiles. El recorrido ser\u00e1 desde la Plaza Mar\u00eda Josefa Canellada (donde el Merc\u00e1u d\u2019Abastos), pasando por la Plaza Mayor y Calle del Quesu, luego a la Plaza del Ayuntamiento, Calle Covadonga hasta el Restaurante Los Llantares de Pelayo, para luego volver hacia la Plaza de La Ben\u00e9fica pasando por la Residencia de Mayores de L\u2019Infiestu.<\/p>\n<\/div>\n<\/div>\n<\/div>\n<\/div>\n<\/div>\n<\/div>\n<\/div>\n<\/div>\n<p>El desfile finalizar\u00e1 a las 18:30,\u00a0y al terminarlo haremos en La Ben\u00e9fica la\u00a0entrega del premio al mejor disfraz para los m\u00e1s peque\u00f1os. El concurso para los mayores se reservar\u00e1 para la noche, igual que el ya tradicional sorteo de la rifa de Antroxu.<\/p>\n<p>A las 19.00, Santi Galguera nos ense\u00f1ar\u00e1 unos pasos b\u00e1sicos de baile tradicional\u00a0y as\u00ed nos prepararemos para la\u00a0Nueche en Danza, que empezar\u00e1 a las 20.00.\u00a0Os invitamos a venir antroxaos y a participar en la\u00a0<b>Nueche en Danza<\/b>\u00a0subiendo al escenario a tocar unos sones para el baile.<\/p>\n<p style=\"text-align: center\">\n<!-- iframe plugin v.6.0 wordpress.org\/plugins\/iframe\/ -->\n<iframe loading=\"lazy\" src=\"https:\/\/www.facebook.com\/plugins\/post.php?href=https%3A%2F%2Fwww.facebook.com%2Fphoto.php%3Ffbid%3D621728363948800%26set%3Da.132295319558776%26type%3D3&#038;show_text=false&#038;width=500\" width=\"500\" height=\"466\" style=\"border:none;overflow:hidden\" scrolling=\"no\" frameborder=\"0\" allowfullscreen=\"true\" allow=\"autoplay; clipboard-write; encrypted-media; picture-in-picture; web-share\" 0=\"\/iframe\" class=\"iframe-class\"><\/iframe>\n<\/p>\n","protected":false},"excerpt":{"rendered":"<p>La Ben\u00e9fica de Pilo\u00f1a Dix\u00edmosvos qu\u2019acutarais la fecha del 15 de marzu y equ\u00ed ta\u2019l motivu . El 15 de marzu reabre La Ben\u00e9fica per tolo alto, una fecha que coincide, am\u00e1s, col\u2019Antroxu en Pilo\u00f1a \u00a1Cuntando los d\u00edes! Ten\u00e9is tola informaci\u00f3n y el programa ampli\u00e1u equ\u00ed https:\/\/labenefica.org\/antroxu-en-danza-reapertura\/<\/p>\n","protected":false},"author":117,"featured_media":0,"comment_status":"open","ping_status":"open","sticky":false,"template":"","format":"standard","meta":{"footnotes":""},"categories":[247],"tags":[],"class_list":["post-41816","post","type-post","status-publish","format-standard","hentry","category-la-benefica"],"_links":{"self":[{"href":"https:\/\/edublog.educastur.es\/ixuxu\/wp-json\/wp\/v2\/posts\/41816","targetHints":{"allow":["GET"]}}],"collection":[{"href":"https:\/\/edublog.educastur.es\/ixuxu\/wp-json\/wp\/v2\/posts"}],"about":[{"href":"https:\/\/edublog.educastur.es\/ixuxu\/wp-json\/wp\/v2\/types\/post"}],"author":[{"embeddable":true,"href":"https:\/\/edublog.educastur.es\/ixuxu\/wp-json\/wp\/v2\/users\/117"}],"replies":[{"embeddable":true,"href":"https:\/\/edublog.educastur.es\/ixuxu\/wp-json\/wp\/v2\/comments?post=41816"}],"version-history":[{"count":4,"href":"https:\/\/edublog.educastur.es\/ixuxu\/wp-json\/wp\/v2\/posts\/41816\/revisions"}],"predecessor-version":[{"id":41820,"href":"https:\/\/edublog.educastur.es\/ixuxu\/wp-json\/wp\/v2\/posts\/41816\/revisions\/41820"}],"wp:attachment":[{"href":"https:\/\/edublog.educastur.es\/ixuxu\/wp-json\/wp\/v2\/media?parent=41816"}],"wp:term":[{"taxonomy":"category","embeddable":true,"href":"https:\/\/edublog.educastur.es\/ixuxu\/wp-json\/wp\/v2\/categories?post=41816"},{"taxonomy":"post_tag","embeddable":true,"href":"https:\/\/edublog.educastur.es\/ixuxu\/wp-json\/wp\/v2\/tags?post=41816"}],"curies":[{"name":"wp","href":"https:\/\/api.w.org\/{rel}","templated":true}]}}