{"id":41838,"date":"2025-02-12T11:33:38","date_gmt":"2025-02-12T09:33:38","guid":{"rendered":"https:\/\/edublog.educastur.es\/ixuxu\/?p=41838"},"modified":"2025-02-12T11:36:05","modified_gmt":"2025-02-12T09:36:05","slug":"41838","status":"publish","type":"post","link":"https:\/\/edublog.educastur.es\/ixuxu\/2025\/02\/41838\/","title":{"rendered":"\u00abCaparines\u00bb  grupu de pandereteres qu&#8217;incorpora viol\u00edn y flauta"},"content":{"rendered":"<p style=\"text-align: center\"><a href=\"https:\/\/yt3.googleusercontent.com\/fgg7p8TnApGdsNvdYeTFPa6XRPWDJVTDHTu2__vOJQjM-Ut-iXMGFitIUK00Tqcv7qsLdOT7iw=s160-c-k-c0x00ffffff-no-rj\"><img loading=\"lazy\" decoding=\"async\" class=\"aligncenter size-large\" src=\"https:\/\/yt3.googleusercontent.com\/fgg7p8TnApGdsNvdYeTFPa6XRPWDJVTDHTu2__vOJQjM-Ut-iXMGFitIUK00Tqcv7qsLdOT7iw=s160-c-k-c0x00ffffff-no-rj\" width=\"160\" height=\"160\" \/><\/a><\/p>\n<ul>\n<li>Fonte: <a href=\"https:\/\/l.facebook.com\/l.php?u=https%3A%2F%2Fmusicasturiana.com%2Fcaparines-actuen-dos-vegaes-esti-fin-de-selmana%2F%3Ffbclid%3DIwZXh0bgNhZW0CMTEAAR14Xdrj6YssJb3ucPAmm06fAPlEOZLPBA8sHlBBUA08_9QEZW_rrNYzjVM_aem_GxpwolafS-WlCNdmf_iDEA&amp;h=AT2vT4UH0XRRpVvzgW8J8gZYBSmEAY5E7UD7sGTAopA5vjZf8w9qcHSV7x4tf7IwRxJ9owTcZDfZ0Q0AcfcJet-FebasQ96F9Ha25PNUTv8-TCiWMGnDTq__jlGCBXgyxg&amp;__tn__=%2CmH-y-R&amp;c[0]=AT3ieyuhE_MSJtI7yo2tHZ4IrW-ZFj6FsicbxmiEUa2vCYAmSt5NTzyNjTlPt7C955XMGshoX9jzFdf_jFgyqyl4ftY_-Zn_-tk1TxVBD3bzQmhyt2HMCmUIrzlLzfuVJ7f-sF7hvp6AhnJ0mhp5ISyvqOOyK9To8Iou8Y-snowYKD3WQtT1miDBuuSgvtilGKuyBh9QAIQhLgldYhXCEHp-m6X3ZEUHgmgN3tGCFlEcZXi8Hg\">Musicasturiana.com<\/a> \/ <a href=\"https:\/\/www.youtube.com\/@CaparinesAsturies\">canal Youtube<\/a> \/<\/li>\n<li>Esti grupu de pandereteres qu&#8217;incorpora viol\u00edn y flauta a la so instrumentaci\u00f3n act\u00faa&#8217;l s\u00e1badu n&#8217;Avil\u00e9s y el domingu en Sobrescobiu<\/li>\n<\/ul>\n<p style=\"text-align: center\"><a href=\"https:\/\/musicasturiana.com\/wp-content\/uploads\/2025\/02\/caparines-sienti.jpg\"><img loading=\"lazy\" decoding=\"async\" class=\"aligncenter \" src=\"https:\/\/musicasturiana.com\/wp-content\/uploads\/2025\/02\/caparines-sienti.jpg\" width=\"743\" height=\"371\" \/><\/a><\/p>\n<p>&nbsp;<\/p>\n<p><!--more--><\/p>\n<p style=\"text-align: center\">\n<!-- iframe plugin v.6.0 wordpress.org\/plugins\/iframe\/ -->\n<iframe loading=\"lazy\" width=\"1%\" height=\"398\" src=\"https:\/\/www.youtube.com\/embed\/swOiymuy32Y\" title=\"Caparines - Lo agarrao de Pi\u00f1era Baxo y lo suelto\u2019l ayeran\" frameborder=\"0\" allow=\"accelerometer; autoplay; clipboard-write; encrypted-media; gyroscope; picture-in-picture; web-share\" referrerpolicy=\"strict-origin-when-cross-origin\" 0=\"allowfullscreen\" 1=\"\/iframe\" scrolling=\"yes\" class=\"iframe-class\"><\/iframe>\n<\/p>\n<p><strong>Caparines\u00a0<\/strong>ye un grupu de m\u00fasica tradicional y popular que d\u2019un tiempu pa equ\u00ed vien aumentando la so presencia nos escenarios del pa\u00eds. Una amuesa d\u2019ello ye la\u00a0<strong>doble cita<\/strong>\u00a0que tienen esti fin de selmana. Esta agrupaci\u00f3n formada por\u00a0<strong>pandereteres y vocalistes, qu\u2019incorpora viol\u00edn y flauta<\/strong>\u00a0a la so instrumentaci\u00f3n, va actuar el\u00a0<strong>s\u00e1badu 15\u00a0<\/strong>a les 18h nel Centru de mayores de Les Meanes (<strong>Avil\u00e9s<\/strong>). Faenlo dientro del ciclu\u00a0<em>S\u00e1bados Culturales de Culturias<\/em>\u00a0y xunto a elles van actuar delles poetes. Per otru llau\u2019l<strong>\u00a0domingu 16\u00a0<\/strong>van facelo a les 13.30h en La Marquesina del Alba de\u00a0<strong>Rusecu (<\/strong>Sobrescobiu), \u00fan de los llocales que programa davezu m\u00fasica en vivo nel entornu de Redes.<\/p>\n","protected":false},"excerpt":{"rendered":"<p>Fonte: Musicasturiana.com \/ canal Youtube \/ Esti grupu de pandereteres qu&#8217;incorpora viol\u00edn y flauta a la so instrumentaci\u00f3n act\u00faa&#8217;l s\u00e1badu n&#8217;Avil\u00e9s y el domingu en Sobrescobiu &nbsp;<\/p>\n","protected":false},"author":117,"featured_media":0,"comment_status":"open","ping_status":"open","sticky":false,"template":"","format":"standard","meta":{"footnotes":""},"categories":[35,125],"tags":[],"class_list":["post-41838","post","type-post","status-publish","format-standard","hentry","category-musica","category-musicasturiana-com"],"_links":{"self":[{"href":"https:\/\/edublog.educastur.es\/ixuxu\/wp-json\/wp\/v2\/posts\/41838","targetHints":{"allow":["GET"]}}],"collection":[{"href":"https:\/\/edublog.educastur.es\/ixuxu\/wp-json\/wp\/v2\/posts"}],"about":[{"href":"https:\/\/edublog.educastur.es\/ixuxu\/wp-json\/wp\/v2\/types\/post"}],"author":[{"embeddable":true,"href":"https:\/\/edublog.educastur.es\/ixuxu\/wp-json\/wp\/v2\/users\/117"}],"replies":[{"embeddable":true,"href":"https:\/\/edublog.educastur.es\/ixuxu\/wp-json\/wp\/v2\/comments?post=41838"}],"version-history":[{"count":4,"href":"https:\/\/edublog.educastur.es\/ixuxu\/wp-json\/wp\/v2\/posts\/41838\/revisions"}],"predecessor-version":[{"id":41842,"href":"https:\/\/edublog.educastur.es\/ixuxu\/wp-json\/wp\/v2\/posts\/41838\/revisions\/41842"}],"wp:attachment":[{"href":"https:\/\/edublog.educastur.es\/ixuxu\/wp-json\/wp\/v2\/media?parent=41838"}],"wp:term":[{"taxonomy":"category","embeddable":true,"href":"https:\/\/edublog.educastur.es\/ixuxu\/wp-json\/wp\/v2\/categories?post=41838"},{"taxonomy":"post_tag","embeddable":true,"href":"https:\/\/edublog.educastur.es\/ixuxu\/wp-json\/wp\/v2\/tags?post=41838"}],"curies":[{"name":"wp","href":"https:\/\/api.w.org\/{rel}","templated":true}]}}