{"id":41846,"date":"2025-02-12T12:47:30","date_gmt":"2025-02-12T10:47:30","guid":{"rendered":"https:\/\/edublog.educastur.es\/ixuxu\/?p=41846"},"modified":"2025-02-12T12:53:01","modified_gmt":"2025-02-12T10:53:01","slug":"interpretamos-un-cartelu-5","status":"publish","type":"post","link":"https:\/\/edublog.educastur.es\/ixuxu\/2025\/02\/interpretamos-un-cartelu-5\/","title":{"rendered":"\u00abLluna de collecha\u00bb ye&#8217;l single del tercer EP d&#8217;Herbamora"},"content":{"rendered":"<ul>\n<li><a href=\"https:\/\/www.infoasturies.com\/as\/2024\/11\/21\/herbamora-asoleyen-lluna-de-collecha-single-del-so-tercer-trabayu-discograficu\/\"><strong>InfoAsturies<\/strong> <\/a>\/ Presentaci\u00f3n videuclip d&#8217;Herbamora<span class=\"html-span xexx8yu x4uap5 x18d9i69 xkhd6sd x1hl2dhg x16tdsg8 x1vvkbs x3nfvp2 x1j61x8r x1fcty0u xdj266r xat24cr xgzva0m xhhsvwb xxymvpz xlup9mm x1kky2od\"><img loading=\"lazy\" decoding=\"async\" class=\"xz74otr\" src=\"https:\/\/static.xx.fbcdn.net\/images\/emoji.php\/v9\/t50\/1\/16\/2757.png\" alt=\"\u2757\" width=\"16\" height=\"16\" \/><strong><a href=\"https:\/\/scontent-mad2-1.xx.fbcdn.net\/v\/t39.30808-6\/476646031_9292839944163973_8943645069992217872_n.jpg?_nc_cat=111&amp;ccb=1-7&amp;_nc_sid=aa7b47&amp;_nc_ohc=ekNnrCZpJPEQ7kNvgE8nqWt&amp;_nc_zt=23&amp;_nc_ht=scontent-mad2-1.xx&amp;_nc_gid=AQj0AoRL3SKDkmaYGSErh9n&amp;oh=00_AYDzEnIp3PyoGqdd5uIYF67sNzWy8JvHJ4alklc6VhGJKQ&amp;oe=67B253FC\">Cartelu<\/a><\/strong><\/span><\/li>\n<li>\u00abLluna de collecha\u00bb ye&#8217;l single del tercer EP d&#8217;Herbamora &#8216;286 Llunes&#8217; (2024)<\/li>\n<\/ul>\n<p style=\"text-align: center\"><span style=\"text-align: center\">\n<!-- iframe plugin v.6.0 wordpress.org\/plugins\/iframe\/ -->\n<iframe loading=\"lazy\" width=\"580\" height=\"326\" src=\"https:\/\/www.youtube.com\/embed\/JANcX8bmAzs\" title=\"HERBAMORA - Lluna de collecha (Audio Oficial)\" frameborder=\"0\" allow=\"accelerometer; autoplay; clipboard-write; encrypted-media; gyroscope; picture-in-picture; web-share\" referrerpolicy=\"strict-origin-when-cross-origin\" 0=\"allowfullscreen\" 1=\"\/iframe\" scrolling=\"yes\" class=\"iframe-class\"><\/iframe>\n<\/span><\/p>\n<ul>\n<li dir=\"ltr\">\u00a0<a href=\"https:\/\/orcd.co\/lluna-collecha\" target=\"_blank\" rel=\"noopener noreferrer\">\u2018Lluna de collecha<\/a>\u2018, el primer adelantu del EP.<\/li>\n<\/ul>\n<p><!--more--><\/p>\n<p dir=\"ltr\">\u2018Lluna de collecha\u2019 <strong>ye una composici\u00f3n de Ruth Su\u00e1rez sobre una siega<\/strong> de Riballagu (Senabria), una mirada a la vida d\u2019anta\u00f1u, \u00abonde\u2019l trabayu de les muyeres yera mui pocu valor\u00e1u\u00bb, como comenten Herbamora. \u00abCon tou y con eso, la siega yera una fiesta, un motivu de cortexu, d\u2019alcuentros y aprendizaxes, polo que pa n\u00f3s presentar esti tema ye pensar nel nuestru raiga\u00f1u, na nuestra semiente, nes nuestres g\u00fceles y m\u00e1s, que fueron y van ser los nuestros referentes\u00bb, despliquen. La lletra ye tradicional y \u00abfala del desencuentru, del desamor. Reconocelo y abrazalo como sentimientos humanos de los qu\u2019aprender pue entendese tami\u00e9n como collecha: la integraci\u00f3n d\u2019aprendizaxes\u00bb.<\/p>\n<p dir=\"ltr\">Con esti single, la formaci\u00f3n integrada por Elena Rodr\u00edguez Mart\u00ednez, Mar\u00eda Gavieiro \u00c1lvarez, Paula Crist\u00f3bal Caso, Natalia Nu\u00f1o Rodr\u00edguez y Mar\u00eda V\u00e1zquez \u00c1lvarez, amiesta electr\u00f3nica y trabayu vocal. Vuelven asina al cam\u00edn qu\u2019abrieron con \u00a1Sali, L.luna! (2007, L\u2019Agua\u00f1az), pero actualizando la sonorid\u00e1 a les tendencies musicales d\u2019angua\u00f1o.<\/p>\n","protected":false},"excerpt":{"rendered":"<p>InfoAsturies \/ Presentaci\u00f3n videuclip d&#8217;HerbamoraCartelu \u00abLluna de collecha\u00bb ye&#8217;l single del tercer EP d&#8217;Herbamora &#8216;286 Llunes&#8217; (2024) \u00a0\u2018Lluna de collecha\u2018, el primer adelantu del EP.<\/p>\n","protected":false},"author":117,"featured_media":0,"comment_status":"open","ping_status":"open","sticky":false,"template":"","format":"standard","meta":{"footnotes":""},"categories":[214,35,125],"tags":[],"class_list":["post-41846","post","type-post","status-publish","format-standard","hentry","category-cartelos","category-musica","category-musicasturiana-com"],"_links":{"self":[{"href":"https:\/\/edublog.educastur.es\/ixuxu\/wp-json\/wp\/v2\/posts\/41846","targetHints":{"allow":["GET"]}}],"collection":[{"href":"https:\/\/edublog.educastur.es\/ixuxu\/wp-json\/wp\/v2\/posts"}],"about":[{"href":"https:\/\/edublog.educastur.es\/ixuxu\/wp-json\/wp\/v2\/types\/post"}],"author":[{"embeddable":true,"href":"https:\/\/edublog.educastur.es\/ixuxu\/wp-json\/wp\/v2\/users\/117"}],"replies":[{"embeddable":true,"href":"https:\/\/edublog.educastur.es\/ixuxu\/wp-json\/wp\/v2\/comments?post=41846"}],"version-history":[{"count":6,"href":"https:\/\/edublog.educastur.es\/ixuxu\/wp-json\/wp\/v2\/posts\/41846\/revisions"}],"predecessor-version":[{"id":41852,"href":"https:\/\/edublog.educastur.es\/ixuxu\/wp-json\/wp\/v2\/posts\/41846\/revisions\/41852"}],"wp:attachment":[{"href":"https:\/\/edublog.educastur.es\/ixuxu\/wp-json\/wp\/v2\/media?parent=41846"}],"wp:term":[{"taxonomy":"category","embeddable":true,"href":"https:\/\/edublog.educastur.es\/ixuxu\/wp-json\/wp\/v2\/categories?post=41846"},{"taxonomy":"post_tag","embeddable":true,"href":"https:\/\/edublog.educastur.es\/ixuxu\/wp-json\/wp\/v2\/tags?post=41846"}],"curies":[{"name":"wp","href":"https:\/\/api.w.org\/{rel}","templated":true}]}}