{"id":41865,"date":"2025-02-12T09:05:14","date_gmt":"2025-02-12T07:05:14","guid":{"rendered":"https:\/\/edublog.educastur.es\/ixuxu\/?p=41865"},"modified":"2025-02-13T14:35:48","modified_gmt":"2025-02-13T12:35:48","slug":"dia-de-darwin","status":"publish","type":"post","link":"https:\/\/edublog.educastur.es\/ixuxu\/2025\/02\/dia-de-darwin\/","title":{"rendered":"D\u00eda de Darwin"},"content":{"rendered":"<p style=\"text-align: center\">\n<!-- iframe plugin v.6.0 wordpress.org\/plugins\/iframe\/ -->\n<iframe loading=\"lazy\" src=\"https:\/\/www.facebook.com\/plugins\/post.php?href=https%3A%2F%2Fwww.facebook.com%2Ffundacionbiodiversidad%2Fposts%2Fpfbid02bH8kxKQMfsMomWZWpYMhPpEKyc1FcfSbnLPFPCMo7Wb12i8GHzQXCZSZufk8Do5hl&#038;show_text=false&#038;width=500\" width=\"500\" height=\"497\" style=\"border:none;overflow:hidden\" scrolling=\"no\" frameborder=\"0\" allowfullscreen=\"true\" allow=\"autoplay; clipboard-write; encrypted-media; picture-in-picture; web-share\" 0=\"\/iframe\" class=\"iframe-class\"><\/iframe>\n<\/p>\n<p style=\"text-align: center\"><span style=\"color: #008080;font-size: 24px\"><strong><em>\u00abNun ye&#8217;l m\u00e1s fuerte de les especies el que sobrevive, <\/em><\/strong><\/span><br \/>\n<span style=\"color: #008080;font-size: 24px\"><strong><em>tampoco ye&#8217;l m\u00e1s intelixente&#8217;l que sobrevive. <\/em><\/strong><\/span><br \/>\n<span style=\"color: #008080;font-size: 24px\"><strong><em>Ye aquel que ye m\u00e1s adaptable al camb\u00e9u\u00bb.<\/em><\/strong><\/span><br \/>\nCharles Darwin<\/p>\n<div class=\"x1cy8zhl x2bj2ny x78zum5 x1q0g3np\">\n<div class=\"x1iyjqo2\">\n<div class=\"x78zum5 xdt5ytf xz62fqu x16ldp7u\">\n<div class=\"xu06os2 x1ok221b\">\n<div class=\"x1gslohp\">\n<ul>\n<li class=\"html-h2 x11i5rnm xat24cr x1mh8g0r xexx8yu x4uap5 x18d9i69 xkhd6sd x1vvkbs x1heor9g x1qlqyl8 x1pd3egz x1a2a7pz x1gslohp\"><span class=\"x193iq5w xeuugli x13faqbe x1vvkbs x1xmvt09 x1f6kntn xvq8zen xo1l8bm xi81zsa\"><span class=\"xt0psk2\"><a class=\"x1i10hfl xjbqb8w x1ejq31n xd10rxx x1sy0etr x17r0tee x972fbf xcfux6l x1qhh985 xm0m39n x9f619 x1ypdohk xt0psk2 xe8uvvx xdj266r x11i5rnm xat24cr x1mh8g0r xexx8yu x4uap5 x18d9i69 xkhd6sd x16tdsg8 x1hl2dhg xggy1nq x1a2a7pz x1sur9pj xkrqix3 xzsf02u x1s688f\" role=\"link\" href=\"https:\/\/www.facebook.com\/fundacionbiodiversidad?__cft__[0]=AZUGj8-2IlmPLCTKef4ko-TGMg9tCCNJxXF0YQD8MDcKe1yJKl7nMf6rL5kvAV5cAik58Dmj5M80xJcW5A6AS_POgseL0pktViFqlRSVtQHVmoOMSwbzeqaKBR47-KeV14ifYCcbktOpjfvD6xXFqBYBdHks3U2GJSbBpokhtgO5m0K6AhpvNq8VzhlI3PW5gBRMjN-GPF7-Fz1_jcuRdZ0PL5QdvWF_1iRga4YpEAY_8g&amp;__tn__=-UC*F\" aria-describedby=\":rql:\">Fundaci\u00f3n Biodiversidad<\/a><\/span><\/span><b>\/\u00a0<\/b><\/li>\n<li><span class=\"html-span xdj266r x11i5rnm xat24cr x1mh8g0r xexx8yu x4uap5 x18d9i69 xkhd6sd x1hl2dhg x16tdsg8 x1vvkbs\"><a class=\"x1i10hfl xjbqb8w x1ejq31n xd10rxx x1sy0etr x17r0tee x972fbf xcfux6l x1qhh985 xm0m39n x9f619 x1ypdohk xt0psk2 xe8uvvx xdj266r x11i5rnm xat24cr x1mh8g0r xexx8yu x4uap5 x18d9i69 xkhd6sd x16tdsg8 x1hl2dhg xggy1nq x1a2a7pz x1sur9pj xkrqix3 x1fey0fg x1s688f\" role=\"link\" href=\"https:\/\/www.facebook.com\/hashtag\/d%C3%ADadedarwin?__eep__=6&amp;__cft__[0]=AZUo9ijPP-g_QhoxnLO9Tdjt4JWf2DLaAp68AR04rsJI2Zqp4LLrVLiKdsh91VqkMdcZGpbmgAFyPfbgu_7jlAqSqLNl-s8MfpkWxjdXfuTQwpNo-8dhM69Ep9h6DjCFrUhMo5f2Eyk6jI1jZMZgEnG9XB_q5PmBRYR0P_edyRJ-JNp6kaCjSV_NtwavD8pEX3VRu7lY8uJbkqagavBBvG6IVCCwJovTwZCf0bSITn8-bA&amp;__tn__=*NK-y-R\">#D\u00edadeDarwin<\/a><\/span> <span class=\"html-span xdj266r x11i5rnm xat24cr x1mh8g0r xexx8yu x4uap5 x18d9i69 xkhd6sd x1hl2dhg x16tdsg8 x1vvkbs\"><a class=\"x1i10hfl xjbqb8w x1ejq31n xd10rxx x1sy0etr x17r0tee x972fbf xcfux6l x1qhh985 xm0m39n x9f619 x1ypdohk xt0psk2 xe8uvvx xdj266r x11i5rnm xat24cr x1mh8g0r xexx8yu x4uap5 x18d9i69 xkhd6sd x16tdsg8 x1hl2dhg xggy1nq x1a2a7pz x1sur9pj xkrqix3 x1fey0fg x1s688f\" role=\"link\" href=\"https:\/\/www.facebook.com\/hashtag\/darwinday?__eep__=6&amp;__cft__[0]=AZUo9ijPP-g_QhoxnLO9Tdjt4JWf2DLaAp68AR04rsJI2Zqp4LLrVLiKdsh91VqkMdcZGpbmgAFyPfbgu_7jlAqSqLNl-s8MfpkWxjdXfuTQwpNo-8dhM69Ep9h6DjCFrUhMo5f2Eyk6jI1jZMZgEnG9XB_q5PmBRYR0P_edyRJ-JNp6kaCjSV_NtwavD8pEX3VRu7lY8uJbkqagavBBvG6IVCCwJovTwZCf0bSITn8-bA&amp;__tn__=*NK-y-R\">#darwinday<\/a><\/span>\/<span class=\"html-span xdj266r x11i5rnm xat24cr x1mh8g0r xexx8yu x4uap5 x18d9i69 xkhd6sd x1hl2dhg x16tdsg8 x1vvkbs\"><a class=\"x1i10hfl xjbqb8w x1ejq31n xd10rxx x1sy0etr x17r0tee x972fbf xcfux6l x1qhh985 xm0m39n x9f619 x1ypdohk xt0psk2 xe8uvvx xdj266r x11i5rnm xat24cr x1mh8g0r xexx8yu x4uap5 x18d9i69 xkhd6sd x16tdsg8 x1hl2dhg xggy1nq x1a2a7pz x1sur9pj xkrqix3 x1fey0fg x1s688f\" role=\"link\" href=\"https:\/\/www.facebook.com\/hashtag\/cient%C3%ADficamente?__eep__=6&amp;__cft__[0]=AZUo9ijPP-g_QhoxnLO9Tdjt4JWf2DLaAp68AR04rsJI2Zqp4LLrVLiKdsh91VqkMdcZGpbmgAFyPfbgu_7jlAqSqLNl-s8MfpkWxjdXfuTQwpNo-8dhM69Ep9h6DjCFrUhMo5f2Eyk6jI1jZMZgEnG9XB_q5PmBRYR0P_edyRJ-JNp6kaCjSV_NtwavD8pEX3VRu7lY8uJbkqagavBBvG6IVCCwJovTwZCf0bSITn8-bA&amp;__tn__=*NK-y-R\">#Cient\u00edficamente<\/a><\/span> <span class=\"html-span xdj266r x11i5rnm xat24cr x1mh8g0r xexx8yu x4uap5 x18d9i69 xkhd6sd x1hl2dhg x16tdsg8 x1vvkbs\"><a class=\"x1i10hfl xjbqb8w x1ejq31n xd10rxx x1sy0etr x17r0tee x972fbf xcfux6l x1qhh985 xm0m39n x9f619 x1ypdohk xt0psk2 xe8uvvx xdj266r x11i5rnm xat24cr x1mh8g0r xexx8yu x4uap5 x18d9i69 xkhd6sd x16tdsg8 x1hl2dhg xggy1nq x1a2a7pz x1sur9pj xkrqix3 x1fey0fg x1s688f\" role=\"link\" href=\"https:\/\/www.facebook.com\/hashtag\/darwin?__eep__=6&amp;__cft__[0]=AZUo9ijPP-g_QhoxnLO9Tdjt4JWf2DLaAp68AR04rsJI2Zqp4LLrVLiKdsh91VqkMdcZGpbmgAFyPfbgu_7jlAqSqLNl-s8MfpkWxjdXfuTQwpNo-8dhM69Ep9h6DjCFrUhMo5f2Eyk6jI1jZMZgEnG9XB_q5PmBRYR0P_edyRJ-JNp6kaCjSV_NtwavD8pEX3VRu7lY8uJbkqagavBBvG6IVCCwJovTwZCf0bSITn8-bA&amp;__tn__=*NK-y-R\">#Darwin<\/a><\/span> \/ <strong><a href=\"https:\/\/scontent-mad2-1.xx.fbcdn.net\/v\/t39.30808-6\/476799126_638528645364385_1020861111351044161_n.jpg?_nc_cat=110&amp;ccb=1-7&amp;_nc_sid=833d8c&amp;_nc_ohc=VMeiE_aJQo8Q7kNvgHr_IzS&amp;_nc_zt=23&amp;_nc_ht=scontent-mad2-1.xx&amp;_nc_gid=AOmERC4PGesHuR0ODx9BL34&amp;oh=00_AYCBWxJEDx5v2OlkLaGne4lEC3e578-1VlGSrsrY91aicA&amp;oe=67B38DE0\">gr\u00e1ficu<\/a> <\/strong>\/<a class=\"x1i10hfl xjbqb8w x1ejq31n xd10rxx x1sy0etr x17r0tee x972fbf xcfux6l x1qhh985 xm0m39n x9f619 x1ypdohk xt0psk2 xe8uvvx xdj266r x11i5rnm xat24cr x1mh8g0r xexx8yu x4uap5 x18d9i69 xkhd6sd x16tdsg8 x1hl2dhg xggy1nq x1a2a7pz x1sur9pj xkrqix3 xzsf02u x1s688f\" role=\"link\" href=\"https:\/\/www.facebook.com\/CienciaPlus1?__cft__[0]=AZVMVizPneRgdcbO5m55dlvVhABui3cWD5s5CBvWu5_EDsuloidbGhSfp0Q6G68yG6rYUjhC1Nf7pAsoVg315tl5IKuHDXrDmN1gyyhQWdIWZSrZ0DowrpzKFnIss9RMwRCDGboPp3s-RaIWQbo7tlzpxdLWBQOsax-0bAH6Tfl79JzpNHSHwn1Eby28F2eFbBo&amp;__tn__=-UC*F\" aria-describedby=\":rje:\">Ciencia+<\/a><\/li>\n<\/ul>\n<\/div>\n<\/div>\n<\/div>\n<\/div>\n<\/div>\n<p>El 12 de febreru ye&#8217;l D\u00eda de Darwin para conmemor l&#8217;aniversariu de la nacencia, en 1809, del pernom\u00e1u naturalista que revolucion\u00f3&#8217;l mundu de la biolox\u00eda y dex\u00f3nos los sos estudios en \u00abL&#8217;Orixe de les Especies\u00bb.\u00a0 <strong>El D\u00eda de Darwin, celebramos l&#8217;inter\u00e9s, la ciencia y l&#8217;evoluci\u00f3n. <\/strong>\u00a1La ciencia ye la meyor ferramienta para afayar el mundu!<\/p>\n<p><!--more--><\/p>\n<p>Gracies a el so trabayosu trabayu y el so esp\u00edritu interes\u00e1u, g\u00fcei entendemos meyor c\u00f3mo los seres vivos evolucionaron a lo llargo de los sieglos y c\u00f3mo tamos conectaos con toles formes de vida nel planeta. Esti cient\u00edficu brit\u00e1nicu y padre de la teor\u00eda de la evoluci\u00f3n dex\u00f3nos un leg\u00e1u que camud\u00f3 para siempres la nuesa forma d&#8217;entender la vida na Tierra<\/p>\n<p>Darwin tami\u00e9n nos ense\u00f1\u00f3 la importancia de la observaci\u00f3n y l&#8217;esperimentaci\u00f3n na busca de la verd\u00e1, y el so leg\u00e1u sigue inspirando a cient\u00edficos de too el mundu nel so trabayu para afayar nueves conocencies.<\/p>\n<p style=\"text-align: center\">\n<!-- iframe plugin v.6.0 wordpress.org\/plugins\/iframe\/ -->\n<iframe loading=\"lazy\" src=\"https:\/\/www.facebook.com\/plugins\/post.php?href=https%3A%2F%2Fwww.facebook.com%2FCienciaPlus1%2Fposts%2Fpfbid02jmfwQMFvcqJay3oVsUNNWymtVfB6u9K1yZ7BQvHCKdBzLUpTiyHFFBDAH7qN5X7Ll&#038;show_text=false&#038;width=500\" width=\"500\" height=\"498\" style=\"border:none;overflow:hidden\" scrolling=\"no\" frameborder=\"0\" allowfullscreen=\"true\" allow=\"autoplay; clipboard-write; encrypted-media; picture-in-picture; web-share\" 0=\"\/iframe\" class=\"iframe-class\"><\/iframe>\n<\/p>\n<div class=\"x11i5rnm xat24cr x1mh8g0r x1vvkbs xtlvy1s x126k92a\"><\/div>\n<div class=\"x11i5rnm xat24cr x1mh8g0r x1vvkbs xtlvy1s x126k92a\">\n<div dir=\"auto\"><\/div>\n<\/div>\n<div class=\"x11i5rnm xat24cr x1mh8g0r x1vvkbs xtlvy1s x126k92a\">\n<ul>\n<li dir=\"auto\"><a href=\"https:\/\/scontent-mad1-1.xx.fbcdn.net\/v\/t39.30808-6\/476638426_638852811998635_445025767493784764_n.jpg?_nc_cat=107&amp;ccb=1-7&amp;_nc_sid=833d8c&amp;_nc_ohc=xQT_cgasZVYQ7kNvgEP-pM4&amp;_nc_zt=23&amp;_nc_ht=scontent-mad1-1.xx&amp;_nc_gid=Ap0dAjFw0ElChBs-gJGGqTG&amp;oh=00_AYCmCfTToqdC3mjV5iwl910UjI8ywczLYkHPF3JXzIR_MA&amp;oe=67B37521\"><strong>Cr\u00e9ditos pola infograf\u00eda<\/strong><\/a> a <span class=\"html-span xdj266r x11i5rnm xat24cr x1mh8g0r xexx8yu x4uap5 x18d9i69 xkhd6sd x1hl2dhg x16tdsg8 x1vvkbs\"><a class=\"x1i10hfl xjbqb8w x1ejq31n xd10rxx x1sy0etr x17r0tee x972fbf xcfux6l x1qhh985 xm0m39n x9f619 x1ypdohk xt0psk2 xe8uvvx xdj266r x11i5rnm xat24cr x1mh8g0r xexx8yu x4uap5 x18d9i69 xkhd6sd x16tdsg8 x1hl2dhg xggy1nq x1a2a7pz x1sur9pj xkrqix3 x1fey0fg x1s688f\" role=\"link\" href=\"https:\/\/www.facebook.com\/UniversumMuseo?__cft__[0]=AZVMVizPneRgdcbO5m55dlvVhABui3cWD5s5CBvWu5_EDsuloidbGhSfp0Q6G68yG6rYUjhC1Nf7pAsoVg315tl5IKuHDXrDmN1gyyhQWdIWZSrZ0DowrpzKFnIss9RMwRCDGboPp3s-RaIWQbo7tlzpxdLWBQOsax-0bAH6Tfl79JzpNHSHwn1Eby28F2eFbBo&amp;__tn__=-]K-R\"><span class=\"xt0psk2\"><span class=\"xjp7ctv\"><span aria-describedby=\":ril:\">Universum, Museo de las Ciencias<\/span><\/span><\/span><\/a><\/span><\/li>\n<li dir=\"auto\">Darwin sufri\u00f3 d&#8217;una enfermed\u00e1 incapacitante llamada hiperestesia cr\u00f3nica mientres gran parte de la so vida, que-y causaba v\u00f3mitos, dolores de cabeza y debilid\u00e1.<\/li>\n<li dir=\"auto\">Darwin yera un apasion\u00e1u de la horticultura y ten\u00eda un xard\u00edn bot\u00e1nicu nel so llar, onde cultivaba una gran varied\u00e1 de plantes ex\u00f3tiques.<\/li>\n<li dir=\"auto\">Darwin interesabase pola biolox\u00eda marina dende una ed\u00e1 temprana y fixo la so propia colecci\u00f3n de conches y estrelles de mar.<\/li>\n<li dir=\"auto\">Dempu\u00e9s de publicar la so teor\u00eda de la evoluci\u00f3n por selecci\u00f3n natural, Darwin recibi\u00f3 cr\u00edtiques de munchos cient\u00edficos y te\u00f3logos, pero tami\u00e9n tuvo un gran n\u00famberu de siguidores y defensores, incluyendo a Thomas Huxley, conoc\u00edu como \u00abel bulldog de Darwin\u00bb.<\/li>\n<li dir=\"auto\">Darwin foi un gran coleccionista d&#8217;orqu\u00eddees y escribi\u00f3 un llibru sobro elles, llam\u00e1u \u00abLa vida de les orqu\u00eddees\u00bb.<\/li>\n<li dir=\"auto\">Darwin tuvo bien interes\u00e1u nel estudiu de les plantes y escribi\u00f3 dellos llibros sobro la tema, incluyendo \u00abLes variedaes de plantes cultivaes\u00bb y \u00abLa formaci\u00f3n de los montes naturales\u00bb.<\/li>\n<\/ul>\n<p style=\"text-align: center\">\n<!-- iframe plugin v.6.0 wordpress.org\/plugins\/iframe\/ -->\n<iframe loading=\"lazy\" src=\"https:\/\/www.facebook.com\/plugins\/post.php?href=https%3A%2F%2Fwww.facebook.com%2FCienciaPlus1%2Fposts%2Fpfbid024JdPpS1jzT2L3ysCZQHdeERAnfHiRd2zWYeQRSHYUMeeJeruZPqUwWJjow8ufUdNl&#038;show_text=false&#038;width=500\" width=\"500\" height=\"498\" style=\"border:none;overflow:hidden\" scrolling=\"no\" frameborder=\"0\" allowfullscreen=\"true\" allow=\"autoplay; clipboard-write; encrypted-media; picture-in-picture; web-share\" 0=\"\/iframe\" class=\"iframe-class\"><\/iframe>\n<\/p>\n<\/div>\n<div dir=\"auto\"><\/div>\n","protected":false},"excerpt":{"rendered":"<p>\u00abNun ye&#8217;l m\u00e1s fuerte de les especies el que sobrevive, tampoco ye&#8217;l m\u00e1s intelixente&#8217;l que sobrevive. Ye aquel que ye m\u00e1s adaptable al camb\u00e9u\u00bb. Charles Darwin Fundaci\u00f3n Biodiversidad\/\u00a0 #D\u00edadeDarwin #darwinday\/#Cient\u00edficamente #Darwin \/ gr\u00e1ficu \/Ciencia+ El 12 de febreru ye&#8217;l D\u00eda de Darwin para conmemor l&#8217;aniversariu de la nacencia, en 1809, del pernom\u00e1u naturalista que revolucion\u00f3&#8217;l [&hellip;]<\/p>\n","protected":false},"author":117,"featured_media":0,"comment_status":"open","ping_status":"open","sticky":false,"template":"","format":"standard","meta":{"footnotes":""},"categories":[45,6],"tags":[],"class_list":["post-41865","post","type-post","status-publish","format-standard","hentry","category-ciencia","category-dia-de"],"_links":{"self":[{"href":"https:\/\/edublog.educastur.es\/ixuxu\/wp-json\/wp\/v2\/posts\/41865","targetHints":{"allow":["GET"]}}],"collection":[{"href":"https:\/\/edublog.educastur.es\/ixuxu\/wp-json\/wp\/v2\/posts"}],"about":[{"href":"https:\/\/edublog.educastur.es\/ixuxu\/wp-json\/wp\/v2\/types\/post"}],"author":[{"embeddable":true,"href":"https:\/\/edublog.educastur.es\/ixuxu\/wp-json\/wp\/v2\/users\/117"}],"replies":[{"embeddable":true,"href":"https:\/\/edublog.educastur.es\/ixuxu\/wp-json\/wp\/v2\/comments?post=41865"}],"version-history":[{"count":6,"href":"https:\/\/edublog.educastur.es\/ixuxu\/wp-json\/wp\/v2\/posts\/41865\/revisions"}],"predecessor-version":[{"id":41931,"href":"https:\/\/edublog.educastur.es\/ixuxu\/wp-json\/wp\/v2\/posts\/41865\/revisions\/41931"}],"wp:attachment":[{"href":"https:\/\/edublog.educastur.es\/ixuxu\/wp-json\/wp\/v2\/media?parent=41865"}],"wp:term":[{"taxonomy":"category","embeddable":true,"href":"https:\/\/edublog.educastur.es\/ixuxu\/wp-json\/wp\/v2\/categories?post=41865"},{"taxonomy":"post_tag","embeddable":true,"href":"https:\/\/edublog.educastur.es\/ixuxu\/wp-json\/wp\/v2\/tags?post=41865"}],"curies":[{"name":"wp","href":"https:\/\/api.w.org\/{rel}","templated":true}]}}