{"id":41884,"date":"2025-02-13T10:57:33","date_gmt":"2025-02-13T08:57:33","guid":{"rendered":"https:\/\/edublog.educastur.es\/ixuxu\/?p=41884"},"modified":"2025-02-17T23:10:16","modified_gmt":"2025-02-17T21:10:16","slug":"el-colexu-ruiz-tilve-curia-24-pites-pintes-nuna-activida-formativa","status":"publish","type":"post","link":"https:\/\/edublog.educastur.es\/ixuxu\/2025\/02\/el-colexu-ruiz-tilve-curia-24-pites-pintes-nuna-activida-formativa\/","title":{"rendered":"El colexu Ruiz-Tilve curia 24 pites pintes n&#8217;una activid\u00e1 formativa"},"content":{"rendered":"<ul>\n<li><a href=\"https:\/\/www.lne.es\/oviedo\/2025\/02\/13\/colegio-ruiz-tilve-cuida-24-114247207.html?fbclid=IwY2xjawIakd5leHRuA2FlbQIxMQABHe0qJqoNtzsrfBUHO7H78xGRqi6TiK_vetwOilSUEs1woRtvey7miRcasQ_aem_jM4fcTtHAkyvHwMSC5YoYg\">El colegio Ruiz-Tilve cuida 24 pitas pintas en una actividad formativa (lne.es)<\/a><\/li>\n<\/ul>\n<p style=\"text-align: center\"><a href=\"https:\/\/estaticos-cdn.prensaiberica.es\/clip\/0489d35f-8f35-4e53-8d76-2df148ff3b6a_16-9-aspect-ratio_default_0.webp\"><img loading=\"lazy\" decoding=\"async\" class=\"aligncenter size-large\" src=\"https:\/\/estaticos-cdn.prensaiberica.es\/clip\/0489d35f-8f35-4e53-8d76-2df148ff3b6a_16-9-aspect-ratio_default_0.webp\" width=\"880\" height=\"495\" \/><\/a><\/p>\n<p>El colexu Ruiz-Tilve curia 24 pites pintes n&#8217;una activid\u00e1 formativa. Emilio Mart\u00ednez, presidente de l&#8217;<a href=\"https:\/\/gallinasasturianas.wixsite.com\/pita-pinta\"><strong>Asociaci\u00f3n para la Recuperaci\u00f3n de la Pita Pinta<\/strong>,<\/a> con alumnos del centru. |<\/p>\n<p style=\"text-align: center\"><!--more-->\n<!-- iframe plugin v.6.0 wordpress.org\/plugins\/iframe\/ -->\n<iframe loading=\"lazy\" src=\"https:\/\/www.instagram.com\/reel\/DGB2Sz8oyQL\/embed\" width=\"640\" height=\"460\" 0=\"\/iframe\" scrolling=\"yes\" class=\"iframe-class\" frameborder=\"0\"><\/iframe>\n<\/p>\n<p>Nel colexu cpruiztilve tamos viviendo una esperiencia \u00fanica gracies a la collaboraci\u00f3n cola <strong>Asociaci\u00f3n para la Recuperaci\u00f3n de la Pita Pinta Asturiana.<\/strong> Nel nuesu centru, una incubadora con 24 g\u00fcevos fecundaos ta dexando que los alumnos d&#8217;infantil y 2\u00ba de Primaria afayen el ciclu de vida de les aves de primera mano.<\/p>\n<p>\ud83d\udcfa La esperiencia foi tan especial qu&#8217;hasta la TPA visit\u00f3&#8217;l nuesu cole para conocer de cerca esti guapu proyectu y compartilo con toa Asturies. <strong>\u00a1Tamos bien arguyosos de qu&#8217;el nuesu trabayu cola biodiversid\u00e1 tenga tanta repercusi\u00f3n!<\/strong><\/p>\n<p>\ud83c\udf31 Con esti proyectu, los ne\u00f1os pudieron:<br \/>\n\u2714\ufe0f Reparar el ciclu de la vida dende l&#8217;entamu.<br \/>\n\u2714\ufe0f Aprender sobro reproducci\u00f3n y desenvolvimientu animal.<br \/>\n\u2714\ufe0f Fomentar el respetu polos seres vivos.<br \/>\n\u2714\ufe0f Sensibilizase sobro la importancia de la biodiversid\u00e1.<\/p>\n<p>Agora t\u00f3canos curiar de los pitinos y siguir aprendiendo con ellos. \u00a1Xuna esperiencia inolvidable! \ud83d\udc25<\/p>\n<p style=\"text-align: center\"><a href=\"https:\/\/static.wixstatic.com\/media\/970197_7d51b4b542744857ba6947e75226c823~mv2.jpg\/v1\/crop\/x_10,y_2,w_1480,h_320\/fill\/w_1460,h_307,al_c,q_85,usm_0.66_1.00_0.01,enc_avif,quality_auto\/970197_7d51b4b542744857ba6947e75226c823~mv2.jpg\"><img loading=\"lazy\" decoding=\"async\" class=\"aligncenter size-large\" src=\"https:\/\/static.wixstatic.com\/media\/970197_7d51b4b542744857ba6947e75226c823~mv2.jpg\/v1\/crop\/x_10,y_2,w_1480,h_320\/fill\/w_1460,h_307,al_c,q_85,usm_0.66_1.00_0.01,enc_avif,quality_auto\/970197_7d51b4b542744857ba6947e75226c823~mv2.jpg\" width=\"1460\" height=\"307\" \/><\/a><\/p>\n<p style=\"text-align: left\">El colexu Carmen Ruiz-Tilve desenvuelve un proyectu educativu en collaboraci\u00f3n cola <strong>Asociaci\u00f3n para la Recuperaci\u00f3n de la Pita Pinta asturiana<\/strong>. Nel centru instal\u00f3se una incubadora con venticuatro g\u00fcevos fecundaos, apurrida pol colectivu. Mientres estes \u00faltimes selmanes, aseguraron los profesores de segundu nivel de Primaria, <span style=\"color: #008080\"><em>\u00ablos estudiantes t\u00e1n teniendo la oportunid\u00e1 d&#8217;esperimentar en primer persona l&#8217;orixe del ciclu de vida\u00bb.<\/em><\/span><\/p>\n<p>Ye <span style=\"color: #008080\"><em>\u00abun proyectu arriquecedor que dexa afayar y entender de forma vivencial y directa los procesos de reproducci\u00f3n, crecedera y desenvolvimientu de los animales\u00bb<\/em><\/span>, a\u00f1eden.<\/p>\n<p>L&#8217;oxetivu d&#8217;esta iniciativa ye, afirmen,<span style=\"color: #008080\"><em> \u00abfomentar el respetu polos seres vivos, sensibilizar a los estudiantes sobro la importancia de la biodiversid\u00e1 y promover una educaci\u00f3n m\u00e1s cercana a la naturaleza\u00bb.<\/em><\/span><\/p>\n<p style=\"text-align: center\"><a href=\"https:\/\/static.wixstatic.com\/media\/970197_a550e58be4934a25b9a1301a72a359ba.jpg\/v1\/fill\/w_448,h_333,al_c,q_80,usm_0.66_1.00_0.01,enc_avif,quality_auto\/970197_a550e58be4934a25b9a1301a72a359ba.jpg\"><img loading=\"lazy\" decoding=\"async\" class=\"aligncenter size-large\" src=\"https:\/\/static.wixstatic.com\/media\/970197_a550e58be4934a25b9a1301a72a359ba.jpg\/v1\/fill\/w_448,h_333,al_c,q_80,usm_0.66_1.00_0.01,enc_avif,quality_auto\/970197_a550e58be4934a25b9a1301a72a359ba.jpg\" width=\"448\" height=\"333\" \/><\/a><\/p>\n<p style=\"text-align: center\"><a href=\"https:\/\/static.wixstatic.com\/media\/970197_0aadeed5784d44b18bc480d66d2b37a4.jpg\/v1\/fill\/w_437,h_325,al_c,lg_1,q_80,usm_0.66_1.00_0.01,enc_avif,quality_auto\/970197_0aadeed5784d44b18bc480d66d2b37a4.jpg\"><img loading=\"lazy\" decoding=\"async\" class=\"aligncenter size-large\" src=\"https:\/\/static.wixstatic.com\/media\/970197_0aadeed5784d44b18bc480d66d2b37a4.jpg\/v1\/fill\/w_437,h_325,al_c,lg_1,q_80,usm_0.66_1.00_0.01,enc_avif,quality_auto\/970197_0aadeed5784d44b18bc480d66d2b37a4.jpg\" width=\"437\" height=\"325\" \/><\/a><\/p>\n<p style=\"text-align: center\">\n<!-- iframe plugin v.6.0 wordpress.org\/plugins\/iframe\/ -->\n<iframe loading=\"lazy\" src=\"https:\/\/www.instagram.com\/reel\/DGB2Sz8oyQL\/embed\" width=\"640\" height=\"460\" 0=\"\/iframe\" scrolling=\"yes\" class=\"iframe-class\" frameborder=\"0\"><\/iframe>\n<\/p>\n","protected":false},"excerpt":{"rendered":"<p>El colegio Ruiz-Tilve cuida 24 pitas pintas en una actividad formativa (lne.es) El colexu Ruiz-Tilve curia 24 pites pintes n&#8217;una activid\u00e1 formativa. Emilio Mart\u00ednez, presidente de l&#8217;Asociaci\u00f3n para la Recuperaci\u00f3n de la Pita Pinta, con alumnos del centru. |<\/p>\n","protected":false},"author":117,"featured_media":0,"comment_status":"open","ping_status":"open","sticky":false,"template":"","format":"standard","meta":{"footnotes":""},"categories":[1],"tags":[],"class_list":["post-41884","post","type-post","status-publish","format-standard","hentry","category-sin-categoria"],"_links":{"self":[{"href":"https:\/\/edublog.educastur.es\/ixuxu\/wp-json\/wp\/v2\/posts\/41884","targetHints":{"allow":["GET"]}}],"collection":[{"href":"https:\/\/edublog.educastur.es\/ixuxu\/wp-json\/wp\/v2\/posts"}],"about":[{"href":"https:\/\/edublog.educastur.es\/ixuxu\/wp-json\/wp\/v2\/types\/post"}],"author":[{"embeddable":true,"href":"https:\/\/edublog.educastur.es\/ixuxu\/wp-json\/wp\/v2\/users\/117"}],"replies":[{"embeddable":true,"href":"https:\/\/edublog.educastur.es\/ixuxu\/wp-json\/wp\/v2\/comments?post=41884"}],"version-history":[{"count":8,"href":"https:\/\/edublog.educastur.es\/ixuxu\/wp-json\/wp\/v2\/posts\/41884\/revisions"}],"predecessor-version":[{"id":42149,"href":"https:\/\/edublog.educastur.es\/ixuxu\/wp-json\/wp\/v2\/posts\/41884\/revisions\/42149"}],"wp:attachment":[{"href":"https:\/\/edublog.educastur.es\/ixuxu\/wp-json\/wp\/v2\/media?parent=41884"}],"wp:term":[{"taxonomy":"category","embeddable":true,"href":"https:\/\/edublog.educastur.es\/ixuxu\/wp-json\/wp\/v2\/categories?post=41884"},{"taxonomy":"post_tag","embeddable":true,"href":"https:\/\/edublog.educastur.es\/ixuxu\/wp-json\/wp\/v2\/tags?post=41884"}],"curies":[{"name":"wp","href":"https:\/\/api.w.org\/{rel}","templated":true}]}}