{"id":41904,"date":"2025-02-13T12:32:31","date_gmt":"2025-02-13T10:32:31","guid":{"rendered":"https:\/\/edublog.educastur.es\/ixuxu\/?p=41904"},"modified":"2025-02-13T12:44:41","modified_gmt":"2025-02-13T10:44:41","slug":"41904","status":"publish","type":"post","link":"https:\/\/edublog.educastur.es\/ixuxu\/2025\/02\/41904\/","title":{"rendered":"Mary Beard vuelve a encandilar a Asturies"},"content":{"rendered":"<ul>\n<li class=\"padding-t-resp-not font-size-l fuente-corporativa font-weight-b\"><a class=\"\" href=\"https:\/\/www.rtpa.es\/noticias-sociedad-ast\/2025-02-12\/Mary-Beard,-Premiu-Princesa-d'Asturies-de-Ciencies-Sociales-2016,-vuelve-a-encandilar-a-Asturies_111739364462.html\">Mary Beard, Premiu Princesa d&#8217;Asturies de Ciencies Sociales 2016, vuelve a encandilar a Asturies<\/a><\/li>\n<li>Mary Beard: <a href=\"https:\/\/es.wikipedia.org\/wiki\/Mary_Beard\">wiki<\/a> \/<a href=\"https:\/\/www.bing.com\/images\/search?q=mary+beard&amp;form=HDRSC4&amp;first=1\"> semeyes<\/a> \/ <a href=\"https:\/\/www.msn.com\/es-es\/sociedad-cultura-e-historia\/problemas-sociales\/la-amazona-mary-beard-fascinada-en-su-encuentro-con-estudiantes-en-gij%C3%B3n-a-ner%C3%B3n-le-habr%C3%ADan-encantado-las-redes-sociales\/ar-AA1yUOck?ocid=BingNewsSerp\">LNE<\/a> \/ <a href=\"https:\/\/www.elcomercio.es\/premios-princesa\/historiadora-mary-beard-vuelve-deslumbrar-asturias-20250212133505-vi.html\">El Comercio<\/a> \/<\/li>\n<\/ul>\n<p style=\"text-align: center\"><a href=\"https:\/\/www.rtpa.es\/fotos\/\/25\/02\/20250212134743_RTPA6182640.webp\"><img loading=\"lazy\" decoding=\"async\" class=\"aligncenter \" src=\"https:\/\/www.rtpa.es\/fotos\/\/25\/02\/20250212134743_RTPA6182640.webp\" width=\"661\" height=\"372\" \/><\/a><\/p>\n<div class=\"col-lg-8 col-md-12 col-xs-12\" role=\"main\" aria-label=\"Bloque del titular, texto imagen o v\u00eddeo de la noticia\">\n<div id=\"noticiacompleta\" class=\"parragraph-padding font-c-conent\">\n<h2 class=\"font-size-m padding-b-20 font-weight-b margin-t-16\" style=\"text-align: center\"><span style=\"color: #008080\">La historiadora cree que nun hai qu&#8217;idealizar lo antiguo, pero s\u00ed ye importante recordalo p&#8217;afrontar los problemes d&#8217;otra manera<\/span><\/h2>\n<p>Mary Beard entr\u00f3 sorriente y alabando los trabayos de los estudiantes sobre la herencia grecorromana. Un calorosu recibimientu, tami\u00e9n art\u00edsticu, con un grafiti cola so imaxe y col mensaxe &#8216;Aqu\u00ed para vivir&#8217;.<\/p>\n<p><!--more--><\/p>\n<p>Ente l\u2019alumn\u00e1u de llat\u00edn y griegu, munches entrugues. Una d\u2019elles, sobre\u2019l papel de les humanidaes se\u00f1ala Mery Beard, Premiu Princesa de les Ciencies Sociales 2016.<\/p>\n<p>La historiadora cree que nun hai qu\u2019idealizar lo antiguo, pero s\u00ed ye importante recordalo p\u2019afrontar los problemes d\u2019otra manera.<\/p>\n<p>Sobre l\u2019escenariu, los mitos que llama a retomar y da-yos una nueva forma.<\/p>\n<p>613 alumnos y alumnes de 38 centros d\u2019Asturies, C\u00e1diz, Granada y Zaragoza participaron nesti toma la palabra. Un proyectu que cumple diez a\u00f1os y pel que pasaron m\u00e1s de 55.000 estudiantes.<\/p>\n<blockquote><p><em><strong>&#8216;A Ner\u00f3n encantar\u00eden-y les redes sociales<\/strong><\/em><\/p><\/blockquote>\n<p>Beard convidaba a los estudiantes a mirar escontra&#8217;l pas\u00e1u de forma distinta para rellacionar el mundu antiguu y el modernu.<\/p>\n<p style=\"text-align: center\"><a href=\"https:\/\/www.arcadia-editorial.com\/wp-content\/uploads\/2018\/06\/89_Mary_Beard_ok.jpg\"><img loading=\"lazy\" decoding=\"async\" class=\"aligncenter \" src=\"https:\/\/www.arcadia-editorial.com\/wp-content\/uploads\/2018\/06\/89_Mary_Beard_ok.jpg\" width=\"457\" height=\"457\" \/><\/a><\/p>\n<p style=\"text-align: center\">\n<!-- iframe plugin v.6.0 wordpress.org\/plugins\/iframe\/ -->\n<iframe loading=\"lazy\" src=\"https:\/\/www.facebook.com\/plugins\/post.php?href=https%3A%2F%2Fwww.facebook.com%2FCentroNiemeyer%2Fposts%2Fpfbid0JE8RkBRVnk7gASdsWKoWqSmUVyjymoZX4pYzPXs6xszqhWztgzaBPn4g5tHFbKTXl&#038;show_text=false&#038;width=500\" width=\"500\" height=\"498\" style=\"border:none;overflow:hidden\" scrolling=\"no\" frameborder=\"0\" allowfullscreen=\"true\" allow=\"autoplay; clipboard-write; encrypted-media; picture-in-picture; web-share\" 0=\"\/iframe\" class=\"iframe-class\"><\/iframe>\n<\/p>\n<\/div>\n<\/div>\n<p>&nbsp;<\/p>\n<div class=\"col-lg-4 col-md-12 col-xs-12 padding-t-20 padding-b-20\">\n<div class=\"utiles bg-contenido-destacado border-radius-8\" role=\"group\" aria-label=\"Informaci\u00f3n de subt\u00edtulos y bloque para compartir la noticia en redes sociales\">\n<div class=\"display-b padding-t-10 padding-b-10 border-b-1 border-solid border-c-clear-blue padding-l-10 padding-r-10\">\n<div class=\"display-t width-0100\"><\/div>\n<\/div>\n<\/div>\n<\/div>\n","protected":false},"excerpt":{"rendered":"<p>Mary Beard, Premiu Princesa d&#8217;Asturies de Ciencies Sociales 2016, vuelve a encandilar a Asturies Mary Beard: wiki \/ semeyes \/ LNE \/ El Comercio \/ La historiadora cree que nun hai qu&#8217;idealizar lo antiguo, pero s\u00ed ye importante recordalo p&#8217;afrontar los problemes d&#8217;otra manera Mary Beard entr\u00f3 sorriente y alabando los trabayos de los estudiantes [&hellip;]<\/p>\n","protected":false},"author":117,"featured_media":0,"comment_status":"open","ping_status":"open","sticky":false,"template":"","format":"standard","meta":{"footnotes":""},"categories":[28,59],"tags":[],"class_list":["post-41904","post","type-post","status-publish","format-standard","hentry","category-premios-princesa-da","category-rtpa"],"_links":{"self":[{"href":"https:\/\/edublog.educastur.es\/ixuxu\/wp-json\/wp\/v2\/posts\/41904","targetHints":{"allow":["GET"]}}],"collection":[{"href":"https:\/\/edublog.educastur.es\/ixuxu\/wp-json\/wp\/v2\/posts"}],"about":[{"href":"https:\/\/edublog.educastur.es\/ixuxu\/wp-json\/wp\/v2\/types\/post"}],"author":[{"embeddable":true,"href":"https:\/\/edublog.educastur.es\/ixuxu\/wp-json\/wp\/v2\/users\/117"}],"replies":[{"embeddable":true,"href":"https:\/\/edublog.educastur.es\/ixuxu\/wp-json\/wp\/v2\/comments?post=41904"}],"version-history":[{"count":11,"href":"https:\/\/edublog.educastur.es\/ixuxu\/wp-json\/wp\/v2\/posts\/41904\/revisions"}],"predecessor-version":[{"id":41917,"href":"https:\/\/edublog.educastur.es\/ixuxu\/wp-json\/wp\/v2\/posts\/41904\/revisions\/41917"}],"wp:attachment":[{"href":"https:\/\/edublog.educastur.es\/ixuxu\/wp-json\/wp\/v2\/media?parent=41904"}],"wp:term":[{"taxonomy":"category","embeddable":true,"href":"https:\/\/edublog.educastur.es\/ixuxu\/wp-json\/wp\/v2\/categories?post=41904"},{"taxonomy":"post_tag","embeddable":true,"href":"https:\/\/edublog.educastur.es\/ixuxu\/wp-json\/wp\/v2\/tags?post=41904"}],"curies":[{"name":"wp","href":"https:\/\/api.w.org\/{rel}","templated":true}]}}