{"id":41908,"date":"2025-02-13T12:36:01","date_gmt":"2025-02-13T10:36:01","guid":{"rendered":"https:\/\/edublog.educastur.es\/ixuxu\/?p=41908"},"modified":"2025-02-13T14:30:01","modified_gmt":"2025-02-13T12:30:01","slug":"un-total-de-450-000-euros-para-remocicar-horros-paneres-y-cabazos","status":"publish","type":"post","link":"https:\/\/edublog.educastur.es\/ixuxu\/2025\/02\/un-total-de-450-000-euros-para-remocicar-horros-paneres-y-cabazos\/","title":{"rendered":"Subenciones para remocicar horros, paneres y cabazos"},"content":{"rendered":"<ul>\n<li class=\"font-size-xxl margin-b-5 font-weight-b color-b-050 letter-spacing--1 fuente-corporativa\"><a href=\"https:\/\/www.rtpa.es\/noticias-asturias-ast\/2025-02-12\/Un-total-de-450.000-euros-para-remocicar-horros,-paneres-y-cabazos_111739367377.html\">RTPA: Un total de 450.000 euros para remocicar horros, paneres y cabazos<\/a><\/li>\n<li>Fonte: <a href=\"https:\/\/actualidad.asturias.es\/-\/cultura-lanza-una-l%C3%ADnea-de-subvenciones-de-450.000-euros-para-rehabilitar-h%C3%B3rreos-que-incluye-el-abono-anticipado-de-la-ayuda-y-la-ampliaci%C3%B3n-de-los-plazos-para-ejecutar-las-obras?redirect=%2F\">actualidad Asturies<\/a> \/<\/li>\n<\/ul>\n<p style=\"text-align: center\"><a href=\"https:\/\/actualidad.asturias.es\/documents\/537115\/2378475\/horreo.jpg\/c3a28120-1068-de6b-d66a-b71ff9b4640f?t=1739359106556\"><img loading=\"lazy\" decoding=\"async\" class=\"aligncenter size-large\" src=\"https:\/\/actualidad.asturias.es\/documents\/537115\/2378475\/horreo.jpg\/c3a28120-1068-de6b-d66a-b71ff9b4640f?t=1739359106556\" width=\"780\" height=\"400\" \/><\/a><\/p>\n<p><!--more--><\/p>\n<p style=\"text-align: center\"><a href=\"https:\/\/www.rtpa.es\/fotos\/\/25\/02\/20250212143724_RTPA6183074.webp\"><img loading=\"lazy\" decoding=\"async\" class=\"aligncenter size-large\" src=\"https:\/\/www.rtpa.es\/fotos\/\/25\/02\/20250212143724_RTPA6183074.webp\" width=\"853\" height=\"480\" \/><\/a><\/p>\n<section class=\"contenido \">\n<div class=\"container\">\n<div class=\"row\">\n<div class=\"col-lg-8 col-md-12 col-xs-12\" role=\"main\" aria-label=\"Bloque del titular, texto imagen o v\u00eddeo de la noticia\">\n<div id=\"noticiacompleta\" class=\"parragraph-padding font-c-conent\">\n<ul>\n<li class=\"font-size-m padding-b-20 font-weight-b margin-t-16\">Les bases asoley\u00e1ronse g\u00fce nel BOPA y la fecha llende pa presentar solicit\u00fas ye&#8217;l 4 de marzu<\/li>\n<li>Un total de 450.000 euros para remocicar horros, paneres y cabazos<\/li>\n<li>Cultura llanza una llinia de subvenciones de 450.000 euros pa remocicar horros, paneres y cabazos. Hai dos novedaes na convocatoria: l\u2019ayuda abonar\u00e1se de manera anticipada y am\u00e1s ampliar\u00e1se\u2019l plazu pa executar les obres hasta un a\u00f1u dempu\u00e9s de la concesi\u00f3n de la subvenci\u00f3n.<\/li>\n<li><a href=\"https:\/\/tinyurl.com\/35we4e5y\">Les bases asoley\u00e1ronse nel BOPA<\/a> y la fecha llende pa presentar<a href=\"https:\/\/tinyurl.com\/4av7ukkv\"> solicit\u00fas<\/a> ye\u2019l 4 de marzu.<\/li>\n<li>Les subvenciones cubren hasta\u2019l 75% del presupuestu, con una cuant\u00eda m\u00e1xima de 6.000 euros por solicit\u00fa.<\/li>\n<\/ul>\n<h3>Cultura llanza una llinia de subvenciones de 450.000 euros pa rehabilitar horros, qu\u2019incluye\u2019l pagu anteman\u00e1u de l\u2019ayuda y l\u2019ampliaci\u00f3n de los plazos pa executar les obres<\/h3>\n<ul>\n<li class=\"Entradilla\"><strong>Les solicit\u00faes van poder presentase hasta\u2019l 4 de marzu y van facilitar la recuperaci\u00f3n del patrimoniu cultural<\/strong><\/li>\n<\/ul>\n<p>El\u00a0<i>Bolet\u00edn Oficial del Princip\u00e1u d\u2019Asturies (BOPA)<\/i>\u00a0public\u00f3 g\u00fcei una convocatoria de subvenciones por valor de 450.000 euros pa la restauraci\u00f3n d\u2019horros, paneres y cabazos. La Conseyer\u00eda de Cultura, Pol\u00edtica Lling\u00fc\u00edstica y Deporte flexibiliz\u00f3 les bases pa dexar pagar antemanadamente les ayudes y p\u2019ampliar el plazu pa realizar los trabayos hasta un a\u00f1u dende la comunicaci\u00f3n de la mesma.<\/p>\n<p>Les solicit\u00faes pueden presentase hasta\u2019l 4 de marzu, y la convocatoria pue consultase nel enllaz\u00a0<a href=\"https:\/\/tinyurl.com\/4av7ukkv\">https:\/\/tinyurl.com\/4av7ukkv<\/a>.<\/p>\n<p>Estos cambeos nes condiciones van facilitar la recuperaci\u00f3n del patrimoniu cultural, cumpliendo colos compromisos adquir\u00edos pola Conseyer\u00eda depu\u00e9s del \u00e9xitu de la convocatoria d\u2019ayudes del a\u00f1u pas\u00e1u. Les subvenciones, que se van conceder en r\u00e9xime de concurrencia competitiva, t\u00e1n dirix\u00edes a persones f\u00edsiques o xur\u00eddiques, y tami\u00e9n a instituciones ensin af\u00e1n d\u2019arriquecimientu, que seyan propietaries o posesores con consentimientu del propietariu d\u2019estos elementos patrimoniales.<\/p>\n<p>Los bienes subvencionables han cumplir polo menos una d\u2019estes condiciones:<\/p>\n<ul>\n<li>Tar incluy\u00edos nos cat\u00e1logos urban\u00edsticos municipales aprobaos depu\u00e9s de la entrada en vigor de la Llei 1\/2001, de 6 de marzu, de Patrimoniu Cultural, con un nivel de protecci\u00f3n integral.<\/li>\n<li>En conceyos ensin cat\u00e1logos urban\u00edsticos aprobaos tres de la Llei 1\/2001, los bienes tienen que ser anteriores a 1940 y destacar pola so talla, decoraci\u00f3n o caracter\u00edstiques constructives.<\/li>\n<\/ul>\n<p>Les subvenciones cubren hasta\u2019l 75 % del presupuestu, con una cantid\u00e1 m\u00e1xima de 6.000 euros por solicit\u00fa. L\u2019importe total destin\u00e1u a esta convocatoria xube a 450.000 euros.<\/p>\n<p><b>Ayudes pal patrimoniu cultural asturianu<\/b><\/p>\n<p>Am\u00e1s, la Conseyer\u00eda convoc\u00f3 otru programa de sofitu econ\u00f3micu por un importe total de 125.000 euros pal estudiu, promoci\u00f3n y puesta en valor del patrimoniu cultural asturianu, tanto material como inmaterial, am\u00e1s d\u2019archivos de la tradici\u00f3n oral. Estes ayudes t\u00e1n dirix\u00edes a entidaes ensin af\u00e1n d\u2019arriquecimientu, particulares y empreses, seg\u00fan les distintes llinies d\u2019actuaci\u00f3n, con un importe m\u00e1ximu de 6.000 euros por solicitante.<\/p>\n<p>El plazu de presentaci\u00f3n de solicit\u00faes pa estes subvenciones acaba\u2019l 26 de febreru. La informaci\u00f3n detallada pue ampliase na anuncia publicada g\u00fcei nel\u00a0<i>BOPA<\/i>:\u00a0<a href=\"https:\/\/tinyurl.com\/35we4e5y\">https:\/\/tinyurl.com\/35we4e5y<\/a><\/p>\n<\/div>\n<\/div>\n<div class=\"col-lg-4 col-md-12 col-xs-12 padding-t-20 padding-b-20\">\n<div class=\"utiles bg-contenido-destacado border-radius-8\" role=\"group\" aria-label=\"Informaci\u00f3n de subt\u00edtulos y bloque para compartir la noticia en redes sociales\"><\/div>\n<div id=\"\"><\/div>\n<div id=\"\"><\/div>\n<div class=\"margin-t-20 margin-b-20\"><\/div>\n<div class=\"margin-t-20 margin-b-20\"><\/div>\n<\/div>\n<\/div>\n<\/div>\n<\/section>\n","protected":false},"excerpt":{"rendered":"<p>RTPA: Un total de 450.000 euros para remocicar horros, paneres y cabazos Fonte: actualidad Asturies \/<\/p>\n","protected":false},"author":117,"featured_media":0,"comment_status":"open","ping_status":"open","sticky":false,"template":"","format":"standard","meta":{"footnotes":""},"categories":[116],"tags":[],"class_list":["post-41908","post","type-post","status-publish","format-standard","hentry","category-horru"],"_links":{"self":[{"href":"https:\/\/edublog.educastur.es\/ixuxu\/wp-json\/wp\/v2\/posts\/41908","targetHints":{"allow":["GET"]}}],"collection":[{"href":"https:\/\/edublog.educastur.es\/ixuxu\/wp-json\/wp\/v2\/posts"}],"about":[{"href":"https:\/\/edublog.educastur.es\/ixuxu\/wp-json\/wp\/v2\/types\/post"}],"author":[{"embeddable":true,"href":"https:\/\/edublog.educastur.es\/ixuxu\/wp-json\/wp\/v2\/users\/117"}],"replies":[{"embeddable":true,"href":"https:\/\/edublog.educastur.es\/ixuxu\/wp-json\/wp\/v2\/comments?post=41908"}],"version-history":[{"count":6,"href":"https:\/\/edublog.educastur.es\/ixuxu\/wp-json\/wp\/v2\/posts\/41908\/revisions"}],"predecessor-version":[{"id":41929,"href":"https:\/\/edublog.educastur.es\/ixuxu\/wp-json\/wp\/v2\/posts\/41908\/revisions\/41929"}],"wp:attachment":[{"href":"https:\/\/edublog.educastur.es\/ixuxu\/wp-json\/wp\/v2\/media?parent=41908"}],"wp:term":[{"taxonomy":"category","embeddable":true,"href":"https:\/\/edublog.educastur.es\/ixuxu\/wp-json\/wp\/v2\/categories?post=41908"},{"taxonomy":"post_tag","embeddable":true,"href":"https:\/\/edublog.educastur.es\/ixuxu\/wp-json\/wp\/v2\/tags?post=41908"}],"curies":[{"name":"wp","href":"https:\/\/api.w.org\/{rel}","templated":true}]}}