{"id":41992,"date":"2025-02-13T09:15:07","date_gmt":"2025-02-13T07:15:07","guid":{"rendered":"https:\/\/edublog.educastur.es\/ixuxu\/?p=41992"},"modified":"2025-02-15T15:11:32","modified_gmt":"2025-02-15T13:11:32","slug":"41992","status":"publish","type":"post","link":"https:\/\/edublog.educastur.es\/ixuxu\/2025\/02\/41992\/","title":{"rendered":"Educaci\u00f3n presenta&#8217;l portal \u00abEducastur Radio\u00bb"},"content":{"rendered":"<ul>\n<li>Fonte: <a href=\"https:\/\/actualidad.asturias.es\/-\/el-principado-presenta-el-portal-educastur-radio-que-alojar\u00e1-la-programaci\u00f3n-m\u00e1s-destacada-de-los-centros-de-ense\u00f1anza?redirect=%2Fnoticias\">Actualid\u00e1 Asturies<\/a> \/<a href=\"https:\/\/radio.educastur.es\"> <strong>Educastur Radiu<\/strong><\/a> \/ <a href=\"https:\/\/radio.educastur.es\">https:\/\/radio.educastur.es<\/a> \/ <span class=\"html-span xdj266r x11i5rnm xat24cr x1mh8g0r xexx8yu x4uap5 x18d9i69 xkhd6sd x1hl2dhg x16tdsg8 x1vvkbs\"><a class=\"x1i10hfl xjbqb8w x1ejq31n xd10rxx x1sy0etr x17r0tee x972fbf xcfux6l x1qhh985 xm0m39n x9f619 x1ypdohk xt0psk2 xe8uvvx xdj266r x11i5rnm xat24cr x1mh8g0r xexx8yu x4uap5 x18d9i69 xkhd6sd x16tdsg8 x1hl2dhg xggy1nq x1a2a7pz x1sur9pj xkrqix3 x1fey0fg x1s688f\" role=\"link\" href=\"https:\/\/www.facebook.com\/hashtag\/di%CC%81amundialdelaradio?__eep__=6&amp;__cft__[0]=AZUe-G6-4ZIQG60kMTeCjapQUuDjdHj-GElJa24QZ6Ocjq7ZimCqKZHC0GYX33acCChKmqyB5MDuerVDgr2o9bZIU8FYsqa09VoHCK8Y8uohg2ynjRpyH5oFMLaQGVeREdPj4EjSXTY3eDDrBVx1NgwPdyf0f_WNVyxSIKK9uE4Z1OIjhNit3AH3ff6BFUeW2n4&amp;__tn__=*NK-R\">#di\u0301amundialdelaradio<\/a><\/span>,<\/li>\n<\/ul>\n<p style=\"text-align: center\"><a href=\"https:\/\/radio.educastur.es\/image\/layout_set_logo?img_id=18073455&amp;t=1739616909051\"><img loading=\"lazy\" decoding=\"async\" class=\"aligncenter size-large\" src=\"https:\/\/radio.educastur.es\/image\/layout_set_logo?img_id=18073455&amp;t=1739616909051\" width=\"250\" height=\"112\" \/><\/a><\/p>\n<p>Educaci\u00f3n presenta&#8217;l portal Educastur Radiu, que va agospiar la programaci\u00f3n m\u00e1s destacada de los centros d&#8217;ense\u00f1anza. Lydia Espina inaugur\u00f3 en Xix\u00f3n el cursu formativu <strong><span style=\"color: #008080\">&#8216;Radiu y camb\u00e9u clim\u00e1ticu<\/span><\/strong>&#8216; nel D\u00eda Mundial de la Radio. La conseyer\u00eda ufierta tami\u00e9n a la comunid\u00e1 escolar dos sinton\u00edes y unes rabaseres, ellaboraes por alumn\u00e1u del CIFP Cisl\u00e1n de Llangr\u00e9u, para xenerar una identid\u00e1 propia.<\/p>\n<p><!--more--><\/p>\n<p>La Conseyer\u00eda d&#8217;Educaci\u00f3n present\u00f3 g\u00fcei la p\u00e1xina web d&#8217;<strong><span style=\"color: #008080\">Educastur Radio<\/span><\/strong>. Esti proyectu pedag\u00f3xicu, empecipi\u00e1u&#8217;l cursu pas\u00e1u, forma parte del programa para la meyora de la competencia dixital #ComDigEdu, financi\u00e1u con fondos europeos del Mecanismu de Recuperaci\u00f3n y Resiliencia (MRR).<\/p>\n<p>La p\u00e1xina web estren\u00f3se mientres la xornada formativa, entamada pel Centru del Profesor\u00e1u y Recursos de Xix\u00f3n, para conmemorar el D\u00eda Mundial de la Radio. La conseyera d&#8217;Educaci\u00f3n inaugur\u00f3 l&#8217;activid\u00e1, acompa\u00f1ada del director xeneral d&#8217;Inclusi\u00f3n Educativa y Ordenaci\u00f3n, David Artime.<\/p>\n<p style=\"text-align: center\"><a href=\"https:\/\/actualidad.asturias.es\/documents\/537115\/2380638\/2025_02_13+consejera+Educastur+Radio+.jpg\/adfa1e49-3bc9-d75c-5860-f375c5da40bc?t=1739443005991\"><img loading=\"lazy\" decoding=\"async\" class=\"aligncenter \" src=\"https:\/\/actualidad.asturias.es\/documents\/537115\/2380638\/2025_02_13+consejera+Educastur+Radio+.jpg\/adfa1e49-3bc9-d75c-5860-f375c5da40bc?t=1739443005991\" width=\"762\" height=\"574\" \/><\/a><\/p>\n<p>La xornada lleva por t\u00edtulu Radio y camb\u00e9u clim\u00e1ticu. Bones ondes para&#8217;l planeta y cuenta con una participaci\u00f3n de 29 centros, 55 docentes y 180 estudiantes en distintos talleres.<\/p>\n<p>El nuevu portal <span style=\"color: #008080\"><strong>https:\/\/radio.educastur.es<\/strong><\/span> convi\u00e9rtese d&#8217;equ\u00ed p&#8217;arriba n&#8217;una plataforma comu\u00f1al por que los centros d&#8217;ense\u00f1anza puedan agospiar los sos conten\u00edos m\u00e1s destacaos de forma senciella ya intuitiva. Tami\u00e9n se punxo a disposici\u00f3n de los participantes unos recursos sonoros (dos sinton\u00edes y rabaseres), ellaboraos como un proyectu integral pol alumn\u00e1u del *CIFP Comunicaci\u00f3n Imaxe y Son\u00edu de Llangr\u00e9u (*Cisl\u00e1n), coordin\u00e1u pol profesor Rafael *God\u00e1s.<\/p>\n<p><em>\u201cYe importante que les radios escolares tengan un espaciu propiu dientro de la nuesa comunid\u00e1 educativa y non solo en ca\u00fana de les vueses p\u00e1xines web. D\u00e1mosvos visibilid\u00e1 y creemos comunid\u00e1\u201d, sorray\u00f3 la conseyera. Coles mesmes, valor\u00f3 esos recursos sonoros \u201ccomo una manera de xenerar identid\u00e1, de sentinos parte d&#8217;un mesmu proyectu\u201d.<\/em><\/p>\n<p style=\"text-align: center\">\n<!-- iframe plugin v.6.0 wordpress.org\/plugins\/iframe\/ -->\n<iframe loading=\"lazy\" src=\"https:\/\/www.instagram.com\/reel\/DGB6-KsM5UL\/embed\" width=\"400\" height=\"650\" 0=\"\/iframe\" scrolling=\"yes\" class=\"iframe-class\" frameborder=\"0\"><\/iframe>\n<\/p>\n<p><strong>Una ferramienta d&#8217;aprendizaxe.\u00a0 <\/strong>Per otru llau, Escayu destac\u00f3 les grandes posibilidaes de la radio escolar como ferramienta d&#8217;aprendizaxe:<em> \u201cYe un pres\u00e9u pedag\u00f3xicu qu&#8217;ayuda a fomentar la espresi\u00f3n oral y el pensamientu cr\u00edticu, pero tami\u00e9n el trabayu n&#8217;equipu, la creativid\u00e1, los valores y la convivencia ente profesor\u00e1u y alumn\u00e1u\u201d.<\/em><\/p>\n<p>La conseyera tuvo una alcordanza pa los pioneros de la rede de radiu RqueR, que la so estructura orixinal contribuy\u00f3 a la nacencia de nueves emisores escolares. <em>\u201cNa conseyer\u00eda coyimos el testigu ya impulsemos Educastur Radiu dende la base, cola formaci\u00f3n del profesor\u00e1u y la repartida de kits\u201d<\/em>, coment\u00f3.<\/p>\n<p>Nes primeres xornaes formatives del cursu pas\u00e1u participaron 132 centros d&#8217;ense\u00f1anza del Princip\u00e1u, casi un terciu del total de la rede educativa auton\u00f3mica, y en payares celebr\u00f3 otra sesi\u00f3n na que s&#8217;inscribieron 248 docentes. La conseyer\u00eda adquiri\u00f3 tami\u00e9n unos kits de radiu p&#8217;aquellos centros educativos comenenciudos en siguir alantre col so proyectu de radio escolar. La inversi\u00f3n xubi\u00f3 a 154.000 euros.<\/p>\n<p>Eses xornaes van tener agora continuid\u00e1 con un segundu cursu semipresencial titul\u00e1u <span style=\"color: #008080\"><strong>Kit de radio: usos y aplicaciones<\/strong><\/span>, que la so inscripci\u00f3n ta abierta hasta&#8217;l mi\u00e9rcoles 19 de febreru. La idea ye poder partir los equipos sobrantes y, coles mesmes, dar formaci\u00f3n a docentes de los cuarenta centros d&#8217;ense\u00f1anza que nun s&#8217;inscribieron a la primer edici\u00f3n.<\/p>\n<p style=\"text-align: center\">\n<!-- iframe plugin v.6.0 wordpress.org\/plugins\/iframe\/ -->\n<iframe loading=\"lazy\" src=\"https:\/\/www.facebook.com\/plugins\/post.php?href=https%3A%2F%2Fwww.facebook.com%2Fphoto.php%3Ffbid%3D596420916696090%26set%3Da.108910392113814%26type%3D3&#038;show_text=false&#038;width=500\" width=\"500\" height=\"786\" style=\"border:none;overflow:hidden\" scrolling=\"no\" frameborder=\"0\" allowfullscreen=\"true\" allow=\"autoplay; clipboard-write; encrypted-media; picture-in-picture; web-share\" 0=\"\/iframe\" class=\"iframe-class\"><\/iframe>\n<\/p>\n","protected":false},"excerpt":{"rendered":"<p>Fonte: Actualid\u00e1 Asturies \/ Educastur Radiu \/ https:\/\/radio.educastur.es \/ #di\u0301amundialdelaradio, Educaci\u00f3n presenta&#8217;l portal Educastur Radiu, que va agospiar la programaci\u00f3n m\u00e1s destacada de los centros d&#8217;ense\u00f1anza. Lydia Espina inaugur\u00f3 en Xix\u00f3n el cursu formativu &#8216;Radiu y camb\u00e9u clim\u00e1ticu&#8216; nel D\u00eda Mundial de la Radio. La conseyer\u00eda ufierta tami\u00e9n a la comunid\u00e1 escolar dos sinton\u00edes y [&hellip;]<\/p>\n","protected":false},"author":117,"featured_media":0,"comment_status":"open","ping_status":"open","sticky":false,"template":"","format":"standard","meta":{"footnotes":""},"categories":[6,55],"tags":[],"class_list":["post-41992","post","type-post","status-publish","format-standard","hentry","category-dia-de","category-radio"],"_links":{"self":[{"href":"https:\/\/edublog.educastur.es\/ixuxu\/wp-json\/wp\/v2\/posts\/41992","targetHints":{"allow":["GET"]}}],"collection":[{"href":"https:\/\/edublog.educastur.es\/ixuxu\/wp-json\/wp\/v2\/posts"}],"about":[{"href":"https:\/\/edublog.educastur.es\/ixuxu\/wp-json\/wp\/v2\/types\/post"}],"author":[{"embeddable":true,"href":"https:\/\/edublog.educastur.es\/ixuxu\/wp-json\/wp\/v2\/users\/117"}],"replies":[{"embeddable":true,"href":"https:\/\/edublog.educastur.es\/ixuxu\/wp-json\/wp\/v2\/comments?post=41992"}],"version-history":[{"count":9,"href":"https:\/\/edublog.educastur.es\/ixuxu\/wp-json\/wp\/v2\/posts\/41992\/revisions"}],"predecessor-version":[{"id":42035,"href":"https:\/\/edublog.educastur.es\/ixuxu\/wp-json\/wp\/v2\/posts\/41992\/revisions\/42035"}],"wp:attachment":[{"href":"https:\/\/edublog.educastur.es\/ixuxu\/wp-json\/wp\/v2\/media?parent=41992"}],"wp:term":[{"taxonomy":"category","embeddable":true,"href":"https:\/\/edublog.educastur.es\/ixuxu\/wp-json\/wp\/v2\/categories?post=41992"},{"taxonomy":"post_tag","embeddable":true,"href":"https:\/\/edublog.educastur.es\/ixuxu\/wp-json\/wp\/v2\/tags?post=41992"}],"curies":[{"name":"wp","href":"https:\/\/api.w.org\/{rel}","templated":true}]}}