{"id":42004,"date":"2025-02-15T09:15:40","date_gmt":"2025-02-15T07:15:40","guid":{"rendered":"https:\/\/edublog.educastur.es\/ixuxu\/?p=42004"},"modified":"2025-02-15T14:18:08","modified_gmt":"2025-02-15T12:18:08","slug":"dia-internacional-contral-cancer-infantil-cuerre-con-galban","status":"publish","type":"post","link":"https:\/\/edublog.educastur.es\/ixuxu\/2025\/02\/dia-internacional-contral-cancer-infantil-cuerre-con-galban\/","title":{"rendered":"Cuerre con Galb\u00e1n pa recaldar fondos contra&#8217;l C\u00e1ncer Infantil"},"content":{"rendered":"<p style=\"text-align: center\">\n<!-- iframe plugin v.6.0 wordpress.org\/plugins\/iframe\/ -->\n<iframe loading=\"lazy\" src=\"https:\/\/www.instagram.com\/reel\/C3YJ7Unsk14\/embed\" width=\"500\" height=\"600\" 0=\"\/iframe\" scrolling=\"yes\" class=\"iframe-class\" frameborder=\"0\"><\/iframe>\n<\/p>\n<div class=\"_aasi\">\n<div class=\"x9f619 xjbqb8w x78zum5 x168nmei x13lgxp2 x5pf9jr xo71vjh x1n2onr6 x1plvlek xryxfnj x1c4vz4f x2lah0s x1q0g3np xqjyukv x6s0dn4 x1oa3qoh x1qughib\">\n<header class=\"_aaqw\">\n<div class=\"_aaqy _aaqz\">\n<div class=\"_aar0 _ad95 _aar1\">\n<div class=\"x78zum5\">\n<div class=\"_aaqt\">\n<div class=\"x9f619 xjbqb8w x78zum5 x168nmei x13lgxp2 x5pf9jr xo71vjh x1n2onr6 x1plvlek xryxfnj x1c4vz4f x2lah0s x1q0g3np xqjyukv x6s0dn4 x1oa3qoh x1nhvcw1\">\n<ul>\n<li><a class=\"x1i10hfl xjbqb8w x1ejq31n xd10rxx x1sy0etr x17r0tee x972fbf xcfux6l x1qhh985 xm0m39n x9f619 x1ypdohk xt0psk2 xe8uvvx xdj266r x11i5rnm xat24cr x1mh8g0r xexx8yu x4uap5 x18d9i69 xkhd6sd x16tdsg8 x1hl2dhg xggy1nq x1a2a7pz _acan _acao _acat _acaw _aj1- _ap30 _a6hd\" role=\"link\" href=\"https:\/\/www.instagram.com\/correcongalban\/\">correcongalban<\/a><\/li>\n<\/ul>\n<div class=\"_a9zn _a9zo\">\n<div class=\"_a9zr\">\n<div class=\"x9f619 xjbqb8w x78zum5 x168nmei x13lgxp2 x5pf9jr xo71vjh xw3qccf x1n2onr6 x1plvlek xryxfnj x1c4vz4f x2lah0s xdt5ytf xqjyukv x1qjc9v5 x1oa3qoh x1nhvcw1\">\n<div><\/div>\n<div>G\u00fcei, 15 de febreru, cel\u00e9brase&#8217;l <strong><span style=\"color: #008080\">D\u00eda Internacional contra&#8217;l C\u00e1ncer Infantil<\/span> <\/strong>y dende l&#8217;<span style=\"text-decoration: underline\"><strong><span style=\"color: #ff6600;text-decoration: underline\">Asociaci\u00f3n Galb\u00e1n<\/span> <\/strong><\/span>y l&#8217;organizaci\u00f3n de la carrera <span style=\"color: #ff6600\"><strong>Cuerre con Galb\u00e1n<\/strong><\/span> gustar\u00edanos mandar el nuesu sofitu a toles families afectaes<\/div>\n<\/div>\n<div class=\"xt0psk2\">\n<p>El 16 de febreru, en tolos 78 conceyos n&#8217;Asturies unir\u00e9monos n&#8217;una sola carrera con un prop\u00f3situ: recaldar fondos para l&#8217;<span style=\"text-decoration: underline\"><span style=\"color: #008080;text-decoration: underline\"><strong>Hospital Oncol\u00f3xicu d&#8217;Asturies.<\/strong><\/span><\/span> \u00a1Xuntos, podemos faer la diferencia! X\u00fanite a n\u00f3s nesta carrera pola vida.<\/p>\n<p class=\"_ap3a _aaco _aacu _aacx _aad7 _aade\" dir=\"auto\">\u00a0<a class=\"x1i10hfl xjbqb8w x1ejq31n xd10rxx x1sy0etr x17r0tee x972fbf xcfux6l x1qhh985 xm0m39n x9f619 x1ypdohk xt0psk2 xe8uvvx xdj266r x11i5rnm xat24cr x1mh8g0r xexx8yu x4uap5 x18d9i69 xkhd6sd x16tdsg8 x1hl2dhg xggy1nq x1a2a7pz _aa9_ _a6hd\" role=\"link\" href=\"https:\/\/www.instagram.com\/explore\/tags\/correcongalb%C3%A1n\/\">#CorreConGalb\u00e1n<\/a>\u00a0<a class=\"x1i10hfl xjbqb8w x1ejq31n xd10rxx x1sy0etr x17r0tee x972fbf xcfux6l x1qhh985 xm0m39n x9f619 x1ypdohk xt0psk2 xe8uvvx xdj266r x11i5rnm xat24cr x1mh8g0r xexx8yu x4uap5 x18d9i69 xkhd6sd x16tdsg8 x1hl2dhg xggy1nq x1a2a7pz _aa9_ _a6hd\" role=\"link\" href=\"https:\/\/www.instagram.com\/explore\/tags\/d%C3%ADainternacionalcontraelc%C3%A1ncerinfantil\/\">#D\u00edaInternacionalContraElC\u00e1ncerInfantil<\/a>\u00a0<a class=\"x1i10hfl xjbqb8w x1ejq31n xd10rxx x1sy0etr x17r0tee x972fbf xcfux6l x1qhh985 xm0m39n x9f619 x1ypdohk xt0psk2 xe8uvvx xdj266r x11i5rnm xat24cr x1mh8g0r xexx8yu x4uap5 x18d9i69 xkhd6sd x16tdsg8 x1hl2dhg xggy1nq x1a2a7pz _aa9_ _a6hd\" role=\"link\" href=\"https:\/\/www.instagram.com\/explore\/tags\/cancerinfantil\/\">#cancerinfantil<\/a><\/p>\n<\/div>\n<\/div>\n<\/div>\n<\/div>\n<\/div>\n<\/div>\n<div class=\"_aar2\"><\/div>\n<\/div>\n<\/div>\n<\/header>\n<\/div>\n<\/div>\n<div class=\"x78zum5 xdt5ytf x1q2y9iw x1n2onr6 xh8yej3 x9f619 x1iyjqo2 x18l3tf1 x26u7qi xy80clv xexx8yu x4uap5 x18d9i69 xkhd6sd\">\n<div class=\"x78zum5 xdt5ytf x1iyjqo2 xs83m0k x2lwn1j x1odjw0f x1n2onr6 x9ek82g x6ikm8r xdj266r x11i5rnm x4ii5y1 x1mh8g0r xexx8yu x1pi30zi x18d9i69 x1swvt13\">\n<div class=\"x1qjc9v5 x972fbf xcfux6l x1qhh985 xm0m39n x9f619 x78zum5 xdt5ytf x2lah0s xk390pu xdj266r x11i5rnm xat24cr x1mh8g0r xexx8yu x4uap5 x18d9i69 xkhd6sd x1n2onr6 xggy1nq x11njtxf\" role=\"button\"><\/div>\n<\/div>\n<\/div>\n","protected":false},"excerpt":{"rendered":"<p>correcongalban G\u00fcei, 15 de febreru, cel\u00e9brase&#8217;l D\u00eda Internacional contra&#8217;l C\u00e1ncer Infantil y dende l&#8217;Asociaci\u00f3n Galb\u00e1n y l&#8217;organizaci\u00f3n de la carrera Cuerre con Galb\u00e1n gustar\u00edanos mandar el nuesu sofitu a toles families afectaes El 16 de febreru, en tolos 78 conceyos n&#8217;Asturies unir\u00e9monos n&#8217;una sola carrera con un prop\u00f3situ: recaldar fondos para l&#8217;Hospital Oncol\u00f3xicu d&#8217;Asturies. \u00a1Xuntos, [&hellip;]<\/p>\n","protected":false},"author":117,"featured_media":0,"comment_status":"open","ping_status":"open","sticky":false,"template":"","format":"standard","meta":{"footnotes":""},"categories":[6,48],"tags":[],"class_list":["post-42004","post","type-post","status-publish","format-standard","hentry","category-dia-de","category-salu"],"_links":{"self":[{"href":"https:\/\/edublog.educastur.es\/ixuxu\/wp-json\/wp\/v2\/posts\/42004","targetHints":{"allow":["GET"]}}],"collection":[{"href":"https:\/\/edublog.educastur.es\/ixuxu\/wp-json\/wp\/v2\/posts"}],"about":[{"href":"https:\/\/edublog.educastur.es\/ixuxu\/wp-json\/wp\/v2\/types\/post"}],"author":[{"embeddable":true,"href":"https:\/\/edublog.educastur.es\/ixuxu\/wp-json\/wp\/v2\/users\/117"}],"replies":[{"embeddable":true,"href":"https:\/\/edublog.educastur.es\/ixuxu\/wp-json\/wp\/v2\/comments?post=42004"}],"version-history":[{"count":2,"href":"https:\/\/edublog.educastur.es\/ixuxu\/wp-json\/wp\/v2\/posts\/42004\/revisions"}],"predecessor-version":[{"id":42015,"href":"https:\/\/edublog.educastur.es\/ixuxu\/wp-json\/wp\/v2\/posts\/42004\/revisions\/42015"}],"wp:attachment":[{"href":"https:\/\/edublog.educastur.es\/ixuxu\/wp-json\/wp\/v2\/media?parent=42004"}],"wp:term":[{"taxonomy":"category","embeddable":true,"href":"https:\/\/edublog.educastur.es\/ixuxu\/wp-json\/wp\/v2\/categories?post=42004"},{"taxonomy":"post_tag","embeddable":true,"href":"https:\/\/edublog.educastur.es\/ixuxu\/wp-json\/wp\/v2\/tags?post=42004"}],"curies":[{"name":"wp","href":"https:\/\/api.w.org\/{rel}","templated":true}]}}