{"id":42047,"date":"2025-02-16T16:00:03","date_gmt":"2025-02-16T14:00:03","guid":{"rendered":"https:\/\/edublog.educastur.es\/ixuxu\/?p=42047"},"modified":"2025-02-22T22:57:12","modified_gmt":"2025-02-22T20:57:12","slug":"42047","status":"publish","type":"post","link":"https:\/\/edublog.educastur.es\/ixuxu\/2025\/02\/42047\/","title":{"rendered":"La s\u00e9ptima edici\u00f3n de la carrera Galb\u00e1n super\u00f3 los 41.000 participantes n&#8217;Asturies."},"content":{"rendered":"<p>\ud83e\udde1 Esta ma\u00f1ana 7000 uvieines quixeron apurrir el so gran\u00edn d&#8217;arena na llucha contra&#8217;l c\u00e1ncer infantil particip\u00e1u na <span style=\"text-decoration: underline\"><strong><span style=\"color: #ff6600;text-decoration: underline\">VII <\/span><\/strong><span style=\"color: #ff6600;text-decoration: underline\"><strong>Carrera Cuerre con Galb\u00e1n<\/strong><\/span><\/span>. Cares conoc\u00edes, ambiente familiar y lo m\u00e1s importante, la recaldaci\u00f3n de les inscripciones va #destinar a la investigaci\u00f3n. Gracies Asociaci\u00f3n \u00abGalban\u00bb de families de ne\u00f1os con c\u00e1ncer d&#8217;Asturies pol vuesu llabor\u00bb<\/p>\n<p style=\"text-align: center\">\n<!-- iframe plugin v.6.0 wordpress.org\/plugins\/iframe\/ -->\n<iframe loading=\"lazy\" src=\"https:\/\/www.facebook.com\/plugins\/post.php?href=https%3A%2F%2Fwww.facebook.com%2Fphoto.php%3Ffbid%3D10233844007176822%26set%3Da.4169099340745%26type%3D3&#038;show_text=false&#038;width=500\" width=\"500\" height=\"561\" style=\"border:none;overflow:hidden\" scrolling=\"no\" frameborder=\"0\" allowfullscreen=\"true\" allow=\"autoplay; clipboard-write; encrypted-media; picture-in-picture; web-share\" 0=\"\/iframe\" class=\"iframe-class\"><\/iframe>\n<\/p>\n<ul>\n<li>Semeyes:<a href=\"https:\/\/l.facebook.com\/l.php?u=https%3A%2F%2Fwww.elcomercio.es%2Fasturias%2Ffotos-carrera-galban-asturias-cancer-infantil-20250216151817-ga.html%3Ffbclid%3DIwZXh0bgNhZW0CMTAAAR3dJmuz4s35rf-RdrOtoYZwBRVISEV7FPudJGl3joNXf7AvZQ0qYqGO3wA_aem_picVrICBDmUVK_e3Q5hPIw&amp;h=AT3Hov3P_YWALTOYZkFJbQ-iMMA5om4fTeZDTm0c2juF3OGCDYCzawEvDm2vAuefxFuBvaDGUExGxd2Sgm-g8UYJPmctGj6eU6hULUWP9PSz63iYv4Es7LT0imn0PIbgjA&amp;__tn__=-UK*F\"> El Comercio<\/a> \/<span class=\"x1lliihq x6ikm8r x10wlt62 x1n2onr6\"><span class=\"xt0psk2\"><span class=\"xjp7ctv\"><a class=\"x1i10hfl xjbqb8w x1ejq31n xd10rxx x1sy0etr x17r0tee x972fbf xcfux6l x1qhh985 xm0m39n x9f619 x1ypdohk xt0psk2 xe8uvvx xdj266r x11i5rnm xat24cr x1mh8g0r xexx8yu x4uap5 x18d9i69 xkhd6sd x16tdsg8 x1hl2dhg xggy1nq x1a2a7pz x1sur9pj xkrqix3 xzsf02u x1s688f\" role=\"link\" href=\"https:\/\/www.facebook.com\/oviedodeporte?__cft__[0]=AZXGt3XfeftysVfMvqBSB7dH0t06oGKdK_UPt567_xXmFiAzV23a_Ry2GvwvHjwEPtwajGh89fhdljtVGrRyDvIAOjyW4dWWjwaVUztHFgHjjDq0f5lPudJFFtlQaGjorYgvQYoB-97u1WNnJypYPP_3Mzq-SCmPfHJ4LaZpRSB8orc4H5QPXcF0xGbCPL5UYZKvVCJ5iuHT_lCay1A0PutsQKQwrXwlDI7qFIEmTgkCMg&amp;__tn__=-UC%2CP-y-R\" aria-describedby=\":rl6:\"><strong class=\"html-strong xdj266r x11i5rnm xat24cr x1mh8g0r xexx8yu x4uap5 x18d9i69 xkhd6sd x1hl2dhg x16tdsg8 x1vvkbs x1s688f\"><span class=\"html-span xdj266r x11i5rnm xat24cr x1mh8g0r xexx8yu x4uap5 x18d9i69 xkhd6sd x1hl2dhg x16tdsg8 x1vvkbs\">DeportesOviedo<\/span><\/strong><\/a><\/span><\/span><\/span> \u00a0 \/ <a href=\"https:\/\/www.instagram.com\/reel\/DGJVPgxqT28\/?igsh=YXo4NG10enphZHdm&amp;fbclid=IwY2xjawIf0fJleHRuA2FlbQIxMAABHd0ma7Pizfmt_5F2s62hhnAFFUhIRXsU-50kaXeOg1d_sC9lDSpioY7fAA_aem_picVrICBDmUVK_e3Q5hPIw\">RTPA<\/a> \/ <a href=\"https:\/\/www.lne.es\/asturias\/2025\/02\/16\/marea-naranja-frente-cancer-infantil-114357858.html\">LNE<\/a> \/<a href=\"https:\/\/www.instagram.com\/p\/DGSh36Ms33T\/?img_index=13\"><strong> Comunid\u00e1 del Colexu<\/strong> <\/a>\/<\/li>\n<\/ul>\n<p><!--more--><\/p>\n<p style=\"text-align: center\">\n<!-- iframe plugin v.6.0 wordpress.org\/plugins\/iframe\/ -->\n<iframe loading=\"lazy\" src=\"https:\/\/www.instagram.com\/reel\/DGSh36Ms33T\/embed\" width=\"500\" height=\"600\" 0=\"\/iframe\" scrolling=\"yes\" class=\"iframe-class\" frameborder=\"0\"><\/iframe>\n<\/p>\n<p>\u00abUna vegada m\u00e1s, la respuesta solidaria de la xente foi maraviyosa\u00bb, destaca Lennart Koch, presidente de Galb\u00e1n.<\/p>\n<p style=\"text-align: center\">\n<!-- iframe plugin v.6.0 wordpress.org\/plugins\/iframe\/ -->\n<iframe loading=\"lazy\" src=\"https:\/\/www.instagram.com\/reel\/DGJVPgxqT28\/embed\" width=\"640\" height=\"460\" 0=\"\/iframe\" scrolling=\"yes\" class=\"iframe-class\" frameborder=\"0\"><\/iframe>\n<\/p>\n<p style=\"text-align: center\">\n<!-- iframe plugin v.6.0 wordpress.org\/plugins\/iframe\/ -->\n<iframe loading=\"lazy\" src=\"https:\/\/www.facebook.com\/plugins\/video.php?height=476&#038;href=https%3A%2F%2Fwww.facebook.com%2Freel%2F804338668565720%2F&#038;show_text=false&#038;width=267&#038;t=0\" width=\"267\" height=\"476\" style=\"border:none;overflow:hidden\" scrolling=\"no\" frameborder=\"0\" allowfullscreen=\"true\" allow=\"autoplay; clipboard-write; encrypted-media; picture-in-picture; web-share\" 0=\"\/iframe\" class=\"iframe-class\"><\/iframe>\n<\/p>\n<p>La s\u00e9ptima edici\u00f3n de la carrera #Galb\u00e1n super\u00f3 los 41.000 participantes n&#8217;Asturies. El dineru recald\u00e1u va ser destin\u00e1u a financiar la investigaci\u00f3n del c\u00e1ncer infantil. Un a\u00f1u m\u00e1s fueron m\u00faltiples les razones qu&#8217;impulsaron a decenes de miles d&#8217;asturianos a participar na carrera. Para munchos tr\u00e1tase a cencielles de tener un xestu solidariu colos ne\u00f1os que carecen c\u00e1ncer, pero nun son pocos para los qu&#8217;esta iniciativa escuende una hestoria personal.<\/p>\n<p style=\"text-align: center\">\n<!-- iframe plugin v.6.0 wordpress.org\/plugins\/iframe\/ -->\n<iframe loading=\"lazy\" src=\"https:\/\/www.facebook.com\/plugins\/post.php?href=https%3A%2F%2Fwww.facebook.com%2Fphoto.php%3Ffbid%3D936840451953255%26set%3Da.229758265994814%26type%3D3&#038;show_text=false&#038;width=500\" width=\"500\" height=\"766\" style=\"border:none;overflow:hidden\" scrolling=\"no\" frameborder=\"0\" allowfullscreen=\"true\" allow=\"autoplay; clipboard-write; encrypted-media; picture-in-picture; web-share\" 0=\"\/iframe\" class=\"iframe-class\"><\/iframe>\n<\/p>\n<p>Hai carreres nes que resulta que correr ye lo de menos. <strong>La gran marea naranxa frente al c\u00e1ncer infantil super\u00f3 ayeri un nuevu r\u00e9cord na so s\u00e9ptima edici\u00f3n: unos 41.000 asturianos salieron a correr<\/strong> \u2013a caminar, na so mayor\u00eda\u2013 poles cais de la rex\u00f3n nuna ma\u00f1ana con cielos plomizos y amenazantes d&#8217;agua. Per vegada primera,<strong> la prueba entamada pola asociaci\u00f3n Galb\u00e1n lleg\u00f3 a los 78 conceyos del Princip\u00e1u.<\/strong><\/p>\n<p>Los pasos \u2013o reblagos\u2013 ten\u00eden un doble signific\u00e1u: per una parte, un xestu de solidarid\u00e1 coles families que pasen pol calvariu d&#8217;un tumor infantil; por otra, recaldar fondos pa impulsar la investigaci\u00f3n de los tumores pedi\u00e1tricos y contribuyir a la meyora de la formaci\u00f3n del personal sanitario. Y, como *lema singular de la xornada, la necesid\u00e1 de potenciar l&#8217;atenci\u00f3n psicol\u00f3xica a los mozos pacientes y a los sos familiares m\u00e1s cercanos.<\/p>\n<p style=\"text-align: center\">Salvador Ond\u00f3 escanciador, quintu na carrera de Xix\u00f3n.<\/p>\n<p style=\"text-align: center\">\n<!-- iframe plugin v.6.0 wordpress.org\/plugins\/iframe\/ -->\n<iframe loading=\"lazy\" src=\"https:\/\/www.facebook.com\/plugins\/post.php?href=https%3A%2F%2Fwww.facebook.com%2Fisa.lobo.35%2Fposts%2Fpfbid027YgzBbs9qhrpUFyYEvgfCG35qsGxRQJZhe7cJdusgMeW9Woo2QGS4xcH6rTTEyK6l&#038;show_text=false&#038;width=500\" width=\"500\" height=\"333\" style=\"border:none;overflow:hidden\" scrolling=\"no\" frameborder=\"0\" allowfullscreen=\"true\" allow=\"autoplay; clipboard-write; encrypted-media; picture-in-picture; web-share\" 0=\"\/iframe\" class=\"iframe-class\"><\/iframe>\n<\/p>\n","protected":false},"excerpt":{"rendered":"<p>\ud83e\udde1 Esta ma\u00f1ana 7000 uvieines quixeron apurrir el so gran\u00edn d&#8217;arena na llucha contra&#8217;l c\u00e1ncer infantil particip\u00e1u na VII Carrera Cuerre con Galb\u00e1n. Cares conoc\u00edes, ambiente familiar y lo m\u00e1s importante, la recaldaci\u00f3n de les inscripciones va #destinar a la investigaci\u00f3n. Gracies Asociaci\u00f3n \u00abGalban\u00bb de families de ne\u00f1os con c\u00e1ncer d&#8217;Asturies pol vuesu llabor\u00bb Semeyes: [&hellip;]<\/p>\n","protected":false},"author":117,"featured_media":0,"comment_status":"open","ping_status":"open","sticky":false,"template":"","format":"standard","meta":{"footnotes":""},"categories":[222,48,382],"tags":[],"class_list":["post-42047","post","type-post","status-publish","format-standard","hentry","category-carreres","category-salu","category-solidarida"],"_links":{"self":[{"href":"https:\/\/edublog.educastur.es\/ixuxu\/wp-json\/wp\/v2\/posts\/42047","targetHints":{"allow":["GET"]}}],"collection":[{"href":"https:\/\/edublog.educastur.es\/ixuxu\/wp-json\/wp\/v2\/posts"}],"about":[{"href":"https:\/\/edublog.educastur.es\/ixuxu\/wp-json\/wp\/v2\/types\/post"}],"author":[{"embeddable":true,"href":"https:\/\/edublog.educastur.es\/ixuxu\/wp-json\/wp\/v2\/users\/117"}],"replies":[{"embeddable":true,"href":"https:\/\/edublog.educastur.es\/ixuxu\/wp-json\/wp\/v2\/comments?post=42047"}],"version-history":[{"count":11,"href":"https:\/\/edublog.educastur.es\/ixuxu\/wp-json\/wp\/v2\/posts\/42047\/revisions"}],"predecessor-version":[{"id":42052,"href":"https:\/\/edublog.educastur.es\/ixuxu\/wp-json\/wp\/v2\/posts\/42047\/revisions\/42052"}],"wp:attachment":[{"href":"https:\/\/edublog.educastur.es\/ixuxu\/wp-json\/wp\/v2\/media?parent=42047"}],"wp:term":[{"taxonomy":"category","embeddable":true,"href":"https:\/\/edublog.educastur.es\/ixuxu\/wp-json\/wp\/v2\/categories?post=42047"},{"taxonomy":"post_tag","embeddable":true,"href":"https:\/\/edublog.educastur.es\/ixuxu\/wp-json\/wp\/v2\/tags?post=42047"}],"curies":[{"name":"wp","href":"https:\/\/api.w.org\/{rel}","templated":true}]}}