{"id":42057,"date":"2025-02-17T10:33:05","date_gmt":"2025-02-17T08:33:05","guid":{"rendered":"https:\/\/edublog.educastur.es\/ixuxu\/?p=42057"},"modified":"2025-02-17T10:50:42","modified_gmt":"2025-02-17T08:50:42","slug":"tenemos-paxina-web","status":"publish","type":"post","link":"https:\/\/edublog.educastur.es\/ixuxu\/2025\/02\/tenemos-paxina-web\/","title":{"rendered":"Nueva p\u00e1xina web de Nuramay"},"content":{"rendered":"<div class=\"html-div xdj266r xat24cr x1mh8g0r xexx8yu x4uap5 x18d9i69 xkhd6sd x78zum5 x2lah0s xqtp20y x1emribx\">\n<div class=\"xc9qbxq x1td3qas x6s0dn4 x78zum5 xl56j7k\">\n<div class=\"\" style=\"text-align: center\">\n<p><a href=\"https:\/\/nuramay.neocities.org\/NombreNuramay.png\"><img loading=\"lazy\" decoding=\"async\" class=\"aligncenter size-large\" src=\"https:\/\/nuramay.neocities.org\/NombreNuramay.png\" width=\"1238\" height=\"350\" \/><\/a><\/p>\n<div class=\"x78zum5 xdt5ytf xz62fqu x16ldp7u\">\n<div class=\"xu06os2 x1ok221b\">\n<ul>\n<li class=\"html-h3 x11i5rnm xat24cr x1mh8g0r xexx8yu x4uap5 x18d9i69 xkhd6sd x1vvkbs x1heor9g x1qlqyl8 x1pd3egz x1a2a7pz x1gslohp x1yc453h\" style=\"text-align: left\"><span class=\"xt0psk2\"><span class=\"xjp7ctv\"><a class=\"x1i10hfl xjbqb8w x1ejq31n xd10rxx x1sy0etr x17r0tee x972fbf xcfux6l x1qhh985 xm0m39n x9f619 x1ypdohk xt0psk2 xe8uvvx xdj266r x11i5rnm xat24cr x1mh8g0r xexx8yu x4uap5 x18d9i69 xkhd6sd x16tdsg8 x1hl2dhg xggy1nq x1a2a7pz x1sur9pj xkrqix3 xzsf02u x1s688f\" role=\"link\" href=\"https:\/\/www.facebook.com\/profile.php?id=61564675507054&amp;__cft__[0]=AZWPschTINQZs2zau_EOgSQ9w82MBwsvtYJaifHfsBNrw0JkZy4-qjDK_AxtB34pknDxkeAPJcZGDfrWQXrXZuuAjHPY7c3GCRJurzoCNIT60gmL7V3-8taORL-T_Kc57IcR2YvX_N-AYwYZAE4olCENwIGXw2kbttmSlOJ6QJkFWGxWtgAW1Nmxi8NBwMiNIaJqOBbYxovxARQV0Sr_iz8UZiCmQMf00Sl3k5BqJbsGsg&amp;__tn__=-UC%2CP-y-R\" aria-describedby=\":rdg:\"><strong class=\"html-strong xdj266r x11i5rnm xat24cr x1mh8g0r xexx8yu x4uap5 x18d9i69 xkhd6sd x1hl2dhg x16tdsg8 x1vvkbs x1s688f\"><span class=\"html-span xdj266r x11i5rnm xat24cr x1mh8g0r xexx8yu x4uap5 x18d9i69 xkhd6sd x1hl2dhg x16tdsg8 x1vvkbs\">Nuramay<\/span><\/strong><\/a><\/span><\/span><span class=\"html-span xdj266r x11i5rnm xat24cr x1mh8g0r xexx8yu x4uap5 x18d9i69 xkhd6sd x1hl2dhg x16tdsg8 x1vvkbs\"><span class=\"html-span xdj266r x11i5rnm xat24cr x1mh8g0r xexx8yu x4uap5 x18d9i69 xkhd6sd x1hl2dhg x16tdsg8 x1vvkbs x4k7w5x x1h91t0o x1h9r5lt x1jfb8zj xv2umb2 x1beo9mf xaigb6o x12ejxvf x3igimt xarpa2k xedcshv x1lytzrv x1t2pt76 x7ja8zs x1qrby5j\"><span class=\"x1rg5ohu x6ikm8r x10wlt62 x16dsc37 xt0b8zv\" aria-labelledby=\":rdi:\"><span class=\"xmper1u xt0psk2 xjb2p0i x1qlqyl8 x15bjb6t x1n2onr6 x17ihmo5 x1g77sc7\"><span class=\"x1qlqyl8 x15bjb6t x1r8a4m5 xi7du73 x1n2onr6 x17ihmo5 xr2y4jk rrhKlDAh grhKlDA6 hrhKlDA7 erhKlDA4 rdrx cdri ddrj edrk\">\/<a href=\"https:\/\/nuramay.neocities.org\/?fbclid=IwY2xjawIf00lleHRuA2FlbQIxMQABHSuacjr8uU1thUAdD8oVrFr7mfPQmy1yzGc807c3yVb5v4G4TIaA74UyPA_aem_Y1JqH-bGv7rpenwNEW2gRg\"> web<\/a> \/ <a href=\"https:\/\/www.youtube.com\/channel\/UC_lmaVr9vevqTlZCjenQUUA\">canal Youtube<\/a> \/<\/span><\/span><\/span><\/span><\/span><\/li>\n<li style=\"text-align: left\"><a href=\"https:\/\/nuramay.neocities.org\/letras\/fueyes\">Cantar \u00abXuxurien les fueyes\u00bb<\/a><\/li>\n<\/ul>\n<\/div>\n<\/div>\n<\/div>\n<\/div>\n<\/div>\n<div class=\"html-div xdj266r x11i5rnm xat24cr x1mh8g0r xexx8yu x4uap5 x18d9i69 xkhd6sd\" dir=\"auto\">\n<div class=\"html-div xdj266r x11i5rnm xat24cr x1mh8g0r xexx8yu x4uap5 x18d9i69 xkhd6sd\" dir=\"auto\">\n<div class=\"html-div xdj266r x11i5rnm xat24cr x1mh8g0r xexx8yu x4uap5 x18d9i69 xkhd6sd\" data-ad-rendering-role=\"story_message\">\n<div class=\"x1l90r2v x1iorvi4 x1ye3gou xn6708d\" data-ad-comet-preview=\"message\" data-ad-preview=\"message\">\n<div class=\"x78zum5 xdt5ytf xz62fqu x16ldp7u\">\n<div class=\"xu06os2 x1ok221b\">\n<div class=\"xdj266r x11i5rnm xat24cr x1mh8g0r x1vvkbs x126k92a\">\n<blockquote>\n<div dir=\"auto\">\u00a1Tenemos p\u00e1xina web!\u00a0 Echa-y una g\u00fceyada, que paga la pena.\u00a0 Gracies al nuesu Maxim\u00edn que dise\u00f1ola dende cero, program\u00e1ndola con c\u00f3digu.\u00a0Nun ta na mal pa un futuru inform\u00e1ticu de diez a\u00f1inos <span class=\"html-span xexx8yu x4uap5 x18d9i69 xkhd6sd x1hl2dhg x16tdsg8 x1vvkbs x3nfvp2 x1j61x8r x1fcty0u xdj266r xat24cr xgzva0m xhhsvwb xxymvpz xlup9mm x1kky2od\"><img loading=\"lazy\" decoding=\"async\" class=\"xz74otr\" src=\"https:\/\/static.xx.fbcdn.net\/images\/emoji.php\/v9\/t57\/1\/16\/1f609.png\" alt=\"\ud83d\ude09\" width=\"16\" height=\"16\" \/><\/span><\/div>\n<\/blockquote>\n<div dir=\"auto\"><!--more--><\/div>\n<div dir=\"auto\" style=\"text-align: center\">\n<!-- iframe plugin v.6.0 wordpress.org\/plugins\/iframe\/ -->\n<iframe loading=\"lazy\" width=\"640\" height=\"360\" src=\"https:\/\/www.youtube.com\/embed\/mm7zA3eHDPs\" title=\"Nuramay en los informativos de la Radio Televisi\u00f3n del principado de Asturias.\" frameborder=\"0\" allow=\"accelerometer; autoplay; clipboard-write; encrypted-media; gyroscope; picture-in-picture; web-share\" referrerpolicy=\"strict-origin-when-cross-origin\" 0=\"allowfullscreen\" 1=\"\/iframe\" scrolling=\"yes\" class=\"iframe-class\"><\/iframe>\n<\/div>\n<div dir=\"auto\"><\/div>\n<div dir=\"auto\">\n<div class=\"gallarda\">\n<div><\/div>\n<div style=\"text-align: center\">\n<!-- iframe plugin v.6.0 wordpress.org\/plugins\/iframe\/ -->\n<iframe loading=\"lazy\" width=\"638\" height=\"360\" src=\"https:\/\/www.youtube.com\/embed\/OuAK4tMMMz8\" title=\"Nuramay - Xuxurien les fueyes\" frameborder=\"0\" allow=\"accelerometer; autoplay; clipboard-write; encrypted-media; gyroscope; picture-in-picture; web-share\" referrerpolicy=\"strict-origin-when-cross-origin\" 0=\"allowfullscreen\" 1=\"\/iframe\" scrolling=\"yes\" class=\"iframe-class\"><\/iframe>\n<\/div>\n<div class=\"negrita\"><span style=\"color: #008080;font-size: 20px\"><em><strong>Xuxurien les fueyes<\/strong><\/em><\/span><\/div>\n<p><span style=\"color: #008080;font-size: 20px\"><em>Xuxurien les fueyes<\/em><\/span><br \/>\n<span style=\"color: #008080;font-size: 20px\"><em>ena viesca: ya llega <\/em><\/span><br \/>\n<span style=\"color: #008080;font-size: 20px\"><em>la seronda, la seronda<\/em><\/span><br \/>\n<span style=\"color: #008080;font-size: 20px\"><em>ya ta equ\u00ed.<\/em><\/span><\/p>\n<p><span style=\"color: #008080;font-size: 20px\"><em>M\u00e9cense les voces<\/em><\/span><br \/>\n<span style=\"color: #008080;font-size: 20px\"><em>del raposu, de la faya,<\/em><\/span><br \/>\n<span style=\"color: #008080;font-size: 20px\"><em>y de la ne\u00f1a, la seronda<\/em><\/span><br \/>\n<span style=\"color: #008080;font-size: 20px\"><em>ya ta equ\u00ed.<\/em><\/span><\/p>\n<p><span style=\"color: #008080;font-size: 20px\"><em>Collores bermeyos<\/em><\/span><br \/>\n<span style=\"color: #008080;font-size: 20px\"><em>tonos ocres, van pintando,<\/em><\/span><br \/>\n<span style=\"color: #008080;font-size: 20px\"><em>les caleyes, la seronda<\/em><\/span><br \/>\n<span style=\"color: #008080;font-size: 20px\"><em>ya ta equ\u00ed.<\/em><\/span><\/p>\n<p><span style=\"color: #008080;font-size: 20px\"><em>Arume a mazana,<\/em><\/span><br \/>\n<span style=\"color: #008080;font-size: 20px\"><em>a llibru nuevu, va glayando<\/em><\/span><br \/>\n<span style=\"color: #008080;font-size: 20px\"><em>un cuervu vieyu: la seronda<\/em><\/span><br \/>\n<span style=\"color: #008080;font-size: 20px\"><em>ya ta equ\u00ed.<\/em><\/span><\/p>\n<p><span style=\"color: #008080;font-size: 20px\"><em>Xuxurien les fueyes <\/em><\/span><br \/>\n<span style=\"color: #008080;font-size: 20px\"><em>ena viesca: ya llega <\/em><\/span><br \/>\n<span style=\"color: #008080;font-size: 20px\"><em>la seronda, la seronda<\/em><\/span><br \/>\n<span style=\"color: #008080;font-size: 20px\"><em>ya ta equ\u00ed.<\/em><\/span><\/p>\n<p class=\"lang\" data-key=\"fueyes\">Tema de composici\u00f3n propia que fala de la llegada de la seronda y de la maxa que con ella trai.<\/p>\n<div class=\"gallarda\">\n<div class=\"negrita\"><em><span style=\"color: #008080;font-size: 20px\"><strong>L&#8217;air\u00f3n y la casta\u00f1al<\/strong><\/span><\/em><\/div>\n<p><em><span style=\"color: #008080;font-size: 20px\">Qu\u00e9xase una casta\u00f1al<\/span><\/em><br \/>\n<em><span style=\"color: #008080;font-size: 20px\">al vientu que-y arrancaba<\/span><\/em><br \/>\n<em><span style=\"color: #008080;font-size: 20px\">corteya, vida, alcordances,<\/span><\/em><br \/>\n<em><span style=\"color: #008080;font-size: 20px\">ca vegada que soplaba.<\/span><\/em><\/p>\n<p><em><span style=\"color: #008080;font-size: 20px\">Glayaba la casta\u00f1al<\/span><\/em><br \/>\n<em><span style=\"color: #008080;font-size: 20px\">porque l&#8217;air\u00f3n nun cesaba,<\/span><\/em><br \/>\n<em><span style=\"color: #008080;font-size: 20px\">glayaba con gran dolor,<\/span><\/em><br \/>\n<em><span style=\"color: #008080;font-size: 20px\">pues la vida se-y marchaba.<\/span><\/em><\/p>\n<p><em><span style=\"color: #008080;font-size: 20px\">\u00a1Dexa de soplar, air\u00f3n!<\/span><\/em><br \/>\n<em><span style=\"color: #008080;font-size: 20px\">\u00a1Que m\u00e1rxesme cola vida!<\/span><\/em><br \/>\n<em><span style=\"color: #008080;font-size: 20px\">\u00a1Dexa de faceme da\u00f1u!<\/span><\/em><br \/>\n<em><span style=\"color: #008080;font-size: 20px\">\u00a1Que ya toi mediu fend\u00eda!<\/span><\/em><\/p>\n<p><em><span style=\"color: #008080;font-size: 20px\">Qu\u00e9xase una casta\u00f1al<\/span><\/em><br \/>\n<em><span style=\"color: #008080;font-size: 20px\">al vientu que-y arrancaba<\/span><\/em><br \/>\n<em><span style=\"color: #008080;font-size: 20px\">corteya, vida, alcordances,<\/span><\/em><br \/>\n<em><span style=\"color: #008080;font-size: 20px\">mientres el tiempu pasaba.<\/span><\/em><\/p>\n<p class=\"lang\" data-key=\"aire\">&#8216;L&#8217;air\u00f3n y la casta\u00f1al&#8217; ye un cantar de producci\u00f3n propia, con lletra y m\u00fasica de Maxi Are\u00f1es, que mos fala de la necesid\u00e1 de resistir ante les alversidaes de la vida. Un homenaxe a la fuercia vital.<\/p>\n<\/div>\n<\/div>\n<\/div>\n<\/div>\n<\/div>\n<\/div>\n<\/div>\n<\/div>\n<\/div>\n<\/div>\n<p style=\"text-align: center\">\n<!-- iframe plugin v.6.0 wordpress.org\/plugins\/iframe\/ -->\n<iframe loading=\"lazy\" width=\"639\" height=\"360\" src=\"https:\/\/www.youtube.com\/embed\/DUGjSVcDmBw\" title=\"Nuramay - La galana y la mar\" frameborder=\"0\" allow=\"accelerometer; autoplay; clipboard-write; encrypted-media; gyroscope; picture-in-picture; web-share\" referrerpolicy=\"strict-origin-when-cross-origin\" 0=\"allowfullscreen\" 1=\"\/iframe\" scrolling=\"yes\" class=\"iframe-class\"><\/iframe>\n<\/p>\n","protected":false},"excerpt":{"rendered":"<p>Nuramay\/ web \/ canal Youtube \/ Cantar \u00abXuxurien les fueyes\u00bb \u00a1Tenemos p\u00e1xina web!\u00a0 Echa-y una g\u00fceyada, que paga la pena.\u00a0 Gracies al nuesu Maxim\u00edn que dise\u00f1ola dende cero, program\u00e1ndola con c\u00f3digu.\u00a0Nun ta na mal pa un futuru inform\u00e1ticu de diez a\u00f1inos<\/p>\n","protected":false},"author":117,"featured_media":0,"comment_status":"open","ping_status":"open","sticky":false,"template":"","format":"standard","meta":{"footnotes":""},"categories":[35],"tags":[],"class_list":["post-42057","post","type-post","status-publish","format-standard","hentry","category-musica"],"_links":{"self":[{"href":"https:\/\/edublog.educastur.es\/ixuxu\/wp-json\/wp\/v2\/posts\/42057","targetHints":{"allow":["GET"]}}],"collection":[{"href":"https:\/\/edublog.educastur.es\/ixuxu\/wp-json\/wp\/v2\/posts"}],"about":[{"href":"https:\/\/edublog.educastur.es\/ixuxu\/wp-json\/wp\/v2\/types\/post"}],"author":[{"embeddable":true,"href":"https:\/\/edublog.educastur.es\/ixuxu\/wp-json\/wp\/v2\/users\/117"}],"replies":[{"embeddable":true,"href":"https:\/\/edublog.educastur.es\/ixuxu\/wp-json\/wp\/v2\/comments?post=42057"}],"version-history":[{"count":7,"href":"https:\/\/edublog.educastur.es\/ixuxu\/wp-json\/wp\/v2\/posts\/42057\/revisions"}],"predecessor-version":[{"id":42080,"href":"https:\/\/edublog.educastur.es\/ixuxu\/wp-json\/wp\/v2\/posts\/42057\/revisions\/42080"}],"wp:attachment":[{"href":"https:\/\/edublog.educastur.es\/ixuxu\/wp-json\/wp\/v2\/media?parent=42057"}],"wp:term":[{"taxonomy":"category","embeddable":true,"href":"https:\/\/edublog.educastur.es\/ixuxu\/wp-json\/wp\/v2\/categories?post=42057"},{"taxonomy":"post_tag","embeddable":true,"href":"https:\/\/edublog.educastur.es\/ixuxu\/wp-json\/wp\/v2\/tags?post=42057"}],"curies":[{"name":"wp","href":"https:\/\/api.w.org\/{rel}","templated":true}]}}