{"id":42087,"date":"2025-02-15T11:03:38","date_gmt":"2025-02-15T09:03:38","guid":{"rendered":"https:\/\/edublog.educastur.es\/ixuxu\/?p=42087"},"modified":"2025-02-17T11:09:53","modified_gmt":"2025-02-17T09:09:53","slug":"el-principau-destacal-potencial-del-turismu-astronomicu","status":"publish","type":"post","link":"https:\/\/edublog.educastur.es\/ixuxu\/2025\/02\/el-principau-destacal-potencial-del-turismu-astronomicu\/","title":{"rendered":"El Princip\u00e1u destaca&#8217;l potencial del turismu astron\u00f3micu"},"content":{"rendered":"<ul>\n<li>Fonte:<a href=\"https:\/\/actualidad.asturias.es\/-\/jornadas-astronomuja?redirect=%2Fnoticias\"> Actualid\u00e1 Asturies<\/a> \/ <a href=\"https:\/\/www.museojurasicoasturias.com\/-\/el-muja-acoge-las-i-jornadas-divulgacion-cientifica-astronomuja-con-allandestars\">Noticia MUJA<\/a> \/<\/li>\n<\/ul>\n<p style=\"text-align: right\"><a href=\"https:\/\/www.museojurasicoasturias.com\/o\/adaptive-media\/image\/11694477\/3\/0852228f-dab3-406e-bd89-5a7535dfd7c0?t=1739182448252\"><img loading=\"lazy\" decoding=\"async\" class=\"aligncenter \" src=\"https:\/\/www.museojurasicoasturias.com\/o\/adaptive-media\/image\/11694477\/3\/0852228f-dab3-406e-bd89-5a7535dfd7c0?t=1739182448252\" width=\"451\" height=\"271\" \/><\/a><\/p>\n<p>El Princip\u00e1u destaca&#8217;l potencial del turismu astron\u00f3micu nel mediu rural nes xornaes &#8216;AstronoMUJA&#8217;.\u00a0La Conseyer\u00eda de Presidencia, Retu Demogr\u00e1ficu, Iguald\u00e1 y Turismu financia la iniciativa, realizada en collaboraci\u00f3n con Ayande Stars pa conmemorar el D\u00eda de la Muyer y la Ciencia.<\/p>\n<p><!--more--><\/p>\n<p>Asturies avanza nel so apueste pol turismu astron\u00f3micu cola celebraci\u00f3n, esta fin de selmana, de les <strong><span style=\"color: #008080\">I Xornaes de Divulgaci\u00f3n Cient\u00edfica AstronoMUJA<\/span><\/strong>, realizaes en collaboraci\u00f3n con Ayande Stars y financiaes pola Conseyer\u00eda de Presidencia, Retu Demogr\u00e1ficu, Iguald\u00e1 y Turismu.<\/p>\n<p>La vicepresidenta del Princip\u00e1u, Gimena Llamedo, va participar esta tarde na iniciativa, que supon xuna oportunid\u00e1 para dinamizar les zones rurales y atraer visitantes comenenciudos na ciencia y la naturaleza a lo llargo de too l&#8217;a\u00f1u.<\/p>\n<p>L&#8217;eventu, qu&#8217;escos\u00f3 les 150 places disponibles en poques hores, forma parte del programa entam\u00e1u pol Mus\u00e9u Xur\u00e1sicu d&#8217;Asturies (MUJA) para conmemorar el <span style=\"color: #008080\"><strong>D\u00eda Internacional de la Muyer y la Ne\u00f1a na Ciencia<\/strong><\/span>. Mientres dos d\u00edes, el p\u00fablicu va poder esquizar la relaci\u00f3n ente l&#8217;astronom\u00eda y la paleontolox\u00eda al travi\u00e9s de talleres, charres y observaciones del cielu nocherniegu.<\/p>\n<p>Les actividaes empiecen g\u00fcei con una esperiencia \u00fanica na que l&#8217;astrof\u00edsica y l&#8217;hestoria de la Tierra dar\u00e1n la mano. A partir de les 17:00 hores, les persones asistentes van poder afayar l&#8217;impactu de los meteoritos nel mundu de los dinosaurios de la mano d&#8217;espertes como Laura Pi\u00f1uela, investigadora del MUJA, quien va esplicar les consecuencies del impactu de Yucat\u00e1n nos ecosistemes de la d\u00f3mina.<\/p>\n<p>Tami\u00e9n van participar la doctora Laura Hermoso y el doctor Xuan Gonz\u00e1lez, que van ufiertar una visi\u00f3n sobro los cuerpos menores del sistema solar y les misiones espaciales enfocaes na defensa planetaria.<\/p>\n<p>A les 20:00 hores, nos esteriores del MUJA, l&#8217;equipu d&#8217;Ayande Stars va emponer un percorr\u00edu por constelaciones, planetes y galaxes. Laura Hermoso y<strong> Luc\u00eda Gonz\u00e1lez, Muyer Rural d&#8217;Asturies 2024,<\/strong> van compartir les hestories sobro&#8217;l cielu escrites por distintes sociedaes antig\u00fces que llegaron a los nuesos d\u00edes.<\/p>\n<p><strong>El turismu astron\u00f3micu ta en puxanza y Asturies<\/strong>, colos sos cielos escuros y escaso contaminaci\u00f3n llum\u00ednica, as\u00edtiase como un enclave privilex\u00e1u pal so desenvolvimientu. Esta activid\u00e1 non solo atrai a aficionaos a la observaci\u00f3n del cosmos, sin\u00f3n que supon xuna oportunid\u00e1 pa impulsar la econom\u00eda en zones rurales, fomentando un turismu sostenible y amestao a la ciencia.<\/p>\n<p>El Gobiernu del Princip\u00e1u refuerza&#8217;l so compromisu con esti modelu de turismu al travi\u00e9s d&#8217;iniciatives como les Xornaes AstronoMUJA, que busquen combinar divulgaci\u00f3n cient\u00edfica y esperiencies na naturaleza p&#8217;arriquecer la ufierta tur\u00edstica.<\/p>\n","protected":false},"excerpt":{"rendered":"<p>Fonte: Actualid\u00e1 Asturies \/ Noticia MUJA \/ El Princip\u00e1u destaca&#8217;l potencial del turismu astron\u00f3micu nel mediu rural nes xornaes &#8216;AstronoMUJA&#8217;.\u00a0La Conseyer\u00eda de Presidencia, Retu Demogr\u00e1ficu, Iguald\u00e1 y Turismu financia la iniciativa, realizada en collaboraci\u00f3n con Ayande Stars pa conmemorar el D\u00eda de la Muyer y la Ciencia.<\/p>\n","protected":false},"author":117,"featured_media":0,"comment_status":"open","ping_status":"open","sticky":false,"template":"","format":"standard","meta":{"footnotes":""},"categories":[223,15],"tags":[],"class_list":["post-42087","post","type-post","status-publish","format-standard","hentry","category-astronomia","category-museos"],"_links":{"self":[{"href":"https:\/\/edublog.educastur.es\/ixuxu\/wp-json\/wp\/v2\/posts\/42087","targetHints":{"allow":["GET"]}}],"collection":[{"href":"https:\/\/edublog.educastur.es\/ixuxu\/wp-json\/wp\/v2\/posts"}],"about":[{"href":"https:\/\/edublog.educastur.es\/ixuxu\/wp-json\/wp\/v2\/types\/post"}],"author":[{"embeddable":true,"href":"https:\/\/edublog.educastur.es\/ixuxu\/wp-json\/wp\/v2\/users\/117"}],"replies":[{"embeddable":true,"href":"https:\/\/edublog.educastur.es\/ixuxu\/wp-json\/wp\/v2\/comments?post=42087"}],"version-history":[{"count":3,"href":"https:\/\/edublog.educastur.es\/ixuxu\/wp-json\/wp\/v2\/posts\/42087\/revisions"}],"predecessor-version":[{"id":42090,"href":"https:\/\/edublog.educastur.es\/ixuxu\/wp-json\/wp\/v2\/posts\/42087\/revisions\/42090"}],"wp:attachment":[{"href":"https:\/\/edublog.educastur.es\/ixuxu\/wp-json\/wp\/v2\/media?parent=42087"}],"wp:term":[{"taxonomy":"category","embeddable":true,"href":"https:\/\/edublog.educastur.es\/ixuxu\/wp-json\/wp\/v2\/categories?post=42087"},{"taxonomy":"post_tag","embeddable":true,"href":"https:\/\/edublog.educastur.es\/ixuxu\/wp-json\/wp\/v2\/tags?post=42087"}],"curies":[{"name":"wp","href":"https:\/\/api.w.org\/{rel}","templated":true}]}}