{"id":42114,"date":"2025-02-17T16:01:58","date_gmt":"2025-02-17T14:01:58","guid":{"rendered":"https:\/\/edublog.educastur.es\/ixuxu\/?p=42114"},"modified":"2025-02-17T22:47:06","modified_gmt":"2025-02-17T20:47:06","slug":"el-roblon-de-bustiello-nel-corazon-de-la-reserva-de-la-biosfera-ponga","status":"publish","type":"post","link":"https:\/\/edublog.educastur.es\/ixuxu\/2025\/02\/el-roblon-de-bustiello-nel-corazon-de-la-reserva-de-la-biosfera-ponga\/","title":{"rendered":"El Robl\u00f3n de Bustiello, unu de los \u00e1rboles m\u00e1s llonxevos d&#8217;Asturies"},"content":{"rendered":"<div class=\"html-div xdj266r xat24cr x1mh8g0r xexx8yu x4uap5 x18d9i69 xkhd6sd x78zum5 x2lah0s xqtp20y x1emribx\">\n<div class=\"xc9qbxq x14qfxbe x6s0dn4 x78zum5 xl56j7k\">\n<div class=\"\" style=\"text-align: center\">\n<!-- iframe plugin v.6.0 wordpress.org\/plugins\/iframe\/ -->\n<iframe loading=\"lazy\" src=\"https:\/\/www.facebook.com\/plugins\/post.php?href=https%3A%2F%2Fwww.facebook.com%2FMovilidadAsturias%2Fposts%2Fpfbid0QfjoVgZzwUBJMgfgQB4emrEintM8PAgxhcYaaBcPEpfVSTg5GN8B2KemPoKPhB9xl&#038;show_text=false&#038;width=500\" width=\"500\" height=\"497\" style=\"border:none;overflow:hidden\" scrolling=\"no\" frameborder=\"0\" allowfullscreen=\"true\" allow=\"autoplay; clipboard-write; encrypted-media; picture-in-picture; web-share\" 0=\"\/iframe\" class=\"iframe-class\"><\/iframe>\n<\/div>\n<\/div>\n<\/div>\n<div class=\"x78zum5 xdt5ytf xz62fqu x16ldp7u\">\n<div class=\"xu06os2 x1ok221b\">\n<div class=\"html-div xdj266r x11i5rnm xat24cr x1mh8g0r xexx8yu x4uap5 x18d9i69 xkhd6sd\" data-ad-rendering-role=\"profile_name\">\n<ul>\n<li class=\"html-h3 x11i5rnm xat24cr x1mh8g0r xexx8yu x4uap5 x18d9i69 xkhd6sd x1vvkbs x1heor9g x1qlqyl8 x1pd3egz x1a2a7pz x1gslohp x1yc453h\"><span class=\"x1lliihq x6ikm8r x10wlt62 x1n2onr6\"><span class=\"xt0psk2\"><span class=\"xjp7ctv\"><a class=\"x1i10hfl xjbqb8w x1ejq31n xd10rxx x1sy0etr x17r0tee x972fbf xcfux6l x1qhh985 xm0m39n x9f619 x1ypdohk xt0psk2 xe8uvvx xdj266r x11i5rnm xat24cr x1mh8g0r xexx8yu x4uap5 x18d9i69 xkhd6sd x16tdsg8 x1hl2dhg xggy1nq x1a2a7pz x1sur9pj xkrqix3 xzsf02u x1s688f\" role=\"link\" href=\"https:\/\/www.facebook.com\/MovilidadAsturias?__cft__[0]=AZX34nfkQnJQn83v1yvGToPC8yGNRmCFjX35oZyDXf9u1awC3p_iXg7BdT0aLbYEyRYExSFvbnTtqbv7OY15AsGSfXX4bopZK45LCGFEfTp0YneG_q2lMcUbgju-yviJRAXuqX0XvDeOQuy0XlfMzA3YFnA37x4eGmExdr1nWl8dgtiIwFes7a2upz-W3nVoB9G66gTV643uMt6o0feYnRZ-cTvltm9aovkC2QfaK448Vg&amp;__tn__=-UC%2CP-y-R\" aria-describedby=\":r21u:\"><strong class=\"html-strong xdj266r x11i5rnm xat24cr x1mh8g0r xexx8yu x4uap5 x18d9i69 xkhd6sd x1hl2dhg x16tdsg8 x1vvkbs x1s688f\"><span class=\"html-span xdj266r x11i5rnm xat24cr x1mh8g0r xexx8yu x4uap5 x18d9i69 xkhd6sd x1hl2dhg x16tdsg8 x1vvkbs\">Consejer\u00eda de Movilidad, Cooperaci\u00f3n Local y G. E.<\/span><\/strong><\/a><\/span><\/span><\/span>\/<a href=\"https:\/\/scontent-mad1-1.xx.fbcdn.net\/v\/t39.30808-6\/479689531_639166185301642_4702038542415382615_n.jpg?_nc_cat=103&amp;ccb=1-7&amp;_nc_sid=127cfc&amp;_nc_ohc=f6JNa-UA32sQ7kNvgHSDMU7&amp;_nc_oc=AdhYHibHuKlAhnwRNbh6cuWUvewEMzK_8jk_gbBPWkzVARbjneA91OgpHLj0HdzFPWo&amp;_nc_zt=23&amp;_nc_ht=scontent-mad1-1.xx&amp;_nc_gid=Axd-4v3_ZBq5Oj4wNx2zqP_&amp;oh=00_AYD_WZj080j0u1ESmlIXxVGVaTRWrIrHTC24dE54HN2sRQ&amp;oe=67B8D28E\"> semeya<\/a><\/li>\n<li><a href=\"https:\/\/www.elcomercio.es\/rutas-senderismo-por-asturias\/roblon-bustiellos-ponga-asturias-20220421103651-nt.html\">Ruta senderismu<\/a> \/<\/li>\n<\/ul>\n<\/div>\n<\/div>\n<div dir=\"auto\">Asturies tien un gran patrimoniu natural. Nel coraz\u00f3n de la <span style=\"color: #008080\"><strong>Reserva de la Biosfera de Ponga<\/strong><\/span>, dientro del impresionante <strong><span style=\"color: #008080\">monte de Pelo\u00f1o<\/span><\/strong>, at\u00f3pase&#8217;l Robl\u00f3n de Bustiello. Esti carbayu albar (Quercus petraea), de m\u00e1s de 800 a\u00f1os, ye <span style=\"color: #008080\"><strong>unu de los \u00e1rboles m\u00e1s pimpanos y llonxevos d&#8217;Asturies<\/strong><\/span>. Con un tueru de m\u00e1s de 7 metros de per\u00edmetru, esti colosu vexetal destaca pol so maxestuosidad y la so importancia ecol\u00f3xico y cultural. Mientres sieglos, el Robl\u00f3n de Bustiello foi testigu del pasu del tiempu nos montes de Pelo\u00f1o, un fayedal que se cunta ente los meyor calten\u00edos d&#8217;Europa.<\/div>\n<div dir=\"auto\"><!--more--><\/div>\n<div class=\"xu06os2 x1ok221b\"><\/div>\n<\/div>\n<div class=\"html-div xdj266r x11i5rnm xat24cr x1mh8g0r xexx8yu x4uap5 x18d9i69 xkhd6sd\" dir=\"auto\">\n<div class=\"html-div xdj266r x11i5rnm xat24cr x1mh8g0r xexx8yu x4uap5 x18d9i69 xkhd6sd\" dir=\"auto\">\n<div class=\"html-div xdj266r x11i5rnm xat24cr x1mh8g0r xexx8yu x4uap5 x18d9i69 xkhd6sd\" data-ad-rendering-role=\"story_message\">\n<div class=\"x1l90r2v x1iorvi4 x1ye3gou xn6708d\" data-ad-comet-preview=\"message\" data-ad-preview=\"message\">\n<div class=\"x78zum5 xdt5ytf xz62fqu x16ldp7u\">\n<div class=\"xu06os2 x1ok221b\">\n<div class=\"xdj266r x11i5rnm xat24cr x1mh8g0r x1vvkbs x126k92a\">\n<div dir=\"auto\" style=\"text-align: center\"><a href=\"https:\/\/s0.wklcdn.com\/image_2\/83603\/15076476\/9378030Master.jpg\"><img loading=\"lazy\" decoding=\"async\" class=\"aligncenter size-large\" src=\"https:\/\/s0.wklcdn.com\/image_2\/83603\/15076476\/9378030Master.jpg\" width=\"1600\" height=\"1067\" \/><\/a><\/div>\n<div dir=\"auto\"><span class=\"html-span xdj266r x11i5rnm xat24cr x1mh8g0r xexx8yu x4uap5 x18d9i69 xkhd6sd x1hl2dhg x16tdsg8 x1vvkbs\"><a class=\"x1i10hfl xjbqb8w x1ejq31n xd10rxx x1sy0etr x17r0tee x972fbf xcfux6l x1qhh985 xm0m39n x9f619 x1ypdohk xt0psk2 xe8uvvx xdj266r x11i5rnm xat24cr x1mh8g0r xexx8yu x4uap5 x18d9i69 xkhd6sd x16tdsg8 x1hl2dhg xggy1nq x1a2a7pz x1sur9pj xkrqix3 x1fey0fg x1s688f\" role=\"link\" href=\"https:\/\/www.facebook.com\/hashtag\/monumentonatural?__eep__=6&amp;__cft__[0]=AZX34nfkQnJQn83v1yvGToPC8yGNRmCFjX35oZyDXf9u1awC3p_iXg7BdT0aLbYEyRYExSFvbnTtqbv7OY15AsGSfXX4bopZK45LCGFEfTp0YneG_q2lMcUbgju-yviJRAXuqX0XvDeOQuy0XlfMzA3YFnA37x4eGmExdr1nWl8dgtiIwFes7a2upz-W3nVoB9G66gTV643uMt6o0feYnRZ-cTvltm9aovkC2QfaK448Vg&amp;__tn__=*NK-y-R\">#monumentonatural<\/a><\/span> <span class=\"html-span xdj266r x11i5rnm xat24cr x1mh8g0r xexx8yu x4uap5 x18d9i69 xkhd6sd x1hl2dhg x16tdsg8 x1vvkbs\"><a class=\"x1i10hfl xjbqb8w x1ejq31n xd10rxx x1sy0etr x17r0tee x972fbf xcfux6l x1qhh985 xm0m39n x9f619 x1ypdohk xt0psk2 xe8uvvx xdj266r x11i5rnm xat24cr x1mh8g0r xexx8yu x4uap5 x18d9i69 xkhd6sd x16tdsg8 x1hl2dhg xggy1nq x1a2a7pz x1sur9pj xkrqix3 x1fey0fg x1s688f\" role=\"link\" href=\"https:\/\/www.facebook.com\/hashtag\/rena?__eep__=6&amp;__cft__[0]=AZX34nfkQnJQn83v1yvGToPC8yGNRmCFjX35oZyDXf9u1awC3p_iXg7BdT0aLbYEyRYExSFvbnTtqbv7OY15AsGSfXX4bopZK45LCGFEfTp0YneG_q2lMcUbgju-yviJRAXuqX0XvDeOQuy0XlfMzA3YFnA37x4eGmExdr1nWl8dgtiIwFes7a2upz-W3nVoB9G66gTV643uMt6o0feYnRZ-cTvltm9aovkC2QfaK448Vg&amp;__tn__=*NK-y-R\">#rena<\/a><\/span> <span class=\"html-span xdj266r x11i5rnm xat24cr x1mh8g0r xexx8yu x4uap5 x18d9i69 xkhd6sd x1hl2dhg x16tdsg8 x1vvkbs\"><a class=\"x1i10hfl xjbqb8w x1ejq31n xd10rxx x1sy0etr x17r0tee x972fbf xcfux6l x1qhh985 xm0m39n x9f619 x1ypdohk xt0psk2 xe8uvvx xdj266r x11i5rnm xat24cr x1mh8g0r xexx8yu x4uap5 x18d9i69 xkhd6sd x16tdsg8 x1hl2dhg xggy1nq x1a2a7pz x1sur9pj xkrqix3 x1fey0fg x1s688f\" role=\"link\" href=\"https:\/\/www.facebook.com\/hashtag\/rednaturaldeasturias?__eep__=6&amp;__cft__[0]=AZX34nfkQnJQn83v1yvGToPC8yGNRmCFjX35oZyDXf9u1awC3p_iXg7BdT0aLbYEyRYExSFvbnTtqbv7OY15AsGSfXX4bopZK45LCGFEfTp0YneG_q2lMcUbgju-yviJRAXuqX0XvDeOQuy0XlfMzA3YFnA37x4eGmExdr1nWl8dgtiIwFes7a2upz-W3nVoB9G66gTV643uMt6o0feYnRZ-cTvltm9aovkC2QfaK448Vg&amp;__tn__=*NK-y-R\">#rednaturaldeasturias<\/a><\/span> <span class=\"html-span xdj266r x11i5rnm xat24cr x1mh8g0r xexx8yu x4uap5 x18d9i69 xkhd6sd x1hl2dhg x16tdsg8 x1vvkbs\"><a class=\"x1i10hfl xjbqb8w x1ejq31n xd10rxx x1sy0etr x17r0tee x972fbf xcfux6l x1qhh985 xm0m39n x9f619 x1ypdohk xt0psk2 xe8uvvx xdj266r x11i5rnm xat24cr x1mh8g0r xexx8yu x4uap5 x18d9i69 xkhd6sd x16tdsg8 x1hl2dhg xggy1nq x1a2a7pz x1sur9pj xkrqix3 x1fey0fg x1s688f\" role=\"link\" href=\"https:\/\/www.facebook.com\/hashtag\/asturiaspara%C3%ADsonatural?__eep__=6&amp;__cft__[0]=AZX34nfkQnJQn83v1yvGToPC8yGNRmCFjX35oZyDXf9u1awC3p_iXg7BdT0aLbYEyRYExSFvbnTtqbv7OY15AsGSfXX4bopZK45LCGFEfTp0YneG_q2lMcUbgju-yviJRAXuqX0XvDeOQuy0XlfMzA3YFnA37x4eGmExdr1nWl8dgtiIwFes7a2upz-W3nVoB9G66gTV643uMt6o0feYnRZ-cTvltm9aovkC2QfaK448Vg&amp;__tn__=*NK-y-R\">#asturiaspara\u00edsonatural<\/a><\/span> <span class=\"html-span xdj266r x11i5rnm xat24cr x1mh8g0r xexx8yu x4uap5 x18d9i69 xkhd6sd x1hl2dhg x16tdsg8 x1vvkbs\"><a class=\"x1i10hfl xjbqb8w x1ejq31n xd10rxx x1sy0etr x17r0tee x972fbf xcfux6l x1qhh985 xm0m39n x9f619 x1ypdohk xt0psk2 xe8uvvx xdj266r x11i5rnm xat24cr x1mh8g0r xexx8yu x4uap5 x18d9i69 xkhd6sd x16tdsg8 x1hl2dhg xggy1nq x1a2a7pz x1sur9pj xkrqix3 x1fey0fg x1s688f\" role=\"link\" href=\"https:\/\/www.facebook.com\/hashtag\/robl%C3%B3ndebustiello?__eep__=6&amp;__cft__[0]=AZX34nfkQnJQn83v1yvGToPC8yGNRmCFjX35oZyDXf9u1awC3p_iXg7BdT0aLbYEyRYExSFvbnTtqbv7OY15AsGSfXX4bopZK45LCGFEfTp0YneG_q2lMcUbgju-yviJRAXuqX0XvDeOQuy0XlfMzA3YFnA37x4eGmExdr1nWl8dgtiIwFes7a2upz-W3nVoB9G66gTV643uMt6o0feYnRZ-cTvltm9aovkC2QfaK448Vg&amp;__tn__=*NK-y-R\">#robl\u00f3ndebustiello<\/a><\/span><\/div>\n<\/div>\n<\/div>\n<\/div>\n<\/div>\n<\/div>\n<\/div>\n<\/div>\n<p>&nbsp;<\/p>\n","protected":false},"excerpt":{"rendered":"<p>Consejer\u00eda de Movilidad, Cooperaci\u00f3n Local y G. E.\/ semeya Ruta senderismu \/ Asturies tien un gran patrimoniu natural. Nel coraz\u00f3n de la Reserva de la Biosfera de Ponga, dientro del impresionante monte de Pelo\u00f1o, at\u00f3pase&#8217;l Robl\u00f3n de Bustiello. Esti carbayu albar (Quercus petraea), de m\u00e1s de 800 a\u00f1os, ye unu de los \u00e1rboles m\u00e1s pimpanos [&hellip;]<\/p>\n","protected":false},"author":117,"featured_media":0,"comment_status":"open","ping_status":"open","sticky":false,"template":"","format":"standard","meta":{"footnotes":""},"categories":[1],"tags":[],"class_list":["post-42114","post","type-post","status-publish","format-standard","hentry","category-sin-categoria"],"_links":{"self":[{"href":"https:\/\/edublog.educastur.es\/ixuxu\/wp-json\/wp\/v2\/posts\/42114","targetHints":{"allow":["GET"]}}],"collection":[{"href":"https:\/\/edublog.educastur.es\/ixuxu\/wp-json\/wp\/v2\/posts"}],"about":[{"href":"https:\/\/edublog.educastur.es\/ixuxu\/wp-json\/wp\/v2\/types\/post"}],"author":[{"embeddable":true,"href":"https:\/\/edublog.educastur.es\/ixuxu\/wp-json\/wp\/v2\/users\/117"}],"replies":[{"embeddable":true,"href":"https:\/\/edublog.educastur.es\/ixuxu\/wp-json\/wp\/v2\/comments?post=42114"}],"version-history":[{"count":5,"href":"https:\/\/edublog.educastur.es\/ixuxu\/wp-json\/wp\/v2\/posts\/42114\/revisions"}],"predecessor-version":[{"id":42119,"href":"https:\/\/edublog.educastur.es\/ixuxu\/wp-json\/wp\/v2\/posts\/42114\/revisions\/42119"}],"wp:attachment":[{"href":"https:\/\/edublog.educastur.es\/ixuxu\/wp-json\/wp\/v2\/media?parent=42114"}],"wp:term":[{"taxonomy":"category","embeddable":true,"href":"https:\/\/edublog.educastur.es\/ixuxu\/wp-json\/wp\/v2\/categories?post=42114"},{"taxonomy":"post_tag","embeddable":true,"href":"https:\/\/edublog.educastur.es\/ixuxu\/wp-json\/wp\/v2\/tags?post=42114"}],"curies":[{"name":"wp","href":"https:\/\/api.w.org\/{rel}","templated":true}]}}