{"id":42143,"date":"2025-02-17T23:03:26","date_gmt":"2025-02-17T21:03:26","guid":{"rendered":"https:\/\/edublog.educastur.es\/ixuxu\/?p=42143"},"modified":"2025-02-17T23:04:55","modified_gmt":"2025-02-17T21:04:55","slug":"videu-resume-y-semeyes-del-iii-semando-fest","status":"publish","type":"post","link":"https:\/\/edublog.educastur.es\/ixuxu\/2025\/02\/videu-resume-y-semeyes-del-iii-semando-fest\/","title":{"rendered":"Videu resume y semeyes del III Semando Fest"},"content":{"rendered":"<div class=\"elementor-element elementor-element-667e3c7 elementor-widget__width-inherit elementor-widget elementor-widget-theme-post-title elementor-page-title elementor-widget-heading\" data-id=\"667e3c7\" data-element_type=\"widget\" data-widget_type=\"theme-post-title.default\">\n<div class=\"elementor-widget-container\">\n<ul>\n<li class=\"elementor-heading-title elementor-size-default\">Fonte: <a href=\"https:\/\/musicasturiana.com\/videu-resume-y-semeyes-del-iii-semando-fest\/?fbclid=IwY2xjawIggtNleHRuA2FlbQIxMQABHVsbOZaGs7udz9CZbklXY-8CHAUsgZrotA1fDjIlZrd6Chq9fJWFcuS5Gw_aem_yNAYUqh4rEvQ-Wmqm4alGA\">Musicasturiana.com<\/a> \/ <a href=\"https:\/\/naysemeya.pic-time.com\/-semandofest2025\/gallery?inviteptoken2=AAAAAKcAAAC9pQiGG5ejAPx0HeV6EGfAyg%2C%2C\"><strong>SEMEYES de Nay Semeya<\/strong><\/a> \/<\/li>\n<\/ul>\n<p style=\"text-align: center\">\n<!-- iframe plugin v.6.0 wordpress.org\/plugins\/iframe\/ -->\n<iframe loading=\"lazy\" width=\"902\" height=\"406\" src=\"https:\/\/www.youtube.com\/embed\/ganYJUAPq-o\" title=\"\ud83c\udf31 SEMANDO FEST 2025\ud83c\udf31 La m\u00fasica moza %n&#039;asturianu XORREZ \ud83d\udc99\ud83d\udc9b\" frameborder=\"0\" allow=\"accelerometer; autoplay; clipboard-write; encrypted-media; gyroscope; picture-in-picture; web-share\" referrerpolicy=\"strict-origin-when-cross-origin\" 0=\"allowfullscreen\" 1=\"\/iframe\" scrolling=\"yes\" class=\"iframe-class\"><\/iframe>\n<\/p>\n<\/div>\n<\/div>\n<div class=\"elementor-element elementor-element-00f4678 elementor-widget__width-inherit elementor-widget elementor-widget-theme-post-excerpt\" data-id=\"00f4678\" data-element_type=\"widget\" data-widget_type=\"theme-post-excerpt.default\">\n<div class=\"elementor-widget-container\">Nay Semeya ye la responsable de les im\u00e1xenes y la realizaci\u00f3n audiovisual que resume lo viv\u00edo nesti festival de m\u00fasica moza n&#8217;asturianu.<\/div>\n<\/div>\n<div><\/div>\n<p><!--more--><\/p>\n<div class=\"elementor-element elementor-element-00f4678 elementor-widget__width-inherit elementor-widget elementor-widget-theme-post-excerpt\" data-id=\"00f4678\" data-element_type=\"widget\" data-widget_type=\"theme-post-excerpt.default\">\n<div>Y\u00e1 ta en YouTube el\u00a0<a href=\"https:\/\/youtu.be\/ganYJUAPq-o?si=696L5AG5Qz4OR7py\" target=\"_blank\" rel=\"noreferrer noopener\">videu resume<\/a>\u00a0del III Semando Fest que y\u00e1 pue vese na canal de YouTube del Musicasturiana.com. Grab\u00e1u y realiz\u00e1u audiovisualmente por<strong>\u00a0Nay Semeya<\/strong>\u00a0(Llanes, 1999), ye una esbilla de los\u00a0<strong>preparativos<\/strong>\u00a0y\u00a0<strong>prebes de son\u00edu<\/strong>, de les\u00a0<strong>actuaciones\u00a0<\/strong>musicales d\u2019Ab\u00e9u, Ferla Meg\u00eda, Alienda y Melandru, y de la<strong>\u00a0emoci\u00f3n y diversi\u00f3n<\/strong>\u00a0d\u2019un p\u00fablicu qu\u2019enllen\u00f3 la sala Lata de Zinc na tercer edici\u00f3n del festival de m\u00fasica moza n\u2019asturianu.<\/div>\n<div><\/div>\n<div>Am\u00e1s del videu oficial tami\u00e9n ta disponible la<a href=\"https:\/\/naysemeya.pic-time.com\/-semandofest2025\/gallery?invitePToken2=AAAAALYAAABC_qjOW6ldX8AQ50QOkUgMYU0X&amp;\" target=\"_blank\" rel=\"noreferrer noopener\">\u00a0<strong>galer\u00eda de semeyes<\/strong><\/a>\u00a0que fizo la fot\u00f3grafa afincada en Pilo\u00f1a pa captar dalgunos de los momentos d\u2019esti eventu que<strong>\u00a0y\u00e1 ta consolid\u00e1u\u00a0<\/strong>nel calendariu de festivales d\u2019iviernu de la m\u00fasica\u2019l pa\u00eds.<\/div>\n<div><\/div>\n<div><a href=\"https:\/\/musicasturiana.com\/wp-content\/uploads\/2025\/02\/III-Semando-Fest-Videu.jpg\"><img loading=\"lazy\" decoding=\"async\" class=\"aligncenter size-large\" src=\"https:\/\/musicasturiana.com\/wp-content\/uploads\/2025\/02\/III-Semando-Fest-Videu.jpg\" width=\"1200\" height=\"600\" \/><\/a><\/div>\n<div>\n<p>Musicasturiana.com y Ixux\u00fa Cultura fueron los\u00a0<strong>organizadores\u00a0<\/strong>del\u00a0<a href=\"https:\/\/musicasturiana.com\/semando-fest\/\" target=\"_blank\" rel=\"noreferrer noopener\">Semando Fest<\/a>\u00a0que\u00a0<strong>patrocin\u00f3<\/strong>\u00a0Caja Rural de Asturias, Conseyu de la Moced\u00e1 del Princip\u00e1u d\u2019Asturies y Conseyu de la Moced\u00e1 d\u2019Uvi\u00e9u; y que cunt\u00f3 cola\u00a0<strong>collaboraci\u00f3n\u00a0<\/strong>de Surimi, H\u00e9roes Ensin Nome, Nay Semeya y Puru Remangu.<\/p>\n<\/div>\n<\/div>\n","protected":false},"excerpt":{"rendered":"<p>Fonte: Musicasturiana.com \/ SEMEYES de Nay Semeya \/ Nay Semeya ye la responsable de les im\u00e1xenes y la realizaci\u00f3n audiovisual que resume lo viv\u00edo nesti festival de m\u00fasica moza n&#8217;asturianu.<\/p>\n","protected":false},"author":117,"featured_media":0,"comment_status":"open","ping_status":"open","sticky":false,"template":"","format":"standard","meta":{"footnotes":""},"categories":[204,35,125],"tags":[],"class_list":["post-42143","post","type-post","status-publish","format-standard","hentry","category-festivales","category-musica","category-musicasturiana-com"],"_links":{"self":[{"href":"https:\/\/edublog.educastur.es\/ixuxu\/wp-json\/wp\/v2\/posts\/42143","targetHints":{"allow":["GET"]}}],"collection":[{"href":"https:\/\/edublog.educastur.es\/ixuxu\/wp-json\/wp\/v2\/posts"}],"about":[{"href":"https:\/\/edublog.educastur.es\/ixuxu\/wp-json\/wp\/v2\/types\/post"}],"author":[{"embeddable":true,"href":"https:\/\/edublog.educastur.es\/ixuxu\/wp-json\/wp\/v2\/users\/117"}],"replies":[{"embeddable":true,"href":"https:\/\/edublog.educastur.es\/ixuxu\/wp-json\/wp\/v2\/comments?post=42143"}],"version-history":[{"count":3,"href":"https:\/\/edublog.educastur.es\/ixuxu\/wp-json\/wp\/v2\/posts\/42143\/revisions"}],"predecessor-version":[{"id":42146,"href":"https:\/\/edublog.educastur.es\/ixuxu\/wp-json\/wp\/v2\/posts\/42143\/revisions\/42146"}],"wp:attachment":[{"href":"https:\/\/edublog.educastur.es\/ixuxu\/wp-json\/wp\/v2\/media?parent=42143"}],"wp:term":[{"taxonomy":"category","embeddable":true,"href":"https:\/\/edublog.educastur.es\/ixuxu\/wp-json\/wp\/v2\/categories?post=42143"},{"taxonomy":"post_tag","embeddable":true,"href":"https:\/\/edublog.educastur.es\/ixuxu\/wp-json\/wp\/v2\/tags?post=42143"}],"curies":[{"name":"wp","href":"https:\/\/api.w.org\/{rel}","templated":true}]}}