{"id":42154,"date":"2025-02-18T08:20:10","date_gmt":"2025-02-18T06:20:10","guid":{"rendered":"https:\/\/edublog.educastur.es\/ixuxu\/?p=42154"},"modified":"2025-02-18T10:19:39","modified_gmt":"2025-02-18T08:19:39","slug":"estau-del-tiempu-martes-18-febreru-2025","status":"publish","type":"post","link":"https:\/\/edublog.educastur.es\/ixuxu\/2025\/02\/estau-del-tiempu-martes-18-febreru-2025\/","title":{"rendered":"Est\u00e1u del tiempu: martes 18 febreru 2025"},"content":{"rendered":"<div class=\"html-div xdj266r xat24cr x1mh8g0r xexx8yu x4uap5 x18d9i69 xkhd6sd x78zum5 x2lah0s xqtp20y x1emribx\">\n<div class=\"x1vqgdyp x100vrsf\">\n<div class=\"\" style=\"text-align: center\"><a href=\"http:\/\/edublog.educastur.es\/ixuxu\/files\/2024\/11\/467747825_894074599540617_1227988172354431857_n.jpg\"><img loading=\"lazy\" decoding=\"async\" class=\"aligncenter wp-image-36071\" src=\"http:\/\/edublog.educastur.es\/ixuxu\/files\/2024\/11\/467747825_894074599540617_1227988172354431857_n.jpg\" alt=\"\" width=\"286\" height=\"198\" srcset=\"https:\/\/edublog.educastur.es\/ixuxu\/files\/2024\/11\/467747825_894074599540617_1227988172354431857_n.jpg 450w, https:\/\/edublog.educastur.es\/ixuxu\/files\/2024\/11\/467747825_894074599540617_1227988172354431857_n-300x208.jpg 300w, https:\/\/edublog.educastur.es\/ixuxu\/files\/2024\/11\/467747825_894074599540617_1227988172354431857_n-433x300.jpg 433w\" sizes=\"auto, (max-width: 286px) 100vw, 286px\" \/><\/a><\/div>\n<\/div>\n<\/div>\n<div class=\"html-div xdj266r x11i5rnm xat24cr x1mh8g0r xexx8yu x4uap5 x18d9i69 xkhd6sd x1iyjqo2\">\n<div class=\"x78zum5 xdt5ytf xz62fqu x16ldp7u\">\n<div class=\"xu06os2 x1ok221b\">\n<div class=\"html-div xdj266r x11i5rnm xat24cr x1mh8g0r xexx8yu x4uap5 x18d9i69 xkhd6sd\" data-ad-rendering-role=\"profile_name\">\n<ul>\n<li id=\":rm8:\" class=\"html-h2 x11i5rnm xat24cr x1mh8g0r xexx8yu x4uap5 x18d9i69 xkhd6sd x1vvkbs x1heor9g x1qlqyl8 x1pd3egz x1a2a7pz x1gslohp x1yc453h\"><span class=\"xt0psk2\"><span class=\"xjp7ctv\"><a class=\"x1i10hfl xjbqb8w x1ejq31n xd10rxx x1sy0etr x17r0tee x972fbf xcfux6l x1qhh985 xm0m39n x9f619 x1ypdohk xt0psk2 xe8uvvx xdj266r x11i5rnm xat24cr x1mh8g0r xexx8yu x4uap5 x18d9i69 xkhd6sd x16tdsg8 x1hl2dhg xggy1nq x1a2a7pz x1sur9pj xkrqix3 xzsf02u x1s688f\" role=\"link\" href=\"https:\/\/www.facebook.com\/eltiempuenasturies?__cft__[0]=AZXQrCh-AqaoIkJMfRgX1_IvoHOB4IRk51dGcVJXqopY8uNa-fMZt6ckAxsvaAiiF-H4VMdVu2ZnmhWA6dVPjCZxzH0WzVcPa0UkwUa06Y11d4z1MRJh0ljm_SF2XaKdCC7XqSBqyAbmH6zYBbpuu8X7ogYlPIjrGU1ZMUqp4oPgTOtsK-_E-14Hs4zf-SxCw4Q&amp;__tn__=-UC%2CP-R\" aria-describedby=\":rmg:\"><strong class=\"html-strong xdj266r x11i5rnm xat24cr x1mh8g0r xexx8yu x4uap5 x18d9i69 xkhd6sd x1hl2dhg x16tdsg8 x1vvkbs x1s688f\"><span class=\"html-span xdj266r x11i5rnm xat24cr x1mh8g0r xexx8yu x4uap5 x18d9i69 xkhd6sd x1hl2dhg x16tdsg8 x1vvkbs\">El Tiempu n&#8217;Asturies.<\/span><\/strong><\/a><\/span><\/span><\/li>\n<\/ul>\n<\/div>\n<\/div>\n<\/div>\n<\/div>\n<div class=\"html-div xdj266r x11i5rnm xat24cr x1mh8g0r xexx8yu x4uap5 x18d9i69 xkhd6sd\" dir=\"auto\">\n<div class=\"html-div xdj266r x11i5rnm xat24cr x1mh8g0r xexx8yu x4uap5 x18d9i69 xkhd6sd\" data-ad-rendering-role=\"story_message\">\n<div id=\":rma:\" class=\"x1l90r2v x1iorvi4 x1ye3gou xn6708d\" data-ad-comet-preview=\"message\" data-ad-preview=\"message\">\n<div class=\"x78zum5 xdt5ytf xz62fqu x16ldp7u\">\n<div class=\"xu06os2 x1ok221b\">\n<div class=\"x11i5rnm xat24cr x1mh8g0r x1vvkbs xtlvy1s x126k92a\">\n<ul>\n<li dir=\"auto\"><strong><span style=\"color: #008080\">Alborecemos<\/span><\/strong> col cielu empuerc\u00e1u de nubosid\u00e1 media-alta, am\u00e1s de nublines y borrionos no fonderu los valles con unes temperatures que tan alrodiu de los 7\u00baC, rexistr\u00e1ndose nel puirtu Payares 2,8\u00baC.<\/li>\n<\/ul>\n<\/div>\n<div class=\"x11i5rnm xat24cr x1mh8g0r x1vvkbs xtlvy1s x126k92a\">\n<ul>\n<li dir=\"auto\"><strong><span style=\"color: #008080\">G\u00fcei<\/span> <\/strong>vamos tener nubosid\u00e1 media-alta que mos la va apurrir l&#8217;aire \u00e1brigu que pue soplar con raches moderaes en zones altes de monta\u00f1a, am\u00e1s al so pasu pela cordelera provocar\u00e1 l&#8217;efeutu foehn faciendo que suban les temperatures con m\u00e1simes que van averase a los 20\u00baC.<\/li>\n<\/ul>\n<p><!--more--><\/p>\n<\/div>\n<div class=\"x11i5rnm xat24cr x1mh8g0r x1vvkbs xtlvy1s x126k92a\">\n<ul>\n<li dir=\"auto\"><strong><span style=\"color: #008080\">Ma\u00f1ana mi\u00e9rcoles<\/span> <\/strong>veremos dalgo m\u00e1s el sol y les temperatures van camudar poco, calteni\u00e9ndose l&#8217;ambiente primaveral, tami\u00e9n perdera puxu l&#8217;aire \u00e1brigu pa quedar sele ya variable.<\/li>\n<\/ul>\n<\/div>\n<div class=\"x11i5rnm xat24cr x1mh8g0r x1vvkbs xtlvy1s x126k92a\">\n<ul>\n<li dir=\"auto\"><strong><span style=\"color: #008080\">El xueves<\/span> <\/strong>seguiremos con nubosid\u00e1 media-alta y temperatures mui suaves con m\u00e1simes otra vegada m\u00e1s alrodiu de los 20\u00baC, tando l&#8217;aire sele ya varible.<\/li>\n<\/ul>\n<\/div>\n<div class=\"x11i5rnm xat24cr x1mh8g0r x1vvkbs xtlvy1s x126k92a\">\n<ul>\n<li dir=\"auto\"><strong><span style=\"color: #008080\">El vienres<\/span><\/strong> la llegada d&#8217;una peque\u00f1a vaguada atl\u00e1ntica va apurrinos un frente al finar el d\u00eda, dex\u00e1ndonos precipitaciones xeneralizaes al so pasu, mentantu pel d\u00eda l&#8217;aire \u00e1brigu dir\u00e1 coyendo puxu con raches moderaes a fuertes en zones altes ya en puntos del llitoral con temperatures suaves que baxar\u00e1n al final col pasu del frente.<\/li>\n<\/ul>\n<\/div>\n<div class=\"x11i5rnm xat24cr x1mh8g0r x1vvkbs xtlvy1s x126k92a\">\n<ul>\n<li dir=\"auto\"><strong><span style=\"color: #008080\">El s\u00e1badu<\/span> <\/strong>dir\u00e1 escamplando ya tendremos nubes ya claros o abancios con unes temperatures en descensu.<\/li>\n<\/ul>\n<\/div>\n<div class=\"x11i5rnm xat24cr x1mh8g0r x1vvkbs xtlvy1s x126k92a\">\n<ul>\n<li dir=\"auto\"><strong><span style=\"color: #008080\">Paez que&#8217;l domingu<\/span><\/strong> torna l&#8217;aire \u00e1brigu col cielu empuerc\u00e1u de nubes medies y altes ya un ascensu de les temperatures.<\/li>\n<\/ul>\n<\/div>\n<div class=\"x11i5rnm xat24cr x1mh8g0r x1vvkbs xtlvy1s x126k92a\">\n<ul>\n<li dir=\"auto\"><strong><span style=\"color: #008080\">Pa m\u00e1s a llargu plazu<\/span><\/strong> la tendencia ye a situase l&#8217;anticicl\u00f3n de Les Azores nel so sitiu, favoreciendo la ondulaci\u00f3n del chorru polar sobre nosotros con entraes de noroeste, baxada de les temperatures , precipitaciones y nevaes pela cordelera pero esto y\u00e1 lu diremos viendo.<\/li>\n<\/ul>\n<\/div>\n<\/div>\n<\/div>\n<\/div>\n<\/div>\n<\/div>\n<p>&nbsp;<\/p>\n","protected":false},"excerpt":{"rendered":"<p>El Tiempu n&#8217;Asturies. Alborecemos col cielu empuerc\u00e1u de nubosid\u00e1 media-alta, am\u00e1s de nublines y borrionos no fonderu los valles con unes temperatures que tan alrodiu de los 7\u00baC, rexistr\u00e1ndose nel puirtu Payares 2,8\u00baC. G\u00fcei vamos tener nubosid\u00e1 media-alta que mos la va apurrir l&#8217;aire \u00e1brigu que pue soplar con raches moderaes en zones altes de [&hellip;]<\/p>\n","protected":false},"author":117,"featured_media":0,"comment_status":"open","ping_status":"open","sticky":false,"template":"","format":"standard","meta":{"footnotes":""},"categories":[5],"tags":[],"class_list":["post-42154","post","type-post","status-publish","format-standard","hentry","category-tiempu"],"_links":{"self":[{"href":"https:\/\/edublog.educastur.es\/ixuxu\/wp-json\/wp\/v2\/posts\/42154","targetHints":{"allow":["GET"]}}],"collection":[{"href":"https:\/\/edublog.educastur.es\/ixuxu\/wp-json\/wp\/v2\/posts"}],"about":[{"href":"https:\/\/edublog.educastur.es\/ixuxu\/wp-json\/wp\/v2\/types\/post"}],"author":[{"embeddable":true,"href":"https:\/\/edublog.educastur.es\/ixuxu\/wp-json\/wp\/v2\/users\/117"}],"replies":[{"embeddable":true,"href":"https:\/\/edublog.educastur.es\/ixuxu\/wp-json\/wp\/v2\/comments?post=42154"}],"version-history":[{"count":2,"href":"https:\/\/edublog.educastur.es\/ixuxu\/wp-json\/wp\/v2\/posts\/42154\/revisions"}],"predecessor-version":[{"id":42156,"href":"https:\/\/edublog.educastur.es\/ixuxu\/wp-json\/wp\/v2\/posts\/42154\/revisions\/42156"}],"wp:attachment":[{"href":"https:\/\/edublog.educastur.es\/ixuxu\/wp-json\/wp\/v2\/media?parent=42154"}],"wp:term":[{"taxonomy":"category","embeddable":true,"href":"https:\/\/edublog.educastur.es\/ixuxu\/wp-json\/wp\/v2\/categories?post=42154"},{"taxonomy":"post_tag","embeddable":true,"href":"https:\/\/edublog.educastur.es\/ixuxu\/wp-json\/wp\/v2\/tags?post=42154"}],"curies":[{"name":"wp","href":"https:\/\/api.w.org\/{rel}","templated":true}]}}