{"id":42171,"date":"2025-02-18T14:17:25","date_gmt":"2025-02-18T12:17:25","guid":{"rendered":"https:\/\/edublog.educastur.es\/ixuxu\/?p=42171"},"modified":"2025-02-18T14:19:45","modified_gmt":"2025-02-18T12:19:45","slug":"grupu-de-conversacion-telematicu-nasturianu","status":"publish","type":"post","link":"https:\/\/edublog.educastur.es\/ixuxu\/2025\/02\/grupu-de-conversacion-telematicu-nasturianu\/","title":{"rendered":"Grupu de conversaci\u00f3n telem\u00e1ticu n&#8217;asturianu"},"content":{"rendered":"<ul>\n<li style=\"text-align: left\"><a href=\"https:\/\/scontent-mad2-1.xx.fbcdn.net\/v\/t39.30808-6\/480255592_1029203552587584_7793181651164790263_n.jpg?_nc_cat=109&amp;ccb=1-7&amp;_nc_sid=833d8c&amp;_nc_ohc=nIDTyzLgXJIQ7kNvgFfi_OF&amp;_nc_oc=AdiYBQ8wBjLUIFBGSST0xq7nB-LU_B7mDpDOopH-Mvff9O4z_2CDuEXxX4DlX0Zfnl0&amp;_nc_zt=23&amp;_nc_ht=scontent-mad2-1.xx&amp;_nc_gid=AI8cg8mLF-qJYBsbLXCGCFT&amp;oh=00_AYDiLKNduSQIGJ1OOb_WHitCZlS42q5rA-ka3OdYGSzrSQ&amp;oe=67BA476E\">cartelu<\/a> \/<a href=\"https:\/\/iniciativapolasturianu.org\/wp-content\/uploads\/2025\/02\/Cartelu.jpg\"><strong>cartelu grande<\/strong><\/a> \/<span class=\"x193iq5w xeuugli x13faqbe x1vvkbs x1xmvt09 x1f6kntn xvq8zen xo1l8bm xi81zsa\"><span class=\"xt0psk2\"><span class=\"xjp7ctv\"><a class=\"x1i10hfl xjbqb8w x1ejq31n xd10rxx x1sy0etr x17r0tee x972fbf xcfux6l x1qhh985 xm0m39n x9f619 x1ypdohk xt0psk2 xe8uvvx xdj266r x11i5rnm xat24cr x1mh8g0r xexx8yu x4uap5 x18d9i69 xkhd6sd x16tdsg8 x1hl2dhg xggy1nq x1a2a7pz x1sur9pj xkrqix3 xzsf02u x1s688f\" role=\"link\" href=\"https:\/\/www.facebook.com\/iniciativapolasturianu?__cft__[0]=AZVYL1Mez18J3cUIwEnwch4hWb4DRglEdP534QFJKrba6UIRT51MFAAO49HogF67UszGEh_3iS--PLJHS2MYXA0UU2VnSyyvKcDxGL0uxvLmMrdJ_PAyFuhwxDSUcwQz4Uk_E7bO8CXIb-ZTasSPTI99DXVtCs6-1-eHVZni4_AfxVNVhX40iDigBziyHIu8OaZ0F1SE3BwIuPJukz7Hd9Xnl-1zcv6D5BBvxEp9dYVKeynSlLzGT6HMgLYWtGqcIEM&amp;__tn__=-UC*F\" aria-describedby=\":r4oo:\">Iniciativa pol Asturianu<\/a><\/span><\/span><\/span><\/li>\n<\/ul>\n<p style=\"text-align: center\"><a href=\"https:\/\/iniciativapolasturianu.org\/wp-content\/uploads\/2025\/02\/Cartelu.jpg\"><img loading=\"lazy\" decoding=\"async\" class=\"aligncenter \" src=\"https:\/\/iniciativapolasturianu.org\/wp-content\/uploads\/2025\/02\/Cartelu.jpg\" width=\"345\" height=\"533\" \/><\/a><\/p>\n<ul>\n<li class=\"xyinxu5 x4uap5 x1g2khh7 xkhd6sd\"><span class=\"x193iq5w xeuugli x13faqbe x1vvkbs x1xmvt09 x1lliihq x1s928wv xhkezso x1gmr53x x1cpjm7i x1fgarty x1943h6x xudqn12 x3x7a5m x1f6kntn xvq8zen xo1l8bm xzsf02u\" dir=\"auto\"><span class=\"html-span xexx8yu x4uap5 x18d9i69 xkhd6sd x1hl2dhg x16tdsg8 x1vvkbs x3nfvp2 x1j61x8r x1fcty0u xdj266r xat24cr xgzva0m xhhsvwb xxymvpz xlup9mm x1kky2od\"><img loading=\"lazy\" decoding=\"async\" class=\"xz74otr\" src=\"https:\/\/static.xx.fbcdn.net\/images\/emoji.php\/v9\/t91\/1\/16\/2615.png\" alt=\"\u2615\ufe0f\" width=\"16\" height=\"16\" \/><\/span> \u00bfQu\u00e9 meyor plan pa una ma\u00f1ana de s\u00e1badu qu\u2019un caf\u00e9 y una conversaci\u00f3n n\u2019<span class=\"html-span xdj266r x11i5rnm xat24cr x1mh8g0r xexx8yu x4uap5 x18d9i69 xkhd6sd x1hl2dhg x16tdsg8 x1vvkbs\"><a class=\"x1i10hfl xjbqb8w x1ejq31n xd10rxx x1sy0etr x17r0tee x972fbf xcfux6l x1qhh985 xm0m39n x9f619 x1ypdohk xt0psk2 xe8uvvx xdj266r x11i5rnm xat24cr x1mh8g0r xexx8yu x4uap5 x18d9i69 xkhd6sd x16tdsg8 x1hl2dhg xggy1nq x1a2a7pz x1sur9pj xkrqix3 xzsf02u x1s688f\" role=\"link\" href=\"https:\/\/www.facebook.com\/hashtag\/asturianu?__eep__=6&amp;__cft__[0]=AZVYL1Mez18J3cUIwEnwch4hWb4DRglEdP534QFJKrba6UIRT51MFAAO49HogF67UszGEh_3iS--PLJHS2MYXA0UU2VnSyyvKcDxGL0uxvLmMrdJ_PAyFuhwxDSUcwQz4Uk_E7bO8CXIb-ZTasSPTI99DXVtCs6-1-eHVZni4_AfxVNVhX40iDigBziyHIu8OaZ0F1SE3BwIuPJukz7Hd9Xnl-1zcv6D5BBvxEp9dYVKeynSlLzGT6HMgLYWtGqcIEM&amp;__tn__=*NK*F\">#asturianu<\/a><\/span>?<br class=\"html-br\" \/><\/span><\/li>\n<li class=\"xyinxu5 x4uap5 x1g2khh7 xkhd6sd\"><span class=\"x193iq5w xeuugli x13faqbe x1vvkbs x1xmvt09 x1lliihq x1s928wv xhkezso x1gmr53x x1cpjm7i x1fgarty x1943h6x xudqn12 x3x7a5m x1f6kntn xvq8zen xo1l8bm xzsf02u\" dir=\"auto\"><span class=\"html-span xexx8yu x4uap5 x18d9i69 xkhd6sd x1hl2dhg x16tdsg8 x1vvkbs x3nfvp2 x1j61x8r x1fcty0u xdj266r xat24cr xgzva0m xhhsvwb xxymvpz xlup9mm x1kky2od\"><img loading=\"lazy\" decoding=\"async\" class=\"xz74otr\" src=\"https:\/\/static.xx.fbcdn.net\/images\/emoji.php\/v9\/tfb\/1\/16\/1f5e3.png\" alt=\"\ud83d\udde3\ufe0f\" width=\"16\" height=\"16\" \/><\/span> Recuperamos el<strong> grupu de conversaci\u00f3n telem\u00e1ticu<\/strong> gracies a la collaboraci\u00f3n del <span class=\"html-span xdj266r x11i5rnm xat24cr x1mh8g0r xexx8yu x4uap5 x18d9i69 xkhd6sd x1hl2dhg x16tdsg8 x1vvkbs\"><a class=\"x1i10hfl xjbqb8w x1ejq31n xd10rxx x1sy0etr x17r0tee x972fbf xcfux6l x1qhh985 xm0m39n x9f619 x1ypdohk xt0psk2 xe8uvvx xdj266r x11i5rnm xat24cr x1mh8g0r xexx8yu x4uap5 x18d9i69 xkhd6sd x16tdsg8 x1hl2dhg xggy1nq x1a2a7pz x1sur9pj xkrqix3 xzsf02u x1s688f\" role=\"link\" href=\"https:\/\/www.facebook.com\/Conseyu?__cft__[0]=AZVYL1Mez18J3cUIwEnwch4hWb4DRglEdP534QFJKrba6UIRT51MFAAO49HogF67UszGEh_3iS--PLJHS2MYXA0UU2VnSyyvKcDxGL0uxvLmMrdJ_PAyFuhwxDSUcwQz4Uk_E7bO8CXIb-ZTasSPTI99DXVtCs6-1-eHVZni4_AfxVNVhX40iDigBziyHIu8OaZ0F1SE3BwIuPJukz7Hd9Xnl-1zcv6D5BBvxEp9dYVKeynSlLzGT6HMgLYWtGqcIEM&amp;__tn__=-]K*F\"><span class=\"xt0psk2\"><span class=\"xjp7ctv\"><span aria-describedby=\":r4p1:\">Conseyu de Moced\u00e1 de Xix\u00f3n<\/span><\/span><\/span><\/a><\/span> y de Cosines de Clas <\/span><span class=\"x193iq5w xeuugli x13faqbe x1vvkbs x1xmvt09 x1lliihq x1s928wv xhkezso x1gmr53x x1cpjm7i x1fgarty x1943h6x xudqn12 x3x7a5m x1f6kntn xvq8zen xo1l8bm xzsf02u\" dir=\"auto\"><a href=\"https:\/\/iniciativapolasturianu.org\/iniciativa-pol-asturianu-recupera-los-grupos-de-conversacion-nasturianu\/?fbclid=IwY2xjawIhWatleHRuA2FlbQIxMAABHQYU0vCocUy2bRzud1x99o4JVWTPXTdSY15pZou1R7sIiLDPeypLdduJEQ_aem_q50Izffw6REH7E4reIRhQQ\"><span class=\"html-span xexx8yu x4uap5 x18d9i69 xkhd6sd x1hl2dhg x16tdsg8 x1vvkbs x3nfvp2 x1j61x8r x1fcty0u xdj266r xat24cr xgzva0m xhhsvwb xxymvpz xlup9mm x1kky2od\"><img loading=\"lazy\" decoding=\"async\" class=\"xz74otr\" src=\"https:\/\/static.xx.fbcdn.net\/images\/emoji.php\/v9\/td8\/1\/16\/1f4f2.png\" alt=\"\ud83d\udcf2\" width=\"16\" height=\"16\" \/><\/span> Atopa tola informaci\u00f3n y el formulariu d\u2019inscripci\u00f3n<\/a><br \/>\n<\/span><\/li>\n<\/ul>\n<p><!--more--><\/p>\n<ul>\n<li>\n<p dir=\"ltr\">Con esta convocatoria pret\u00e9ndese abrir un espaciu pa toles persones que necesiten d\u2019un espaciu informal, relax\u00e1u y seguru onde quitar el mieu a falar n\u2019asturianu en p\u00fablicu y nel que nun importa\u2019l nivel d\u2019usu o conocencia del idioma. Los grupos informales de conversaci\u00f3n son una iniciativa del CMX col env\u00eds de que la xente pierda\u2019l mieu a falar n\u2019otros idiomes como\u2019l franc\u00e9s, l\u2019ingl\u00e9s y l\u2019alem\u00e1n. Resulta, ent\u00f3s, perinteresante usar estos espacios como sitios seguros onde l\u2019asturianu medre ensin tar estigmatiz\u00e1u, p\u2019amosar que se pue falar n\u2019asturianu en toles situaciones sociales, seya cola familia, na cai, nel supermerc\u00e1u o colos collacios.<\/p>\n<p dir=\"ltr\">La cita va repetise tolos s\u00e1bados a les diez de la ma\u00f1ana de manera telem\u00e1tica, al travi\u00e9s de la plataforma Zoom. Pa facilitar el trabayu pa la organizaci\u00f3n y la comunicaci\u00f3n, les persones interesaes han rellenar un formulariu na p\u00e1xina web d\u2019Iniciativa pol Asturianu. La primer sesi\u00f3n va celebrase\u2019l s\u00e1badu 22 de febreru.<\/p>\n<p dir=\"ltr\">Iniciativa pol Asturianu agradez fonderamente la predisposici\u00f3n, collaboraci\u00f3n y militancia de toles persones que faen posible recuperar esta activid\u00e1.<\/p>\n<\/li>\n<\/ul>\n<p style=\"text-align: center\">\n<!-- iframe plugin v.6.0 wordpress.org\/plugins\/iframe\/ -->\n<iframe loading=\"lazy\" src=\"https:\/\/www.facebook.com\/plugins\/post.php?href=https%3A%2F%2Fwww.facebook.com%2Finiciativapolasturianu%2Fposts%2Fpfbid069mSRt9RC5DzxQ4MnQoUy9LpPZe22WSPFRcL6FjdcLczrdSqsBNbEdwZnzdABpjFl&#038;show_text=false&#038;width=500\" width=\"500\" height=\"281\" style=\"border:none;overflow:hidden\" scrolling=\"no\" frameborder=\"0\" allowfullscreen=\"true\" allow=\"autoplay; clipboard-write; encrypted-media; picture-in-picture; web-share\" 0=\"\/iframe\" class=\"iframe-class\"><\/iframe>\n<\/p>\n","protected":false},"excerpt":{"rendered":"<p>cartelu \/cartelu grande \/Iniciativa pol Asturianu \u00bfQu\u00e9 meyor plan pa una ma\u00f1ana de s\u00e1badu qu\u2019un caf\u00e9 y una conversaci\u00f3n n\u2019#asturianu? Recuperamos el grupu de conversaci\u00f3n telem\u00e1ticu gracies a la collaboraci\u00f3n del Conseyu de Moced\u00e1 de Xix\u00f3n y de Cosines de Clas Atopa tola informaci\u00f3n y el formulariu d\u2019inscripci\u00f3n<\/p>\n","protected":false},"author":117,"featured_media":0,"comment_status":"open","ping_status":"open","sticky":false,"template":"","format":"standard","meta":{"footnotes":""},"categories":[44,242,307,47],"tags":[],"class_list":["post-42171","post","type-post","status-publish","format-standard","hentry","category-asturianu","category-charres","category-cosines-de-clas","category-iniciativa-pol-asturianu"],"_links":{"self":[{"href":"https:\/\/edublog.educastur.es\/ixuxu\/wp-json\/wp\/v2\/posts\/42171","targetHints":{"allow":["GET"]}}],"collection":[{"href":"https:\/\/edublog.educastur.es\/ixuxu\/wp-json\/wp\/v2\/posts"}],"about":[{"href":"https:\/\/edublog.educastur.es\/ixuxu\/wp-json\/wp\/v2\/types\/post"}],"author":[{"embeddable":true,"href":"https:\/\/edublog.educastur.es\/ixuxu\/wp-json\/wp\/v2\/users\/117"}],"replies":[{"embeddable":true,"href":"https:\/\/edublog.educastur.es\/ixuxu\/wp-json\/wp\/v2\/comments?post=42171"}],"version-history":[{"count":4,"href":"https:\/\/edublog.educastur.es\/ixuxu\/wp-json\/wp\/v2\/posts\/42171\/revisions"}],"predecessor-version":[{"id":42175,"href":"https:\/\/edublog.educastur.es\/ixuxu\/wp-json\/wp\/v2\/posts\/42171\/revisions\/42175"}],"wp:attachment":[{"href":"https:\/\/edublog.educastur.es\/ixuxu\/wp-json\/wp\/v2\/media?parent=42171"}],"wp:term":[{"taxonomy":"category","embeddable":true,"href":"https:\/\/edublog.educastur.es\/ixuxu\/wp-json\/wp\/v2\/categories?post=42171"},{"taxonomy":"post_tag","embeddable":true,"href":"https:\/\/edublog.educastur.es\/ixuxu\/wp-json\/wp\/v2\/tags?post=42171"}],"curies":[{"name":"wp","href":"https:\/\/api.w.org\/{rel}","templated":true}]}}