{"id":42194,"date":"2025-02-18T18:02:08","date_gmt":"2025-02-18T16:02:08","guid":{"rendered":"https:\/\/edublog.educastur.es\/ixuxu\/?p=42194"},"modified":"2025-02-19T10:37:09","modified_gmt":"2025-02-19T08:37:09","slug":"cultura-va-celebrar-el-proximu-vienres-el-dia-de-la-llingua-materna","status":"publish","type":"post","link":"https:\/\/edublog.educastur.es\/ixuxu\/2025\/02\/cultura-va-celebrar-el-proximu-vienres-el-dia-de-la-llingua-materna\/","title":{"rendered":"Cultura va festexar esti vienres el D\u00eda de la Llingua Materna con una programaci\u00f3n especial per toa Asturies"},"content":{"rendered":"<p style=\"text-align: center\">\n<!-- iframe plugin v.6.0 wordpress.org\/plugins\/iframe\/ -->\n<iframe loading=\"lazy\" src=\"https:\/\/www.instagram.com\/reel\/DGOUO-Osn5o\/embed\" width=\"400\" height=\"500\" 0=\"\/iframe\" scrolling=\"yes\" class=\"iframe-class\" frameborder=\"0\"><\/iframe>\n<\/p>\n<p>Cultura va festexar esti vienres el D\u00eda de la Llingua Materna con una programaci\u00f3n especial per toa Asturies. La conmemoraci\u00f3n incl\u00fai espect\u00e1culos, poes\u00eda, cuentacuentos y recursos dixitales na plataforma Educastur.<\/p>\n<ul>\n<li><span style=\"color: #008080\">Fonte:<\/span> <a href=\"https:\/\/actualidad.asturias.es\/-\/cultura-celebrar\u00e1-el-pr\u00f3ximo-viernes-el-d\u00eda-de-la-llingua-materna-con-una-programaci\u00f3n-especial-por-toda-asturias-2?redirect=%2F\">Actualid\u00e1 Asturies<\/a> \/<a class=\"pdf\" title=\"NP D\u00eda de la Llingua Materna. Abre una nueva ventana\" href=\"https:\/\/actualidad.asturias.es\/documents\/533407\/0\/2025_02_18+Dia+Llingua+Materna+%283%29.pdf\/a50434e0-13c7-a97e-f629-dd4c8f6896c6?t=1739893702112\" target=\"_blank\" rel=\"noopener\">\u00a0NP D\u00eda de la Llingua Materna<\/a>\/\u00a0<a class=\"pdf\" title=\"Cartel D\u00eda Llingua Materna. Abre una nueva ventana\" href=\"https:\/\/actualidad.asturias.es\/documents\/533407\/0\/DI%CC%81A_LLINGUA_MATERNA_CARTEL_A3+%282%29.pdf\/3befb7af-f292-8673-581c-44cac9708996?t=1739893308695\" target=\"_blank\" rel=\"noopener\"> Cartel D\u00eda Llingua M.<\/a>\/\u00a0<a class=\"pdf\" title=\"Cartel D\u00eda Llingua Materna eonaviego. Abre una nueva ventana\" href=\"https:\/\/actualidad.asturias.es\/documents\/533407\/0\/DI%CC%81A_LLINGUA_MATERNA_CARTEL_A3_EONAVIEGO+%282%29.pdf\/e214d97e-52fe-d137-be94-79f82413a129?t=1739893324068\" target=\"_blank\" rel=\"noopener\"> Cartel eonaviego<\/a>\/\u00a0<a class=\"pdf\" title=\"Programa D\u00eda Llingua Materna. Abre una nueva ventana\" href=\"https:\/\/actualidad.asturias.es\/documents\/533407\/0\/DI%CC%81A_LLINGUA_MATERNA_PROGRAMA+%282%29.pdf\/1f94dec0-cc9e-88eb-9bdd-3b0433623149?t=1739893340829\" target=\"_blank\" rel=\"noopener\">\u00a0Programa D\u00eda Llingua Materna<\/a><\/li>\n<\/ul>\n<ul>\n<li class=\"Entradilla\"><strong>La conmemoraci\u00f3n incluye espect\u00e1culos, poes\u00eda, cuntacuentos y recursos dixitales na plataforma Educastur<\/strong><\/li>\n<li class=\"Entradilla\"><strong>El Princip\u00e1u entama actividaes dende Ribeseya hasta Tapia pa reforzar la normalizaci\u00f3n de les lling\u00fces propies<\/strong><\/li>\n<\/ul>\n<p><!--more--><\/p>\n<p>La Conseyer\u00eda de Cultura, Pol\u00edtica Lling\u00fc\u00edstica y Deporte va conmemorar el D\u00eda de la Llingua Materna, que se celebra esti vienres que vien, 21 de febreru, con un programa d\u2019actividaes ampliu que va desenvolvese per conceyos de tola xeograf\u00eda asturiana, dende Ribeseya hasta Tapia.<\/p>\n<p>El departamentu qu\u2019encabeza Vanessa Guti\u00e9rrez coordina esta iniciativa, que tami\u00e9n incluye eventos impulsaos pola Rede de Normalizaci\u00f3n Lling\u00fc\u00edstica y la Conseyer\u00eda d\u2019Educaci\u00f3n, y que tien por oxetu promover l\u2019usu y la conocencia del asturianu y del eonaviegu.<\/p>\n<p>L\u2019axenda incluye espect\u00e1culos teatrales, talleres, documentales, esposiciones y cuntacuentos dirix\u00edos a p\u00fablicu de toles edaes. Am\u00e1s, va reforzase la difusi\u00f3n de material did\u00e1ctico na plataforma Educastur pa fomentar el deprendimientu y l\u2019usu de les lling\u00fces propies d\u2019Asturies nel \u00e1mbitu educativu.<\/p>\n<p>La programaci\u00f3n incluye tami\u00e9n una ufierta variada d\u2019actividaes pal p\u00fablicu infantil, como cuntacuentos en centros educativos de dellos llugares y talleres creativos, como \u00fan de cianotipia nel conceyu de Cabranes.<\/p>\n<p>Dalgunes de les actividaes m\u00e1s destacaes son estes:<\/p>\n<ul>\n<li class=\"Tabulaciones1\">El 21 de febreru, a les 10:30 hores, el Teatru Toreno de Cangas del Narcea va acoyer la representaci\u00f3n de\u00a0<i>Calcetos<\/i>, un espect\u00e1culu con David Varela y Ana Mor\u00e1n. Am\u00e1s, na Casa la Cultura va presentase la campa\u00f1a\u00a0<i>Asina los chamamos eiqu\u00ed<\/i>, sobre los nomes aut\u00f3ctonos de la flora y fauna asturianes.<\/li>\n<li class=\"Tabulaciones1\">A les 12:00 hores, van publicase n\u2019Educastur recursos dixitales dise\u00f1aos pa toles etapes educatives.<\/li>\n<li class=\"Tabulaciones1\">Pela tarde, a les 18:30 hores, l\u2019Aten\u00e9u Obreru de Villaviciosa va ser l\u2019escenariu de la entrega del VIII Premiu de Rellatos Curtios\u00a0<i>Xos\u00e9 Caveda y Nava<\/i>.<\/li>\n<li class=\"Tabulaciones1\">El 22 de febreru, nel Auditoriu Municipal de Tapia, va proyectase\u2019l documental\u00a0<i>N\u00cdA (Nosoutras Ideamos Arte): Muyeres, tradici\u00f3n y novas ruralidades<\/i>, seguido d\u2019un concerto del tr\u00edo Toyemerendas, dambos n\u2019eonaviegu.<\/li>\n<li class=\"Tabulaciones1\">Los d\u00edes 23 y 24 va ponese la funci\u00f3n\u00a0<i>Formigues<\/i>, en llingua asturiana, d\u2019Elektra Fiktion, nel Teatru de la Llaboral de Xix\u00f3n.<\/li>\n<\/ul>\n<p><b>Cultura y tradici\u00f3n na programaci\u00f3n<\/b><\/p>\n<p>El D\u00eda de la Llingua Materna tami\u00e9n va cuntar con iniciatives pa poner en valor el patrimoniu cultural y art\u00edsticu. Nel Centru d\u2019Arte Tito Bustillo, en Ribeseya, va poder visitase hasta\u2019l 30 de marzu la esposici\u00f3n\u00a0<i>La imaxe, lo tapec\u00edo<\/i>, de Pablo Casanueva.<\/p>\n<p>Con esti programa, Cultura quier sorrayar el compromisu del Gobiernu d\u2019Asturies cola protecci\u00f3n y promoci\u00f3n de les lling\u00fces propies apostando pola so normalizaci\u00f3n nos \u00e1mbitos educativu, cultural y social.<\/p>\n<p style=\"text-align: center\"><a href=\"https:\/\/actualidad.asturias.es\/documents\/537115\/2388685\/llingua+materna.jpg\/68dfab78-a39c-2fd3-35c6-130887a17078?t=1739893376893\"><img loading=\"lazy\" decoding=\"async\" class=\"aligncenter \" src=\"https:\/\/actualidad.asturias.es\/documents\/537115\/2388685\/llingua+materna.jpg\/68dfab78-a39c-2fd3-35c6-130887a17078?t=1739893376893\" width=\"325\" height=\"459\" \/><\/a><\/p>\n","protected":false},"excerpt":{"rendered":"<p>Cultura va festexar esti vienres el D\u00eda de la Llingua Materna con una programaci\u00f3n especial per toa Asturies. La conmemoraci\u00f3n incl\u00fai espect\u00e1culos, poes\u00eda, cuentacuentos y recursos dixitales na plataforma Educastur. Fonte: Actualid\u00e1 Asturies \/\u00a0NP D\u00eda de la Llingua Materna\/\u00a0 Cartel D\u00eda Llingua M.\/\u00a0 Cartel eonaviego\/\u00a0\u00a0Programa D\u00eda Llingua Materna La conmemoraci\u00f3n incluye espect\u00e1culos, poes\u00eda, cuntacuentos y [&hellip;]<\/p>\n","protected":false},"author":117,"featured_media":0,"comment_status":"open","ping_status":"open","sticky":false,"template":"","format":"standard","meta":{"footnotes":""},"categories":[6,31],"tags":[],"class_list":["post-42194","post","type-post","status-publish","format-standard","hentry","category-dia-de","category-llingua"],"_links":{"self":[{"href":"https:\/\/edublog.educastur.es\/ixuxu\/wp-json\/wp\/v2\/posts\/42194","targetHints":{"allow":["GET"]}}],"collection":[{"href":"https:\/\/edublog.educastur.es\/ixuxu\/wp-json\/wp\/v2\/posts"}],"about":[{"href":"https:\/\/edublog.educastur.es\/ixuxu\/wp-json\/wp\/v2\/types\/post"}],"author":[{"embeddable":true,"href":"https:\/\/edublog.educastur.es\/ixuxu\/wp-json\/wp\/v2\/users\/117"}],"replies":[{"embeddable":true,"href":"https:\/\/edublog.educastur.es\/ixuxu\/wp-json\/wp\/v2\/comments?post=42194"}],"version-history":[{"count":8,"href":"https:\/\/edublog.educastur.es\/ixuxu\/wp-json\/wp\/v2\/posts\/42194\/revisions"}],"predecessor-version":[{"id":42243,"href":"https:\/\/edublog.educastur.es\/ixuxu\/wp-json\/wp\/v2\/posts\/42194\/revisions\/42243"}],"wp:attachment":[{"href":"https:\/\/edublog.educastur.es\/ixuxu\/wp-json\/wp\/v2\/media?parent=42194"}],"wp:term":[{"taxonomy":"category","embeddable":true,"href":"https:\/\/edublog.educastur.es\/ixuxu\/wp-json\/wp\/v2\/categories?post=42194"},{"taxonomy":"post_tag","embeddable":true,"href":"https:\/\/edublog.educastur.es\/ixuxu\/wp-json\/wp\/v2\/tags?post=42194"}],"curies":[{"name":"wp","href":"https:\/\/api.w.org\/{rel}","templated":true}]}}