{"id":42220,"date":"2025-02-19T11:00:01","date_gmt":"2025-02-19T09:00:01","guid":{"rendered":"https:\/\/edublog.educastur.es\/ixuxu\/?p=42220"},"modified":"2025-02-19T21:59:30","modified_gmt":"2025-02-19T19:59:30","slug":"anuariu-de-la-musica-asturiana-2024","status":"publish","type":"post","link":"https:\/\/edublog.educastur.es\/ixuxu\/2025\/02\/anuariu-de-la-musica-asturiana-2024\/","title":{"rendered":"\u00abAnuariu de la M\u00fasica Asturiana 2024\u00bb"},"content":{"rendered":"<div class=\"html-div xdj266r x11i5rnm xat24cr x1mh8g0r xexx8yu x4uap5 x18d9i69 xkhd6sd\" dir=\"auto\">\n<div class=\"html-div xdj266r x11i5rnm xat24cr x1mh8g0r xexx8yu x4uap5 x18d9i69 xkhd6sd\" dir=\"auto\">\n<div class=\"html-div xdj266r x11i5rnm xat24cr x1mh8g0r xexx8yu x4uap5 x18d9i69 xkhd6sd\" data-ad-rendering-role=\"story_message\">\n<div class=\"x1l90r2v x1iorvi4 x1ye3gou xn6708d\" data-ad-comet-preview=\"message\" data-ad-preview=\"message\">\n<div class=\"x78zum5 xdt5ytf xz62fqu x16ldp7u\">\n<div class=\"xu06os2 x1ok221b\">\n<div class=\"xdj266r x11i5rnm xat24cr x1mh8g0r x1vvkbs x126k92a\">\n<ul>\n<li dir=\"auto\">Descarga (PDF): <span class=\"html-span xdj266r x11i5rnm xat24cr x1mh8g0r xexx8yu x4uap5 x18d9i69 xkhd6sd x1hl2dhg x16tdsg8 x1vvkbs\"><a class=\"x1i10hfl xjbqb8w x1ejq31n xd10rxx x1sy0etr x17r0tee x972fbf xcfux6l x1qhh985 xm0m39n x9f619 x1ypdohk xt0psk2 xe8uvvx xdj266r x11i5rnm xat24cr x1mh8g0r xexx8yu x4uap5 x18d9i69 xkhd6sd x16tdsg8 x1hl2dhg xggy1nq x1a2a7pz x1sur9pj xkrqix3 x1fey0fg x1s688f\" role=\"link\" href=\"https:\/\/l.facebook.com\/l.php?u=https%3A%2F%2Facortar.link%2F0PYVDw%3Ffbclid%3DIwZXh0bgNhZW0CMTAAAR31_OUBP2U09s8KhbJCfFoiYNX9ILnCg7NW2Hfjsi9ZOXodFEwTdDqaJ_M_aem_-IiIVmNe5lhXrA7i5Z3YWg&amp;h=AT0BioCekZ0s3bWHkpYVeSG2srfagFDfmDkJi-EC6jldNt0PFcwpHEhu38EV5d1ZvUis8ZDah_rJPvpF35rHHe4i9MbG6IlcjWhZlPS6Azg961jvbhpF_pIB9lt1JQn3-g&amp;__tn__=-UK-y-R&amp;c[0]=AT1ZyEDHp127VMMChX1an1cJzQw7-GU-x5SPPjw_c0RuDnhYPFnY4gPte4jEf1k1cN4-LixEWSKqIMwsZBl7TDuFpiK0bEgbVbZ8tGilI8biL0LesCbmx1dRcNWWjrbhwwl1CtpEFLvnXVB1iKK04_hXHYTvlnmTJNtIC7yi2snW0Gicgxj9vqjZfEx3imyuhFc-ILQStFrO6fOzTF3-2TpS-gaoAEaRvRZcgUbuYR-zh9h9Uw\" target=\"_blank\" rel=\"nofollow noopener noreferrer\">https:\/\/acortar.link\/0PYVDw<\/a><\/span><\/li>\n<li dir=\"auto\">\n<div class=\"wp-block-file\" data-wp-interactive=\"core\/file\"><a id=\"wp-block-file--media-193fb181-869c-4c09-9e2d-c51a4512da73\" href=\"https:\/\/musicasturiana.com\/wp-content\/uploads\/2025\/02\/Anuariu-de-la-Musica-Asturiana-2024-br.pdf\" target=\"_blank\" rel=\"noreferrer noopener\">Anuariu-de-la-M\u00fasica-Asturiana-2024-br<\/a><\/div>\n<\/li>\n<li dir=\"auto\">Fonte:<span class=\"x193iq5w xeuugli x13faqbe x1vvkbs x1xmvt09 x1f6kntn xvq8zen xo1l8bm xi81zsa\"><span class=\"xt0psk2\"><span class=\"xjp7ctv\"><a class=\"x1i10hfl xjbqb8w x1ejq31n xd10rxx x1sy0etr x17r0tee x972fbf xcfux6l x1qhh985 xm0m39n x9f619 x1ypdohk xt0psk2 xe8uvvx xdj266r x11i5rnm xat24cr x1mh8g0r xexx8yu x4uap5 x18d9i69 xkhd6sd x16tdsg8 x1hl2dhg xggy1nq x1a2a7pz x1sur9pj xkrqix3 xzsf02u x1s688f\" role=\"link\" href=\"https:\/\/www.facebook.com\/belenosfundacion?__cft__[0]=AZXuPnUFxygxv68M1zVkUEmwbJDVGSEGbO-tO8CpEnNQFMV7aQAP9L_gcADtob0a90UP2Yz8dZHnRw841iunT8oH4EYld5afytZ3BiPw9THIgsxhLjLKUXcASfkTwQeEt_QET-uSB9o_ZyTJ7GBhn3rri8qlyqI9VS2OdkdcI60aRX4Oj6FlPn-4fIZf_jRTGEHojsDycXd7JcaQMoSMvTa7h5XSTawr41IGkBB0MiawcQ&amp;__tn__=-UC*F\" aria-describedby=\":r1i0:\">Fundaci\u00f3n Belenos<\/a><\/span><\/span><\/span>\/ <a href=\"https:\/\/musicasturiana.com\/ya-ta-na-cai-lanuariu-de-la-musica-asturiana-2024\/\">Musicasturiana.com<\/a> \/<\/li>\n<\/ul>\n<p style=\"text-align: center\"><a href=\"https:\/\/musicasturiana.com\/wp-content\/uploads\/2025\/02\/anuariu-2024-publicacion.jpg\"><img loading=\"lazy\" decoding=\"async\" class=\"aligncenter size-large\" src=\"https:\/\/musicasturiana.com\/wp-content\/uploads\/2025\/02\/anuariu-2024-publicacion.jpg\" width=\"1200\" height=\"600\" \/><\/a><\/p>\n<p>Otru a\u00f1u m\u00e1s -y y\u00e1 van 25- l\u2019<strong><a href=\"https:\/\/musicasturiana.com\/archivu\/hemeroteca\/\">Anuariu de la M\u00fasica Asturiana<\/a><\/strong> vuelve a asoleyar en formatu f\u00edsicu y <a href=\"https:\/\/musicasturiana.com\/wp-content\/uploads\/2025\/02\/Anuariu-de-la-Musica-Asturiana-2024-br.pdf\" target=\"_blank\" rel=\"noreferrer noopener\">dixital<\/a>. Esta publicaci\u00f3n ye tou un referente de la <strong>escena sonora del pa\u00eds<\/strong>, prueba de la so vitalid\u00e1, dinamismu y diversid\u00e1.<\/p>\n<p><!--more--><\/p>\n<p>Ye portavoz de los sos llogros y carencies, de la so problem\u00e1tica y situaci\u00f3n. Al cumplise\u2019l <strong>XXV Aniversariu<\/strong> Goxe Producciones quixo \u00abconmemoralu con un volume especial, con mayor paxinaci\u00f3n, conten\u00edos y calid\u00e1, lo que sup\u00f3n un esfuerciu econ\u00f3micu bultable\u00bb. Am\u00e1s sorrayen que \u00abla <strong>distribuci\u00f3n gratuita<\/strong> ye\u2019l oxetivu\u00bb y pa ello \u00f3ptase \u00abpor una financiaci\u00f3n basada na publicid\u00e1, polo que son los propios anunciantes quien faen posible la pervivencia y ameyoramientu d\u2019un proyectu como esti\u00bb.<\/p>\n<p>L\u2019<a href=\"https:\/\/musicasturiana.com\/wp-content\/uploads\/2025\/02\/Anuariu-de-la-Musica-Asturiana-2024-br.pdf\" target=\"_blank\" rel=\"noreferrer noopener\">Anuariu de la M\u00fasica Asturiana 2024<\/a> fai un repasu fondu a lo que dio de s\u00ed\u2019l pas\u00e1u a\u00f1u. Como de costume, les tem\u00e1tiques c\u00e9ntrense n\u2019estilos como <strong>la m\u00fasica tradicional, el folk, el rock o la canci\u00f3n d\u2019autor<\/strong>, con secciones qu\u2019incl\u00fain <strong>reportaxes, informes, entrevistes, cr\u00edtiques, opini\u00f3n, recoyida de material o anuncies<\/strong>. L\u2019Entamu, nesta ocasi\u00f3n, tit\u00falase <strong>\u00abLa fortaleza de la m\u00fasica asturiana\u00bb<\/strong> y n\u00e9l faise una retrospectiva de lo que foron pa la m\u00fasica asturiana estes dos \u00faltimes d\u00e9cades.<\/p>\n<p>L\u2019Anuariu z\u00e1rrase, como siempre, cola secci\u00f3n \u00abCollecha\u00bb, onde apaecen les <strong>producciones musicales y bibliogr\u00e1fiques del 2024<\/strong>. El volume complem\u00e9ntase con un <strong>discu<\/strong> nel que se recueyen muestres de lo meyor qu\u2019ufiert\u00f3 l\u2019a\u00f1u, con diecinueve cortes repart\u00edos n\u2019estilos como\u2019l folk, el rock, el reggae o la electr\u00f3nica, con artistes y grupos como Rub\u00e9n Alba, Guieldu, Bele\u00f1o, Herbamora, Llev\u00f3lu\u2019l Sumiciu, Fruela 757, Melandru o La Tarrancha.<\/p>\n<\/div>\n<div class=\"x11i5rnm xat24cr x1mh8g0r x1vvkbs xtlvy1s x126k92a\">\n<div dir=\"auto\">Goxe Producciones ta acabante d&#8217;asoleyar el<span style=\"color: #008080\"><strong> \u00abAnuariu de la M\u00fasica Asturiana 2024\u00bb<\/strong><\/span> y nesta ocasi\u00f3n &#8211;mui especial porque con esti n\u00famberu la publicaci\u00f3n cumple venticinco a\u00f1os&#8211; recueye les collaboraciones de tr\u00e9s miembros de la Fundaci\u00f3n Belenos: <strong>Berto Pe\u00f1a<\/strong> apurre material nuevu recoy\u00edu de la tradici\u00f3n oral con \u00abEl romance de la lloba parda\u00bb; <strong>Ignaciu Llope<\/strong> fala de la Noite Celta de Porc\u00eda, por mor del so 40 aniversariu, en \u00abLos or\u00edxenes d&#8217;una identid\u00e1 m\u00e1s all\u00e1 de la m\u00fasica\u00bb y <strong>Daniel Cueli<\/strong> escribe \u00abCantar del 2024: ente la tristura y l&#8217;allegr\u00eda\u00bb, cr\u00f3nica empobinada a la m\u00fasica celta. L&#8217;anuariu y\u00e1 ta disponible en formatu dixital y estos d\u00edes ta distribuy\u00e9ndose f\u00edsicamente pelos establecimientos collaboradores.<\/div>\n<div dir=\"auto\" style=\"text-align: center\">\n<!-- iframe plugin v.6.0 wordpress.org\/plugins\/iframe\/ -->\n<iframe loading=\"lazy\" src=\"https:\/\/www.facebook.com\/plugins\/post.php?href=https%3A%2F%2Fwww.facebook.com%2Fbelenosfundacion%2Fposts%2Fpfbid02pWmvjWuv4PV6o1rZuC7XFsB19h8qT7RkUuWge6ZJ2s1YiuNC5LGn6jXrUjyz8okLl&#038;show_text=false&#038;width=500\" width=\"500\" height=\"497\" style=\"border:none;overflow:hidden\" scrolling=\"no\" frameborder=\"0\" allowfullscreen=\"true\" allow=\"autoplay; clipboard-write; encrypted-media; picture-in-picture; web-share\" 0=\"\/iframe\" class=\"iframe-class\"><\/iframe>\n<\/div>\n<div dir=\"auto\"><\/div>\n<\/div>\n<div class=\"x11i5rnm xat24cr x1mh8g0r x1vvkbs xtlvy1s x126k92a\">\n<div dir=\"auto\"><\/div>\n<\/div>\n<\/div>\n<\/div>\n<\/div>\n<\/div>\n<\/div>\n<\/div>\n<p>&nbsp;<\/p>\n","protected":false},"excerpt":{"rendered":"<p>Descarga (PDF): https:\/\/acortar.link\/0PYVDw Anuariu-de-la-M\u00fasica-Asturiana-2024-br Fonte:Fundaci\u00f3n Belenos\/ Musicasturiana.com \/ Otru a\u00f1u m\u00e1s -y y\u00e1 van 25- l\u2019Anuariu de la M\u00fasica Asturiana vuelve a asoleyar en formatu f\u00edsicu y dixital. Esta publicaci\u00f3n ye tou un referente de la escena sonora del pa\u00eds, prueba de la so vitalid\u00e1, dinamismu y diversid\u00e1.<\/p>\n","protected":false},"author":117,"featured_media":0,"comment_status":"open","ping_status":"open","sticky":false,"template":"","format":"standard","meta":{"footnotes":""},"categories":[35],"tags":[],"class_list":["post-42220","post","type-post","status-publish","format-standard","hentry","category-musica"],"_links":{"self":[{"href":"https:\/\/edublog.educastur.es\/ixuxu\/wp-json\/wp\/v2\/posts\/42220","targetHints":{"allow":["GET"]}}],"collection":[{"href":"https:\/\/edublog.educastur.es\/ixuxu\/wp-json\/wp\/v2\/posts"}],"about":[{"href":"https:\/\/edublog.educastur.es\/ixuxu\/wp-json\/wp\/v2\/types\/post"}],"author":[{"embeddable":true,"href":"https:\/\/edublog.educastur.es\/ixuxu\/wp-json\/wp\/v2\/users\/117"}],"replies":[{"embeddable":true,"href":"https:\/\/edublog.educastur.es\/ixuxu\/wp-json\/wp\/v2\/comments?post=42220"}],"version-history":[{"count":6,"href":"https:\/\/edublog.educastur.es\/ixuxu\/wp-json\/wp\/v2\/posts\/42220\/revisions"}],"predecessor-version":[{"id":42305,"href":"https:\/\/edublog.educastur.es\/ixuxu\/wp-json\/wp\/v2\/posts\/42220\/revisions\/42305"}],"wp:attachment":[{"href":"https:\/\/edublog.educastur.es\/ixuxu\/wp-json\/wp\/v2\/media?parent=42220"}],"wp:term":[{"taxonomy":"category","embeddable":true,"href":"https:\/\/edublog.educastur.es\/ixuxu\/wp-json\/wp\/v2\/categories?post=42220"},{"taxonomy":"post_tag","embeddable":true,"href":"https:\/\/edublog.educastur.es\/ixuxu\/wp-json\/wp\/v2\/tags?post=42220"}],"curies":[{"name":"wp","href":"https:\/\/api.w.org\/{rel}","templated":true}]}}