{"id":42246,"date":"2025-02-19T10:50:42","date_gmt":"2025-02-19T08:50:42","guid":{"rendered":"https:\/\/edublog.educastur.es\/ixuxu\/?p=42246"},"modified":"2025-02-19T10:58:49","modified_gmt":"2025-02-19T08:58:49","slug":"42246","status":"publish","type":"post","link":"https:\/\/edublog.educastur.es\/ixuxu\/2025\/02\/42246\/","title":{"rendered":"Alonso, a lo James Bond, na presentaci\u00f3n de la temporada de la F1"},"content":{"rendered":"<ul>\n<li><a href=\"https:\/\/x.com\/i\/status\/1891958975068799084\">Videu presentaci\u00f3n<\/a> \/<a href=\"https:\/\/x.com\/i\/status\/1891995131902890480\"> presentaci\u00f3n<\/a> \/<a href=\"https:\/\/x.com\/i\/status\/1891957470555189694\"> videu coche<\/a> \/\u00a0 Fonte: <a href=\"https:\/\/www.lne.es\/deportes\/2025\/02\/18\/hamilton-alonso-deslumbran-historico-show-114449476.html\">LNE<\/a> \/ <span class=\"r-18u37iz\"><a class=\"css-1jxf684 r-bcqeeo r-1ttztb7 r-qvutc0 r-poiln3 r-1loqt21\" dir=\"ltr\" role=\"link\" href=\"https:\/\/x.com\/hashtag\/F175LIVE?src=hashtag_click\">#F175LIVE<\/a><\/span>\n<div class=\"css-175oi2r r-xoduu5\"><span class=\"r-18u37iz\"><a class=\"css-1jxf684 r-bcqeeo r-1ttztb7 r-qvutc0 r-poiln3 r-1loqt21\" dir=\"ltr\" role=\"link\" href=\"https:\/\/x.com\/AstonMartinF1\">@AstonMartinF1<\/a><\/span><\/div>\n<\/li>\n<\/ul>\n<p>El meyor show, a ritmu de James Bond y la cantante Teem, correspondi\u00f3 a Aston Martin. <span style=\"color: #008080\"><strong><em>\u201cDifruten del restu de la nueche porque esti ye&#8217;l coche m\u00e1s guapu que van ver\u201d<\/em><\/strong><\/span> llanz\u00f3 l&#8217;asturianu Fernando Alonso, ensin dulda uno de los grandes protagonistes de la velada.<\/p>\n<p style=\"text-align: center\"><a href=\"https:\/\/estaticos-cdn.prensaiberica.es\/clip\/9e9c9ce9-4e1c-44e6-9561-13e8e5662684_source-aspect-ratio_default_0.webp\"><img loading=\"lazy\" decoding=\"async\" class=\"aligncenter \" src=\"https:\/\/estaticos-cdn.prensaiberica.es\/clip\/9e9c9ce9-4e1c-44e6-9561-13e8e5662684_source-aspect-ratio_default_0.webp\" width=\"649\" height=\"429\" \/><\/a><!--more--><\/p>\n<p><strong>Ganes d&#8217;arrincar.\u00a0<\/strong><em>\u201cEstrenar cada nueva temporada implica muncha emoci\u00f3n, dempu\u00e9s de munches hores de trabayu de too el mundu nel equipu y con munches esperances nesa nueva m\u00e1quina. Ye siempres escitante&#8217;l primer d\u00eda de para toos nun llargu campeonatu\u201d,<\/em> dixo Fernando Alonso, el pilotu m\u00e1s veteranu de la parrilla a les sos 43 a\u00f1os.<\/p>\n<p style=\"text-align: center\"><a href=\"https:\/\/pbs.twimg.com\/media\/GkG_bUZWAAAqCsG?format=jpg&amp;name=large\"><img loading=\"lazy\" decoding=\"async\" class=\"aligncenter size-large\" src=\"https:\/\/pbs.twimg.com\/media\/GkG_bUZWAAAqCsG?format=jpg&amp;name=large\" width=\"2048\" height=\"1366\" \/><\/a><\/p>\n<p>Dempu\u00e9s d&#8217;un complic\u00e1u 2024 con Aston Martin, <strong>el bicampe\u00f3n asturianu<\/strong> encara&#8217;l so 22\u00aa cursu na F1 con ilusiones anovaes. La fonda reetructuraci\u00f3n de la c\u00fapula del equipu, les flamantes instalaciones d&#8217;\u00faltima xeneraci\u00f3n en Silverstone, cuantim\u00e1s el nuevu t\u00fanel de vientu, y sobremanera, la incorporaci\u00f3n d&#8217;Adrian Newey, el dise\u00f1ador m\u00e1s cotiz\u00e1u de la categor\u00eda, son alicientes a los qu&#8217;Alonso s&#8217;enferrona con engan\u00eda por volver sentise competitivu.<\/p>\n<p style=\"text-align: center\"><a href=\"https:\/\/pbs.twimg.com\/media\/GkG_bUWXIAA3KR0?format=jpg&amp;name=large\"><img loading=\"lazy\" decoding=\"async\" class=\"aligncenter size-large\" src=\"https:\/\/pbs.twimg.com\/media\/GkG_bUWXIAA3KR0?format=jpg&amp;name=large\" width=\"2048\" height=\"1366\" \/><\/a><\/p>\n<p style=\"text-align: center\"><a href=\"https:\/\/pbs.twimg.com\/media\/GkGRpRiXQAAgbrc?format=jpg&amp;name=4096x4096\"><img loading=\"lazy\" decoding=\"async\" class=\"aligncenter size-large\" src=\"https:\/\/pbs.twimg.com\/media\/GkGRpRiXQAAgbrc?format=jpg&amp;name=4096x4096\" width=\"4096\" height=\"4096\" \/><\/a><\/p>\n<p style=\"text-align: center\"><strong>Minutu 1:11:30<\/strong><br \/>\n\n<!-- iframe plugin v.6.0 wordpress.org\/plugins\/iframe\/ -->\n<iframe loading=\"lazy\" width=\"640\" height=\"360\" src=\"https:\/\/www.youtube.com\/embed\/WzR7YEgyeMc\" title=\"Join us for F1\u00ae 75 Live | AMR25 Livery Reveal\" frameborder=\"0\" allow=\"accelerometer; autoplay; clipboard-write; encrypted-media; gyroscope; picture-in-picture; web-share\" referrerpolicy=\"strict-origin-when-cross-origin\" 0=\"allowfullscreen\" 1=\"\/iframe\" scrolling=\"yes\" class=\"iframe-class\"><\/iframe>\n<\/p>\n","protected":false},"excerpt":{"rendered":"<p>Videu presentaci\u00f3n \/ presentaci\u00f3n \/ videu coche \/\u00a0 Fonte: LNE \/ #F175LIVE @AstonMartinF1 El meyor show, a ritmu de James Bond y la cantante Teem, correspondi\u00f3 a Aston Martin. \u201cDifruten del restu de la nueche porque esti ye&#8217;l coche m\u00e1s guapu que van ver\u201d llanz\u00f3 l&#8217;asturianu Fernando Alonso, ensin dulda uno de los grandes protagonistes [&hellip;]<\/p>\n","protected":false},"author":117,"featured_media":0,"comment_status":"open","ping_status":"open","sticky":false,"template":"","format":"standard","meta":{"footnotes":""},"categories":[133],"tags":[],"class_list":["post-42246","post","type-post","status-publish","format-standard","hentry","category-deportes"],"_links":{"self":[{"href":"https:\/\/edublog.educastur.es\/ixuxu\/wp-json\/wp\/v2\/posts\/42246","targetHints":{"allow":["GET"]}}],"collection":[{"href":"https:\/\/edublog.educastur.es\/ixuxu\/wp-json\/wp\/v2\/posts"}],"about":[{"href":"https:\/\/edublog.educastur.es\/ixuxu\/wp-json\/wp\/v2\/types\/post"}],"author":[{"embeddable":true,"href":"https:\/\/edublog.educastur.es\/ixuxu\/wp-json\/wp\/v2\/users\/117"}],"replies":[{"embeddable":true,"href":"https:\/\/edublog.educastur.es\/ixuxu\/wp-json\/wp\/v2\/comments?post=42246"}],"version-history":[{"count":12,"href":"https:\/\/edublog.educastur.es\/ixuxu\/wp-json\/wp\/v2\/posts\/42246\/revisions"}],"predecessor-version":[{"id":42258,"href":"https:\/\/edublog.educastur.es\/ixuxu\/wp-json\/wp\/v2\/posts\/42246\/revisions\/42258"}],"wp:attachment":[{"href":"https:\/\/edublog.educastur.es\/ixuxu\/wp-json\/wp\/v2\/media?parent=42246"}],"wp:term":[{"taxonomy":"category","embeddable":true,"href":"https:\/\/edublog.educastur.es\/ixuxu\/wp-json\/wp\/v2\/categories?post=42246"},{"taxonomy":"post_tag","embeddable":true,"href":"https:\/\/edublog.educastur.es\/ixuxu\/wp-json\/wp\/v2\/tags?post=42246"}],"curies":[{"name":"wp","href":"https:\/\/api.w.org\/{rel}","templated":true}]}}