{"id":42265,"date":"2025-02-19T09:00:44","date_gmt":"2025-02-19T07:00:44","guid":{"rendered":"https:\/\/edublog.educastur.es\/ixuxu\/?p=42265"},"modified":"2025-02-21T12:27:13","modified_gmt":"2025-02-21T10:27:13","slug":"dia-internacional-contra-la-homofobia-en-el-futbol-19-de-febrero-de-2025","status":"publish","type":"post","link":"https:\/\/edublog.educastur.es\/ixuxu\/2025\/02\/dia-internacional-contra-la-homofobia-en-el-futbol-19-de-febrero-de-2025\/","title":{"rendered":"D\u00eda Internacional Contra la LGTBIfobia nel F\u00fatbol"},"content":{"rendered":"<ul>\n<li class=\"titComp\"><a href=\"https:\/\/www.diainternacionalde.com\/ficha\/dia-internacional-homofobia-futbol\">D\u00eda de<\/a>\u00a0 \/\u00a0 <span class=\"r-18u37iz\"><a class=\"css-1jxf684 r-bcqeeo r-1ttztb7 r-qvutc0 r-poiln3 r-1loqt21\" dir=\"ltr\" role=\"link\" href=\"https:\/\/x.com\/hashtag\/JuegoConOrgullo?src=hashtag_click\">#JuegoConOrgullo<\/a><\/span><span class=\"css-1jxf684 r-bcqeeo r-1ttztb7 r-qvutc0 r-poiln3\"> nel <\/span><span class=\"r-18u37iz\"><a class=\"css-1jxf684 r-bcqeeo r-1ttztb7 r-qvutc0 r-poiln3 r-1loqt21\" dir=\"ltr\" role=\"link\" href=\"https:\/\/x.com\/hashtag\/F\u00fatbol?src=hashtag_click\">#F\u00fatbol<\/a><\/span><span class=\"css-1jxf684 r-bcqeeo r-1ttztb7 r-qvutc0 r-poiln3\"> \/ <a href=\"https:\/\/pbs.twimg.com\/media\/Eumdn7jXcAEq8Os?format=jpg&amp;name=large\">cartelu<\/a> \/<\/span><\/li>\n<li><a href=\"https:\/\/www.stonewall.org.uk\/get-involved\/support-us\/rainbow-laces\">Campa\u00f1a <strong>Rainbow Laces<\/strong>, promovida pola organizaci\u00f3n Stonewall, que busca visibilizar la diversid\u00e1 sexual nel deporte.<\/a><\/li>\n<\/ul>\n<p>Cel\u00e9brase esta efem\u00e9ride, para&#8217;l fin de la discriminaci\u00f3n por razones hom\u00f3fobes nel f\u00fatbol, y nel deporte polo xeneral, una xornada para reivindicar la diversid\u00e1 afeutiva, sexual y de x\u00e9neru nel mundu deportivu. <span class=\"x193iq5w xeuugli x1fj9vlw x13faqbe x1vvkbs xt0psk2 x1i0vuye xvs91rp xo1l8bm x5n08af x10wh9bi x1wdrske x8viiok x18hxmgj\">\ud83c\udff3\ufe0f\u200d\ud83c\udf08\u00a1Por un deporte respetuosu, diversu e inclusivu! \ud83c\udf08\u00a1Por un deporte llibre de violencia, discriminaci\u00f3n y LGTBIfobia!<\/span><\/p>\n<p style=\"text-align: center\">\n<!-- iframe plugin v.6.0 wordpress.org\/plugins\/iframe\/ -->\n<iframe loading=\"lazy\" src=\"https:\/\/www.instagram.com\/reel\/DGP6tLiqqQG\/embed\" width=\"640\" height=\"400\" 0=\"\/iframe\" scrolling=\"yes\" class=\"iframe-class\" frameborder=\"0\"><\/iframe>\n<\/p>\n<p><!--more--><\/p>\n<p style=\"text-align: center\"><a href=\"https:\/\/www.estrelladigital.es\/wp-content\/uploads\/2025\/02\/DALL%C2%B7E-2025-02-19-09.56.54-A-panoramic-view-of-a-football-stadium-illuminated-with-rainbow-colored-lights-to-represent-LGBTQ-inclusion-in-sports.-The-stadium-is-empty-with-ban.jpg.webp\"><img loading=\"lazy\" decoding=\"async\" class=\"aligncenter size-large\" src=\"https:\/\/www.estrelladigital.es\/wp-content\/uploads\/2025\/02\/DALL%C2%B7E-2025-02-19-09.56.54-A-panoramic-view-of-a-football-stadium-illuminated-with-rainbow-colored-lights-to-represent-LGBTQ-inclusion-in-sports.-The-stadium-is-empty-with-ban.jpg.webp\" width=\"1200\" height=\"800\" \/><\/a><\/p>\n<p><strong>Cuando&#8217;l mayor rival ye la discriminaci\u00f3n&#8230;<\/strong> A pesar de les meyores sociales, el f\u00fatbol sigue siendo un terr\u00e9n dif\u00edcil para la diversid\u00e1, con casos d&#8217;insultos nos estadios, insultos y el mieu de munchos futbolistes a salir del armariu.<\/p>\n<p>&nbsp;<\/p>\n<p>El 19 de febreru ye&#8217;l<strong> D\u00eda Internacional Contra la Homofobia nel F\u00fatbol,<\/strong> n&#8217;homenaxe a la nacencia de Justin Fashanu el primer futbolista d&#8217;\u00e9lite en reconocer p\u00fablicamente la so homosexualid\u00e1.<\/p>\n<p>Foi en 1990 y dempu\u00e9s d&#8217;esa revelaci\u00f3n, Fashanu foi espuls\u00e1u del equipu y oxetu de burlla por dalgunos de los sos compa\u00f1eros. A\u00f1os dempu\u00e9s y tres una acusaci\u00f3n falsa de violaci\u00f3n, el xugador entr\u00f3 n&#8217;una fonda depresi\u00f3n y suicid\u00f3se en 1998.<\/p>\n<p>Por que fechos como estos nun se vuelvan repitir, cel\u00e9brase esta efem\u00e9ride, para&#8217;l fin de la discriminaci\u00f3n por razones hom\u00f3fobes nel f\u00fatbol, y nel deporte polo xeneral.<\/p>\n<p style=\"text-align: center\"><a href=\"https:\/\/pbs.twimg.com\/media\/Eumdn7jXcAEq8Os?format=jpg&amp;name=large\"><img loading=\"lazy\" decoding=\"async\" class=\"aligncenter \" src=\"https:\/\/pbs.twimg.com\/media\/Eumdn7jXcAEq8Os?format=jpg&amp;name=large\" width=\"583\" height=\"850\" \/><\/a><\/p>\n<div class=\"fecha\">\n<p>Afortunadamente, nos \u00faltimos a\u00f1os surdieron iniciatives que busquen erradicar la homofobia nel f\u00fatbol. La Premier League inglesa foi pionera cola campa\u00f1a<strong> \u00abRainbow Laces\u00ab, promovida pola organizaci\u00f3n Stonewall, que busca visibilizar la diversid\u00e1 sexual nel deporte.<\/strong> Xugadores, clubes y aficionaos s\u00famense a esta causa lluciendo gordones de colores nes sos botes y realizando xestos de sofitu.<\/p>\n<p style=\"text-align: center\"><a href=\"https:\/\/img.stonewall.org.uk\/production\/images\/Untitled-design-2024-08-18T095759.913.png?w=900&amp;h=500&amp;auto=compress%2Cformat&amp;fit=crop&amp;dm=1726693266&amp;s=dec92a068c2c8d3b7244cac86fc94664\"><img loading=\"lazy\" decoding=\"async\" class=\"aligncenter size-large\" src=\"https:\/\/img.stonewall.org.uk\/production\/images\/Untitled-design-2024-08-18T095759.913.png?w=900&amp;h=500&amp;auto=compress%2Cformat&amp;fit=crop&amp;dm=1726693266&amp;s=dec92a068c2c8d3b7244cac86fc94664\" width=\"900\" height=\"500\" \/><\/a><\/p>\n<p>N&#8217;Espa\u00f1a, LaLiga implement\u00f3 programes educativos para fomentar el respetu y l&#8217;inclusi\u00f3n nel f\u00fatbol base. Sicas\u00ed, la falta de campa\u00f1es m\u00e1s contundentes na \u00e9lite del f\u00fatbol espa\u00f1ol sigue siendo una asignatura pendiente.<\/p>\n<p style=\"text-align: center\">\n<!-- iframe plugin v.6.0 wordpress.org\/plugins\/iframe\/ -->\n<iframe loading=\"lazy\" src=\"https:\/\/www.instagram.com\/reel\/DGQNHaOMY1l\/embed\" width=\"400\" height=\"500\" 0=\"\/iframe\" scrolling=\"yes\" class=\"iframe-class\" frameborder=\"0\"><\/iframe>\n<\/p>\n<\/div>\n","protected":false},"excerpt":{"rendered":"<p>D\u00eda de\u00a0 \/\u00a0 #JuegoConOrgullo nel #F\u00fatbol \/ cartelu \/ Campa\u00f1a Rainbow Laces, promovida pola organizaci\u00f3n Stonewall, que busca visibilizar la diversid\u00e1 sexual nel deporte. Cel\u00e9brase esta efem\u00e9ride, para&#8217;l fin de la discriminaci\u00f3n por razones hom\u00f3fobes nel f\u00fatbol, y nel deporte polo xeneral, una xornada para reivindicar la diversid\u00e1 afeutiva, sexual y de x\u00e9neru nel mundu [&hellip;]<\/p>\n","protected":false},"author":117,"featured_media":0,"comment_status":"open","ping_status":"open","sticky":false,"template":"","format":"standard","meta":{"footnotes":""},"categories":[133,6,301],"tags":[],"class_list":["post-42265","post","type-post","status-publish","format-standard","hentry","category-deportes","category-dia-de","category-lgbtiq"],"_links":{"self":[{"href":"https:\/\/edublog.educastur.es\/ixuxu\/wp-json\/wp\/v2\/posts\/42265","targetHints":{"allow":["GET"]}}],"collection":[{"href":"https:\/\/edublog.educastur.es\/ixuxu\/wp-json\/wp\/v2\/posts"}],"about":[{"href":"https:\/\/edublog.educastur.es\/ixuxu\/wp-json\/wp\/v2\/types\/post"}],"author":[{"embeddable":true,"href":"https:\/\/edublog.educastur.es\/ixuxu\/wp-json\/wp\/v2\/users\/117"}],"replies":[{"embeddable":true,"href":"https:\/\/edublog.educastur.es\/ixuxu\/wp-json\/wp\/v2\/comments?post=42265"}],"version-history":[{"count":10,"href":"https:\/\/edublog.educastur.es\/ixuxu\/wp-json\/wp\/v2\/posts\/42265\/revisions"}],"predecessor-version":[{"id":42267,"href":"https:\/\/edublog.educastur.es\/ixuxu\/wp-json\/wp\/v2\/posts\/42265\/revisions\/42267"}],"wp:attachment":[{"href":"https:\/\/edublog.educastur.es\/ixuxu\/wp-json\/wp\/v2\/media?parent=42265"}],"wp:term":[{"taxonomy":"category","embeddable":true,"href":"https:\/\/edublog.educastur.es\/ixuxu\/wp-json\/wp\/v2\/categories?post=42265"},{"taxonomy":"post_tag","embeddable":true,"href":"https:\/\/edublog.educastur.es\/ixuxu\/wp-json\/wp\/v2\/tags?post=42265"}],"curies":[{"name":"wp","href":"https:\/\/api.w.org\/{rel}","templated":true}]}}