{"id":42316,"date":"2025-02-20T11:22:47","date_gmt":"2025-02-20T09:22:47","guid":{"rendered":"https:\/\/edublog.educastur.es\/ixuxu\/?p=42316"},"modified":"2025-03-15T12:49:43","modified_gmt":"2025-03-15T10:49:43","slug":"aprobose-incluyir-la-musica-tradicional-asturiana-nos-curriculos-educativos","status":"publish","type":"post","link":"https:\/\/edublog.educastur.es\/ixuxu\/2025\/02\/aprobose-incluyir-la-musica-tradicional-asturiana-nos-curriculos-educativos\/","title":{"rendered":"Aprob\u00f3se incluyir la m\u00fasica tradicional asturiana nos curr\u00edculos educativos"},"content":{"rendered":"<p style=\"text-align: center\">\n<!-- iframe plugin v.6.0 wordpress.org\/plugins\/iframe\/ -->\n<iframe loading=\"lazy\" src=\"https:\/\/www.instagram.com\/reel\/DGQntu6RCsC\/embed\" width=\"400\" height=\"550\" 0=\"\/iframe\" scrolling=\"yes\" class=\"iframe-class\" frameborder=\"0\"><\/iframe>\n<\/p>\n<div class=\"x1emribx\">\n<ul>\n<li>Fonte: <a href=\"https:\/\/www.instagram.com\/musicasturiana\/\">Musicasturiana<\/a> \/<a href=\"https:\/\/musicasturiana.com\/\"><strong> web\u00a0<\/strong><\/a><\/li>\n<\/ul>\n<\/div>\n<div class=\"x9f619 xjbqb8w x78zum5 x168nmei x13lgxp2 x5pf9jr xo71vjh x1uhb9sk x1plvlek xryxfnj x1iyjqo2 x2lwn1j xeuugli x1q0g3np xqjyukv x1qjc9v5 x1oa3qoh x1nhvcw1\">\n<div class=\"x9f619 xjbqb8w x78zum5 x168nmei x13lgxp2 x5pf9jr xo71vjh x1uhb9sk x1plvlek xryxfnj x1iyjqo2 x2lwn1j xeuugli xdt5ytf xqjyukv x1qjc9v5 x1oa3qoh x1nhvcw1\">\n<div class=\"x9f619 xjbqb8w x78zum5 x168nmei x13lgxp2 x5pf9jr xo71vjh x1uhb9sk x1plvlek xryxfnj x1c4vz4f x2lah0s xdt5ytf xqjyukv x1qjc9v5 x1oa3qoh x1nhvcw1\">\n<div class=\"x9f619 xjbqb8w x78zum5 x168nmei x13lgxp2 x5pf9jr xo71vjh x1uhb9sk x1plvlek xryxfnj x1c4vz4f x2lah0s x1q0g3np xqjyukv x1qjc9v5 x1oa3qoh x1nhvcw1\">\n<div class=\"elementor-element elementor-element-667e3c7 elementor-widget__width-inherit elementor-widget elementor-widget-theme-post-title elementor-page-title elementor-widget-heading\" data-id=\"667e3c7\" data-element_type=\"widget\" data-widget_type=\"theme-post-title.default\">\n<div class=\"elementor-widget-container\">\n<p class=\"elementor-heading-title elementor-size-default\">La Xunta Xeneral aprueba la PNL pa incluyir la m\u00fasica tradicional nel curr\u00edculum educativu. El gobiernu comprom\u00e9tese a desendolcar nueves mid\u00edes pa cumplir colo plantegao por Convocatoria por Asturies nesta <strong>Proposici\u00f3n Non de Llei.<\/strong><\/p>\n<p><!--more--><\/p>\n<\/div>\n<\/div>\n<\/div>\n<p>G\u00fcei lleg\u00f3 a la Xunta Xeneral l\u2019alderique y votaci\u00f3n de la Proposici\u00f3n Non de Llei presentada pol Grupu Parlamentariu\u00a0<strong>Convocatoria por Asturies<\/strong>\u00a0IX- Mas Pa\u00eds-IAS pa incluyir la\u00a0<strong>m\u00fasica tradicional asturiana<\/strong>\u00a0nos curr\u00edculos educativos d\u2019<strong>Educaci\u00f3n Infantil, Primaria y Secundaria Obligatoria<\/strong>. La votaci\u00f3n aprob\u00f3se col\u00a0<strong>apoyu\u00a0<\/strong>de la FSA, Convocatoria por Asturies, Foro Asturias y la diputada Covadonga Tom\u00e9; l\u2019<strong>abstenci\u00f3n\u00a0<\/strong>del PP y la\u00a0<strong>oposici\u00f3n\u00a0<\/strong>de Vox. Anque la proposici\u00f3n\u00a0<strong>nun tien efectos xur\u00eddicos vinculantes<\/strong>, s\u00ed que sup\u00f3n una\u00a0<strong>orientaci\u00f3n pol\u00edtica<\/strong>, comprometi\u00e9ndose los part\u00edos de gobiernu a impulsar\u00a0<strong>mid\u00edes nueves<\/strong>\u00a0pa favorecer mayor presencia nos curr\u00edculos y entendiendo que\u00a0<strong>fai falta da-y puxu<\/strong>.<\/p>\n<p>Esta propuesta naci\u00f3 a iniciativa de la conceyala d\u2019Izquierda Xunida-Mas Pa\u00eds-IAS nel Ayuntamientu de Xix\u00f3n,\u00a0<strong>Noelia Ordieres<\/strong>, que\u00a0<a href=\"https:\/\/musicasturiana.com\/convocatoria-por-asturies-va-llevar-a-la-xunta-xeneral-una-pnl-pa-incluyir-la-musica-tradicional-nel-curriculum-educativu\/\">la selmana pasada presentaba<\/a>\u00a0xunto al voceru de la so coalici\u00f3n nel parlamentu asturianu,\u00a0<strong>Xabel Vegas<\/strong>, esta proposici\u00f3n qu\u2019insta al Gobiernu d\u2019Asturies a facer una\u00a0<strong>revisi\u00f3n de los curr\u00edculos<\/strong>\u00a0pa \u00abgarantizar que\u2019l conocimientu, la pr\u00e1ctica y la valoraci\u00f3n de la m\u00fasica tradicional\u00bb aporte a toles etapes educatives; dise\u00f1ar y implementar\u00a0<strong>estratexes de formaci\u00f3n<\/strong>\u00a0pa cualificar al profesor\u00e1u nesti sen; fomentar la\u00a0<strong>collaboraci\u00f3n coles asociaciones, coleutivos y persones espertes<\/strong>\u00a0nel \u00e1mbitu pa desendolcar mesmo\u00a0<strong>materiales pedag\u00f3xicos<\/strong>\u00a0qu\u2019<strong>actividaes complementaries y estraescolares<\/strong>; y, am\u00e1s,\u00a0<strong>evaluar peri\u00f3dicamente l\u2019impautu<\/strong>\u00a0d\u2019estes mid\u00edes.<\/p>\n<p>\u00abYe perbona noticia\u2019l compromisu del gobiernu d\u2019Asturies col sofitu d\u2019esta PNL, p\u2019algamar\u00a0<strong>un conocimientu y una estensi\u00f3n del nuesu patrimoniu cultural<\/strong>\u00a0en toles etapes educatives obligatories y da-y el mesmu protagonismu y\u00a0<strong>reconocencia que se-y da a otres formes culturales<\/strong>\u00ab, declar\u00f3 Ordieres a Musicasturiana.com al conocer l\u2019aprobaci\u00f3n del testu. Am\u00e1s, la conceyala xixonesa quixo\u00a0<strong>\u00abagradecer el llabor de quien lleva a\u00f1os trabayando nesti sen pa dignificar el nuestru patrimoniu\u00bb<\/strong>.<\/p>\n<p><span class=\"x193iq5w xeuugli x1fj9vlw x13faqbe x1vvkbs xt0psk2 x1i0vuye xvs91rp xo1l8bm x5n08af x10wh9bi x1wdrske x8viiok x18hxmgj\">La votaci\u00f3n de la PNL pa incluyir la m\u00fasica tradicional asturiana nos curr\u00edculos educativos aprob\u00f3se g\u00fcei col apoyu de <a class=\"x1i10hfl xjbqb8w x1ejq31n xd10rxx x1sy0etr x17r0tee x972fbf xcfux6l x1qhh985 xm0m39n x9f619 x1ypdohk xt0psk2 xe8uvvx xdj266r x11i5rnm xat24cr x1mh8g0r xexx8yu x4uap5 x18d9i69 xkhd6sd x16tdsg8 x1hl2dhg xggy1nq x1a2a7pz notranslate _a6hd\" role=\"link\" href=\"https:\/\/www.instagram.com\/fsa_psoe\/\">@fsa_psoe<\/a>, <a class=\"x1i10hfl xjbqb8w x1ejq31n xd10rxx x1sy0etr x17r0tee x972fbf xcfux6l x1qhh985 xm0m39n x9f619 x1ypdohk xt0psk2 xe8uvvx xdj266r x11i5rnm xat24cr x1mh8g0r xexx8yu x4uap5 x18d9i69 xkhd6sd x16tdsg8 x1hl2dhg xggy1nq x1a2a7pz notranslate _a6hd\" role=\"link\" href=\"https:\/\/www.instagram.com\/iuasturias\/\">@iuasturias<\/a>-Convocatoria por Asturies (coalici\u00f3n que present\u00f3 la inicaitiva), <a class=\"x1i10hfl xjbqb8w x1ejq31n xd10rxx x1sy0etr x17r0tee x972fbf xcfux6l x1qhh985 xm0m39n x9f619 x1ypdohk xt0psk2 xe8uvvx xdj266r x11i5rnm xat24cr x1mh8g0r xexx8yu x4uap5 x18d9i69 xkhd6sd x16tdsg8 x1hl2dhg xggy1nq x1a2a7pz notranslate _a6hd\" role=\"link\" href=\"https:\/\/www.instagram.com\/foroasturias\/\">@foroasturias<\/a> y Covadonga Tom\u00e9 \ud83d\uddf3\ufe0f El <a class=\"x1i10hfl xjbqb8w x1ejq31n xd10rxx x1sy0etr x17r0tee x972fbf xcfux6l x1qhh985 xm0m39n x9f619 x1ypdohk xt0psk2 xe8uvvx xdj266r x11i5rnm xat24cr x1mh8g0r xexx8yu x4uap5 x18d9i69 xkhd6sd x16tdsg8 x1hl2dhg xggy1nq x1a2a7pz notranslate _a6hd\" role=\"link\" href=\"https:\/\/www.instagram.com\/pp_asturias\/\">@pp_asturias<\/a> abst\u00favose y Vox vot\u00f3 a la escontra \ud83e\udd41 Anque la proposici\u00f3n nun tien efectos xur\u00eddicos vinculantes, s\u00ed que sup\u00f3n una orientaci\u00f3n pol\u00edtica, comprometi\u00e9ndose los part\u00edos de gobiernu a impulsar mid\u00edes nueves pa favorecer mayor presencia nos curr\u00edculos y entendiendo que fai falta da-y puxu.<\/span><\/p>\n<\/div>\n<\/div>\n<\/div>\n<p>&nbsp;<\/p>\n","protected":false},"excerpt":{"rendered":"<p>Fonte: Musicasturiana \/ web\u00a0 La Xunta Xeneral aprueba la PNL pa incluyir la m\u00fasica tradicional nel curr\u00edculum educativu. El gobiernu comprom\u00e9tese a desendolcar nueves mid\u00edes pa cumplir colo plantegao por Convocatoria por Asturies nesta Proposici\u00f3n Non de Llei.<\/p>\n","protected":false},"author":117,"featured_media":0,"comment_status":"open","ping_status":"open","sticky":false,"template":"","format":"standard","meta":{"footnotes":""},"categories":[35,125],"tags":[],"class_list":["post-42316","post","type-post","status-publish","format-standard","hentry","category-musica","category-musicasturiana-com"],"_links":{"self":[{"href":"https:\/\/edublog.educastur.es\/ixuxu\/wp-json\/wp\/v2\/posts\/42316","targetHints":{"allow":["GET"]}}],"collection":[{"href":"https:\/\/edublog.educastur.es\/ixuxu\/wp-json\/wp\/v2\/posts"}],"about":[{"href":"https:\/\/edublog.educastur.es\/ixuxu\/wp-json\/wp\/v2\/types\/post"}],"author":[{"embeddable":true,"href":"https:\/\/edublog.educastur.es\/ixuxu\/wp-json\/wp\/v2\/users\/117"}],"replies":[{"embeddable":true,"href":"https:\/\/edublog.educastur.es\/ixuxu\/wp-json\/wp\/v2\/comments?post=42316"}],"version-history":[{"count":4,"href":"https:\/\/edublog.educastur.es\/ixuxu\/wp-json\/wp\/v2\/posts\/42316\/revisions"}],"predecessor-version":[{"id":42328,"href":"https:\/\/edublog.educastur.es\/ixuxu\/wp-json\/wp\/v2\/posts\/42316\/revisions\/42328"}],"wp:attachment":[{"href":"https:\/\/edublog.educastur.es\/ixuxu\/wp-json\/wp\/v2\/media?parent=42316"}],"wp:term":[{"taxonomy":"category","embeddable":true,"href":"https:\/\/edublog.educastur.es\/ixuxu\/wp-json\/wp\/v2\/categories?post=42316"},{"taxonomy":"post_tag","embeddable":true,"href":"https:\/\/edublog.educastur.es\/ixuxu\/wp-json\/wp\/v2\/tags?post=42316"}],"curies":[{"name":"wp","href":"https:\/\/api.w.org\/{rel}","templated":true}]}}