{"id":42331,"date":"2025-02-20T12:45:40","date_gmt":"2025-02-20T10:45:40","guid":{"rendered":"https:\/\/edublog.educastur.es\/ixuxu\/?p=42331"},"modified":"2025-02-20T12:46:26","modified_gmt":"2025-02-20T10:46:26","slug":"kneecap-cine-de-baldre-pol-dia-de-la-llingua-materna","status":"publish","type":"post","link":"https:\/\/edublog.educastur.es\/ixuxu\/2025\/02\/kneecap-cine-de-baldre-pol-dia-de-la-llingua-materna\/","title":{"rendered":"\u00abKneecap\u00bb, cine de baldre pol D\u00eda de la Llingua Materna"},"content":{"rendered":"<ul>\n<li class=\"ft-title ft-helper-spacer-b-xs ft-helper-fontSize-heading-M ft-helper-branded\"><a href=\"https:\/\/www.lne.es\/asturias\/2025\/02\/20\/kneecap-cine-gratis-pol-dia-114476588.html?utm_medium=Social&amp;utm_campaign=Echobox&amp;utm_source=Facebook&amp;fbclid=IwY2xjawIj5QBleHRuA2FlbQIxMQABHURnYv0tr6Ji0CjPjzWLkejFTwf7CiIzlO02p3xU2R4PuaIZx_tYffNFBw_aem_kUp2wT6BfujCet4JgyEnMg#Echobox=1740040670\">LNE \/ \u00abKneecap\u00bb<\/a> \/ Kneecap: <a href=\"https:\/\/www.kneecap.ie\/\">web<\/a> \/<\/li>\n<\/ul>\n<p style=\"text-align: center\"><a href=\"https:\/\/estaticos-cdn.prensaiberica.es\/clip\/1f4adb0f-c455-4530-a422-c434cbdbafd7_16-9-discover-aspect-ratio_default_0.webp\"><img loading=\"lazy\" decoding=\"async\" class=\"aligncenter \" src=\"https:\/\/estaticos-cdn.prensaiberica.es\/clip\/1f4adb0f-c455-4530-a422-c434cbdbafd7_16-9-discover-aspect-ratio_default_0.webp\" width=\"570\" height=\"321\" \/><\/a><\/p>\n<blockquote>\n<p class=\"ft-mol-subtitle ft-helper-fontColor-quaternary ft-helper-branded\" style=\"text-align: center\"><span style=\"font-size: 20px;color: #008080\"><em>El tesoru idiom\u00e1ticu d\u2019Asturies, elementu central de la nuestra identid\u00e1 como pueblu.<\/em><\/span><\/p>\n<\/blockquote>\n<p><em>Kneecap ye un tr\u00edu de hip hop irland\u00e9s del oeste de Belfast, Irlanda del Norte, colos nomes art\u00edsticos Mo Chara, M\u00f3gla\u00ed Bap y DJ Pr\u00f3va\u00ed.<\/em><\/p>\n<p><!--more--><\/p>\n<p><em> Rapean n&#8217;unu amiestu d&#8217;ingl\u00e9s ya irland\u00e9s y les sos lletres de cutiu contienen temes republicanes. El so primer senciellu \u00abCEARTA\u00bb (n&#8217;irland\u00e9s significa \u00abDerechos\u00bb) foi llanz\u00e1u en 2017, sigu\u00edu pol so \u00e1lbum deb\u00fa 3CAG, en 2018.\u00a0<\/em><\/p>\n<p class=\"ft-text\">Cada 21 de febreru la comunid\u00e1 internacional celebra&#8217;l D\u00eda de la Llingua Materna, una xornada pensada pa promocionar la diversid\u00e1 lling\u00fc\u00edstica y reflexonar sobre ella.\u00a0<strong>Asturies cuenta con un tesoru idiom\u00e1ticu represent\u00e1u poles sos lling\u00fces propies, l&#8217;asturianu y el gallego-asturianu, elementos centrales de la nuestra identid\u00e1 como pueblu.<\/strong>\u00a0Ye por ello que queremos sumanos a esta efem\u00e9ride y poner en valor les nuestres lling\u00fces, como espresion del nuestru pas\u00e1u, reflexu del nuestru presente y esperanza nel nuestru futuru. Col asturianu y el gallego-asturianu axunt\u00e1monos a la diversid\u00e1 lling\u00fc\u00edstica mundial y singulariz\u00e1monos nel contestu internacional; sicas\u00ed, estes dos lling\u00fces trescienden el planu simb\u00f3licu y referencial, tami\u00e9n tienen un aspectu de dinamizaci\u00f3n social y econ\u00f3mica a tener en cuenta.<\/p>\n<p class=\"ft-text\">L&#8217;activid\u00e1 xenerada alredor d&#8217;elles, n&#8217;estayes como la filol\u00f3xica, la educativa, la lliteraria, la cultural o la musical, afita la so relevancia y dexa a les clares que son ferramientes ama\u00f1oses pa la cohesi\u00f3n social, l&#8217;emprendimientu, la creaci\u00f3n art\u00edstica y la implementaci\u00f2n de riqueza, material y inmaterial.<\/p>\n<p class=\"ft-text\">Dende&#8217;l Grupu Parllamentariu Mistu Covadonga Tom\u00e9\u00a0<strong>queremos festexar el D\u00eda Internacional de la Llingua Materna con un actu l\u00fadico-reivindicativu perespecial.<\/strong>\u00a0N\u00e9l vamos facer l&#8217;estrenu n&#8217;Asturies de la pel\u00edcula irlandesa &#8216;Kneecap&#8217;, que\u00a0<strong>narra les aventures y desventures d&#8217;un grupu de rap que canta en ga\u00e9licu, y darr\u00e9u entamamos un coloquiu con delles personalidaes del mundu de la cultura y la m\u00fasica n&#8217;Asturies.\u00a0<\/strong>Vamos falar de cuestiones como la importancia de protexer y promocionar les nuestres lling\u00fces propies, de la politica lling\u00fc\u00edstica que necesitamos, del aspectu econ\u00f3micu que lleven apareyaes o de la importancia de la m\u00fasica na tresmisi\u00f3n xeneracional. Convidamos al cine Embajadores, a una consumici\u00f3n y a festexar xuntos y xuntes la nuestra diversid\u00e1 lling\u00fc\u00edstica.<\/p>\n<div class=\"_mo_recs_tpi\" data-recs=\"3\">\n<div class=\"ft-mol-relatedSlider\">\n<h4 class=\"ft-mol-relatedSlider__header\" style=\"text-align: center\">\n<!-- iframe plugin v.6.0 wordpress.org\/plugins\/iframe\/ -->\n<iframe loading=\"lazy\" width=\"100%\" height=\"398\" src=\"https:\/\/www.youtube.com\/embed\/8Sf0htzbMKk\" title=\"KNEECAP - C.E.A.R.T.A (Official Music Video)\" frameborder=\"0\" allow=\"accelerometer; autoplay; clipboard-write; encrypted-media; gyroscope; picture-in-picture; web-share\" referrerpolicy=\"strict-origin-when-cross-origin\" 0=\"allowfullscreen\" 1=\"\/iframe\" scrolling=\"yes\" class=\"iframe-class\"><\/iframe>\n<\/h4>\n<\/div>\n<\/div>\n","protected":false},"excerpt":{"rendered":"<p>LNE \/ \u00abKneecap\u00bb \/ Kneecap: web \/ El tesoru idiom\u00e1ticu d\u2019Asturies, elementu central de la nuestra identid\u00e1 como pueblu. Kneecap ye un tr\u00edu de hip hop irland\u00e9s del oeste de Belfast, Irlanda del Norte, colos nomes art\u00edsticos Mo Chara, M\u00f3gla\u00ed Bap y DJ Pr\u00f3va\u00ed.<\/p>\n","protected":false},"author":117,"featured_media":0,"comment_status":"open","ping_status":"open","sticky":false,"template":"","format":"standard","meta":{"footnotes":""},"categories":[6,31],"tags":[],"class_list":["post-42331","post","type-post","status-publish","format-standard","hentry","category-dia-de","category-llingua"],"_links":{"self":[{"href":"https:\/\/edublog.educastur.es\/ixuxu\/wp-json\/wp\/v2\/posts\/42331","targetHints":{"allow":["GET"]}}],"collection":[{"href":"https:\/\/edublog.educastur.es\/ixuxu\/wp-json\/wp\/v2\/posts"}],"about":[{"href":"https:\/\/edublog.educastur.es\/ixuxu\/wp-json\/wp\/v2\/types\/post"}],"author":[{"embeddable":true,"href":"https:\/\/edublog.educastur.es\/ixuxu\/wp-json\/wp\/v2\/users\/117"}],"replies":[{"embeddable":true,"href":"https:\/\/edublog.educastur.es\/ixuxu\/wp-json\/wp\/v2\/comments?post=42331"}],"version-history":[{"count":2,"href":"https:\/\/edublog.educastur.es\/ixuxu\/wp-json\/wp\/v2\/posts\/42331\/revisions"}],"predecessor-version":[{"id":42333,"href":"https:\/\/edublog.educastur.es\/ixuxu\/wp-json\/wp\/v2\/posts\/42331\/revisions\/42333"}],"wp:attachment":[{"href":"https:\/\/edublog.educastur.es\/ixuxu\/wp-json\/wp\/v2\/media?parent=42331"}],"wp:term":[{"taxonomy":"category","embeddable":true,"href":"https:\/\/edublog.educastur.es\/ixuxu\/wp-json\/wp\/v2\/categories?post=42331"},{"taxonomy":"post_tag","embeddable":true,"href":"https:\/\/edublog.educastur.es\/ixuxu\/wp-json\/wp\/v2\/tags?post=42331"}],"curies":[{"name":"wp","href":"https:\/\/api.w.org\/{rel}","templated":true}]}}