{"id":42334,"date":"2025-02-20T14:19:09","date_gmt":"2025-02-20T12:19:09","guid":{"rendered":"https:\/\/edublog.educastur.es\/ixuxu\/?p=42334"},"modified":"2025-02-21T12:27:37","modified_gmt":"2025-02-21T10:27:37","slug":"42334","status":"publish","type":"post","link":"https:\/\/edublog.educastur.es\/ixuxu\/2025\/02\/42334\/","title":{"rendered":"En setiembre inaug\u00farase&#8217;l nuevu institutu: \u00abIES Margarita Salas\u00bb"},"content":{"rendered":"<p style=\"text-align: center\">\n<!-- iframe plugin v.6.0 wordpress.org\/plugins\/iframe\/ -->\n<iframe loading=\"lazy\" src=\"https:\/\/www.instagram.com\/reel\/DGS1QWisOgb\/embed\" width=\"500\" height=\"600\" 0=\"\/iframe\" scrolling=\"yes\" class=\"iframe-class\" frameborder=\"0\"><\/iframe>\n<\/p>\n<p><strong>Educaci\u00f3n va inaugurar en septiembre el nuevu institutu de La Corredoria, que <span style=\"color: #800080\">va llevar el nome de la bioqu\u00edmica &#8216;Margarita Salas&#8217;<\/span><\/strong>, con unidaes en toles etapes. L&#8217;equipamientu va empecipiar la so activid\u00e1 con una estimaci\u00f3n de 520 estudiantes para los cuatro cursos de Secundaria y los dos de Bachilleratu.<\/p>\n<p><!--more--><\/p>\n<p style=\"text-align: center\"><a href=\"https:\/\/actualidad.asturias.es\/documents\/537115\/2391136\/2025_02_20+Obra+del+IES+de+La+Corredoria+1.jpg\/43e2aa5c-29e8-f0af-407c-acdec1ab6150?t=1740045710158\"><img loading=\"lazy\" decoding=\"async\" class=\"aligncenter \" src=\"https:\/\/actualidad.asturias.es\/documents\/537115\/2391136\/2025_02_20+Obra+del+IES+de+La+Corredoria+1.jpg\/43e2aa5c-29e8-f0af-407c-acdec1ab6150?t=1740045710158\" width=\"470\" height=\"353\" \/><\/a><\/p>\n<ul>\n<li>Fonte: <a href=\"https:\/\/actualidad.asturias.es\/-\/educaci%C3%B3n-inaugurar%C3%A1-en-septiembre-el-nuevo-instituto-de-la-corredoria-que-llevar%C3%A1-el-nombre-de-la-bioqu%C3%ADmica-margarita-salas-con-unidades-en-todas-las-etapas?redirect=%2F\">Actualid\u00e1 Asturies<\/a> \/ <a href=\"https:\/\/www.lavozdeasturias.es\/noticia\/oviedo\/2025\/02\/20\/nuevo-instituto-corredoria-abrira-proximo-curso-520-alumnos-40-profesores\/00031740053864693597398.htm?utm_source=facebook.com&amp;fbclid=IwY2xjawIlKktleHRuA2FlbQIxMQABHXwvDln_8yoBTJdhsXLhToGAHDY9ocX6kFIDVKrrvpKYtBVdu6qw1b88Mg_aem_3NhUodT_AgYZdkUw76n1Mg\">La Voz<\/a> \/<\/li>\n<\/ul>\n<p>&nbsp;<\/p>\n<p>El\u00a0 IES va formar parte del programa d&#8217;ense\u00f1anza de lling\u00fces estranxeres, col nivel HABLE+. La conseyer\u00eda va partir ente los dos centros del barriu uvie\u00edn al alumn\u00e1u de 2\u00ba a 4\u00ba de la ESO y de 1\u00ba y 2\u00ba de Bachilleratu.<\/p>\n<p>La Conseyer\u00eda d&#8217;Educaci\u00f3n va inaugurar el pr\u00f3ximu cursu&#8217;l nuevu Institutu d&#8217;Ense\u00f1anza Secundaria (IES) del barriu de La Corredoria (Uvi\u00e9u), que<strong> va bautizar col nome de la prestixosa bioqu\u00edmica asturiana Margarita Salas<\/strong>. El centru va abrir les sos puertes en septiembre colos cuatro cursos de la ESO y los dos de Bachilleratu para distribuyir la matr\u00edcula de manera equilibrada ente los dos IES que van convivir nel barriu. Am\u00e1s, va formar parte del programa d&#8217;ense\u00f1anza de lling\u00fces estranxeres, col nivel HABLE+.<\/p>\n<p>El Gobiernu d&#8217;Asturies decidi\u00f3, de manera escepcional, <strong>abrir el nuevu equipamientu al completu pa dar respuesta a los problemes d&#8217;espaciu esistentes nel actual institutu del barriu.<\/strong> L&#8217;espediente de creaci\u00f3n del centru ta en fase d&#8217;aprobaci\u00f3n y, nestos momentos, at\u00f3pase nel Conseyu Escolar del Princip\u00e1u. Una vegada complet\u00e1u esti tr\u00e1mite, va sometese a l&#8217;autorizaci\u00f3n del Conseyu de Gobiernu a tiempu pal entamu del periodu d&#8217;almisi\u00f3n.<\/p>\n<p>El <strong>IES Margarita Salas<\/strong> va ser el centru de referencia pal alumn\u00e1u que ta cursando Primaria nos colexos p\u00fablicos La Corredoria, Poeta \u00c1ngel Gonz\u00e1lez y el Carmen Ruiz Tilve, los mesmos que nutren al actual institutu del barriu. L&#8217;alumn\u00e1u de 1\u00ba de la ESO d&#8217;esos centros va entrar pol procedimientu ordinariu (por baremu) acordies con la so puntuaci\u00f3n.<\/p>\n<p>Am\u00e1s, nesti primer a\u00f1u, l&#8217;Alministraci\u00f3n va partir ente los dos institutos al alumn\u00e1u de 2\u00ba, 3\u00ba y 4\u00ba de la ESO y de 1\u00ba y 2\u00ba de Bachilleratu que y\u00e1 ta matricul\u00e1u nel actual IES de La Corredoria. El m\u00e9todu escoy\u00edu pa decidir qui\u00e9n pasa al nuevu institutu ye un sort\u00e9u, que nun va dixebrar hermanos y que va facilitar la organizaci\u00f3n de les families.<\/p>\n<p>En concretu, el IES Margarita Salas va abrir les sos puertes con 20 unidaes: 16 d&#8217;ESO (cuatro en cada nivel) y 4 de Bachilleratu. Nesta etapa ufiertar\u00e1n tr\u00e9s modalidaes: Xeneral, Ciencies y Tecnolox\u00eda y Humanidaes y Ciencies Sociales. El primer a\u00f1u van poder matriculase hasta 520 estudiantes, pero&#8217;l centru ent\u00e1 va tener capacid\u00e1 pa crecer, si fuera necesariu.<\/p>\n<p style=\"text-align: center\"><a href=\"https:\/\/actualidad.asturias.es\/documents\/537115\/2391136\/2025_02_20+Obra+del+IES+de+La+Corredoria+2.jpg\/a67d43f7-3d3c-7544-a403-7d214f00e6b6?t=1740045710245\"><img loading=\"lazy\" decoding=\"async\" class=\"aligncenter \" src=\"https:\/\/actualidad.asturias.es\/documents\/537115\/2391136\/2025_02_20+Obra+del+IES+de+La+Corredoria+2.jpg\/a67d43f7-3d3c-7544-a403-7d214f00e6b6?t=1740045710245\" width=\"540\" height=\"405\" \/><\/a><\/p>\n<p><strong>Previsi\u00f3n de plantiya.\u00a0<\/strong>En cuanto al personal, van crease cinco puestos de calter non docente, pa cubrir dos places d&#8217;alministrativu y tr\u00e9s d&#8217;ordenances. A falta de conocer los n\u00famberos definitivos, la previsi\u00f3n de la plantiya org\u00e1nica de profesor\u00e1u va rondar les 40 places, once d&#8217;elles de nueva creaci\u00f3n. El restu del profesor\u00e1u va venir de l&#8217;actual plantiya org\u00e1nica del IES La Corredoria que va ser reasign\u00e1u al Margarita Salas. La plantiya definitiva, incluy\u00edu&#8217;l personal interino, va conocese cuando se concreten les solicit\u00faes.<\/p>\n<p>La Direcci\u00f3n Xeneral de Personal Docente trabaya nun resolvimientu que va regular el mecanismu para redistribuir al profesor\u00e1u de plantiya org\u00e1nica que tien plaza nel actual IES de La Corredoria. L&#8217;oxetivu ye cuntar de manera prioritaria col personal que quiera pasar al nuevu institutu.<\/p>\n<p>Pa cubrir la plaza de direcci\u00f3n, va recurrise al procedimientu ordinariu. D&#8217;esta miente, va convocase un concursu y les persones candidates tendr\u00e1n de presentar un proyectu pa cuatro a\u00f1os. Darr\u00e9u, la direcci\u00f3n va nomar al restu del equipu: secretari\u00e1u, xefatura d&#8217;estudios y xefatura d&#8217;estudios axunta.<\/p>\n<p>La conseyer\u00eda y\u00e1 comunic\u00f3 a la familia de Margarita Sales la so intenci\u00f3n de poner el so nome al nuevu centru, xuna decisi\u00f3n que reconoz la trayectoria de la cient\u00edfica, el so llabor divulgativu y la so implicaci\u00f3n con Asturies y cola Universid\u00e1 d&#8217;Uvi\u00e9u. Educaci\u00f3n r\u00ednde-y un homenaxe similar al del so padr\u00edn profesional, Severo Ochoa, que da nome al IES de L.luarca.<\/p>\n<p>Per otru llau, caltuvi\u00e9ronse xuntes colos representantes de les asociaciones de padres y madres y tami\u00e9n cola direcci\u00f3n del IES de La Corredoria pa informar de los planes d&#8217;apertura que remana l&#8217;Alministraci\u00f3n.<\/p>\n<p style=\"text-align: center\"><a href=\"https:\/\/actualidad.asturias.es\/documents\/537115\/2391136\/2025_02_20+Obra+del+IES+de+La+Corredoria+3.jpg\/3108262b-43d1-5044-68db-b68546bb8fcc?t=1740045710318\"><img loading=\"lazy\" decoding=\"async\" class=\"aligncenter \" src=\"https:\/\/actualidad.asturias.es\/documents\/537115\/2391136\/2025_02_20+Obra+del+IES+de+La+Corredoria+3.jpg\/3108262b-43d1-5044-68db-b68546bb8fcc?t=1740045710318\" width=\"525\" height=\"700\" \/><\/a><\/p>\n<p style=\"text-align: center\">\n<!-- iframe plugin v.6.0 wordpress.org\/plugins\/iframe\/ -->\n<iframe loading=\"lazy\" width=\"100%\" height=\"375\" src=\"https:\/\/www.youtube.com\/embed\/SGU2LtycLV8\" title=\"C\u00f3mo Margarita Salas cambi\u00f3 la Biolog\u00eda Molecular.\" frameborder=\"0\" allow=\"accelerometer; autoplay; clipboard-write; encrypted-media; gyroscope; picture-in-picture; web-share\" referrerpolicy=\"strict-origin-when-cross-origin\" 0=\"allowfullscreen\" 1=\"\/iframe\" scrolling=\"yes\" class=\"iframe-class\"><\/iframe>\n<\/p>\n","protected":false},"excerpt":{"rendered":"<p>Educaci\u00f3n va inaugurar en septiembre el nuevu institutu de La Corredoria, que va llevar el nome de la bioqu\u00edmica &#8216;Margarita Salas&#8217;, con unidaes en toles etapes. L&#8217;equipamientu va empecipiar la so activid\u00e1 con una estimaci\u00f3n de 520 estudiantes para los cuatro cursos de Secundaria y los dos de Bachilleratu.<\/p>\n","protected":false},"author":117,"featured_media":0,"comment_status":"open","ping_status":"open","sticky":false,"template":"","format":"standard","meta":{"footnotes":""},"categories":[240,205],"tags":[],"class_list":["post-42334","post","type-post","status-publish","format-standard","hentry","category-institutu","category-la-corredoria"],"_links":{"self":[{"href":"https:\/\/edublog.educastur.es\/ixuxu\/wp-json\/wp\/v2\/posts\/42334","targetHints":{"allow":["GET"]}}],"collection":[{"href":"https:\/\/edublog.educastur.es\/ixuxu\/wp-json\/wp\/v2\/posts"}],"about":[{"href":"https:\/\/edublog.educastur.es\/ixuxu\/wp-json\/wp\/v2\/types\/post"}],"author":[{"embeddable":true,"href":"https:\/\/edublog.educastur.es\/ixuxu\/wp-json\/wp\/v2\/users\/117"}],"replies":[{"embeddable":true,"href":"https:\/\/edublog.educastur.es\/ixuxu\/wp-json\/wp\/v2\/comments?post=42334"}],"version-history":[{"count":10,"href":"https:\/\/edublog.educastur.es\/ixuxu\/wp-json\/wp\/v2\/posts\/42334\/revisions"}],"predecessor-version":[{"id":42378,"href":"https:\/\/edublog.educastur.es\/ixuxu\/wp-json\/wp\/v2\/posts\/42334\/revisions\/42378"}],"wp:attachment":[{"href":"https:\/\/edublog.educastur.es\/ixuxu\/wp-json\/wp\/v2\/media?parent=42334"}],"wp:term":[{"taxonomy":"category","embeddable":true,"href":"https:\/\/edublog.educastur.es\/ixuxu\/wp-json\/wp\/v2\/categories?post=42334"},{"taxonomy":"post_tag","embeddable":true,"href":"https:\/\/edublog.educastur.es\/ixuxu\/wp-json\/wp\/v2\/tags?post=42334"}],"curies":[{"name":"wp","href":"https:\/\/api.w.org\/{rel}","templated":true}]}}