{"id":42364,"date":"2025-02-21T11:53:49","date_gmt":"2025-02-21T09:53:49","guid":{"rendered":"https:\/\/edublog.educastur.es\/ixuxu\/?p=42364"},"modified":"2025-02-21T11:55:23","modified_gmt":"2025-02-21T09:55:23","slug":"la-antologia-coral-asturiana-ha-sido-galardonada-con-el-premio-axuntabense-2024","status":"publish","type":"post","link":"https:\/\/edublog.educastur.es\/ixuxu\/2025\/02\/la-antologia-coral-asturiana-ha-sido-galardonada-con-el-premio-axuntabense-2024\/","title":{"rendered":"La\u00a0Antolog\u00eda Coral Asturiana, galardon\u00e1 col \u00abPremiu Axunt\u00e1bense 2024\u00bb"},"content":{"rendered":"<div class=\"html-div xdj266r x11i5rnm xat24cr x1mh8g0r xexx8yu x1a8lsjc x1swvt13 x1pi30zi\">\n<div class=\"html-div xdj266r x11i5rnm xat24cr x1mh8g0r xexx8yu x4uap5 x18d9i69 xkhd6sd x1jx94hy x78zum5 x1q0g3np\">\n<div class=\"x78zum5 xdt5ytf xz62fqu x16ldp7u\">\n<div class=\"xu06os2 x1ok221b\">\n<div class=\"html-div xdj266r x11i5rnm xat24cr x1mh8g0r xexx8yu x4uap5 x18d9i69 xkhd6sd\" data-ad-rendering-role=\"profile_name\">\n<ul>\n<li class=\"html-h3 x11i5rnm xat24cr x1mh8g0r xexx8yu x4uap5 x18d9i69 xkhd6sd x1vvkbs x1heor9g x1qlqyl8 x1pd3egz x1a2a7pz x1gslohp x1yc453h\"><span class=\"x1lliihq x6ikm8r x10wlt62 x1n2onr6\"><span class=\"xt0psk2\"><a class=\"x1i10hfl xjbqb8w x1ejq31n xd10rxx x1sy0etr x17r0tee x972fbf xcfux6l x1qhh985 xm0m39n x9f619 x1ypdohk xt0psk2 xe8uvvx xdj266r x11i5rnm xat24cr x1mh8g0r xexx8yu x4uap5 x18d9i69 xkhd6sd x16tdsg8 x1hl2dhg xggy1nq x1a2a7pz x1sur9pj xkrqix3 xzsf02u x1s688f\" role=\"link\" href=\"https:\/\/www.facebook.com\/profile.php?id=61562801811854&amp;__cft__[0]=AZXZYtQBBb1fTGiHYS0wZaruV92Kk3Wkn3Ki8Q64O8lubcxl7GY8V59k2XXUU7wkIwBCi429YLX2G4hWQZBXE53vmvj5L2s3LAL6dzpxQt69qexy-3MhUqi-rOXnej4lOu4o8c1Ya4v2iL6aPMk4dvqTv0q0UiZwpSySH9Ds_4bN5wYy2WpGQNlyHK0YdHbX38UKhRwEJqT7uy_BjDfSvHVRH4w52_RBFTYhS89BRL7N3Q&amp;__tn__=-UC%2CP-y-R\" aria-describedby=\":r3o:\"><strong class=\"html-strong xdj266r x11i5rnm xat24cr x1mh8g0r xexx8yu x4uap5 x18d9i69 xkhd6sd x1hl2dhg x16tdsg8 x1vvkbs x1s688f\"><span class=\"html-span xdj266r x11i5rnm xat24cr x1mh8g0r xexx8yu x4uap5 x18d9i69 xkhd6sd x1hl2dhg x16tdsg8 x1vvkbs\">Antolog\u00eda Coral Asturiana<\/span><\/strong><\/a><\/span><\/span><\/li>\n<\/ul>\n<\/div>\n<\/div>\n<div class=\"html-div xdj266r x11i5rnm xat24cr x1mh8g0r xexx8yu x4uap5 x18d9i69 xkhd6sd x1q0g3np\" style=\"text-align: center\">\n<!-- iframe plugin v.6.0 wordpress.org\/plugins\/iframe\/ -->\n<iframe loading=\"lazy\" src=\"https:\/\/www.facebook.com\/plugins\/post.php?href=https%3A%2F%2Fwww.facebook.com%2Fpermalink.php%3Fstory_fbid%3Dpfbid0wWPEF9pLyTm4Ssgq3CPv4Mb63CMugK6yvPMkr7UPdPQrgzy9MeTLYhMP688jUGGml%26id%3D61562801811854&#038;show_text=false&#038;width=500\" width=\"500\" height=\"498\" style=\"border:none;overflow:hidden\" scrolling=\"no\" frameborder=\"0\" allowfullscreen=\"true\" allow=\"autoplay; clipboard-write; encrypted-media; picture-in-picture; web-share\" 0=\"\/iframe\" class=\"iframe-class\"><\/iframe>\n<\/div>\n<div><\/div>\n<\/div>\n<\/div>\n<\/div>\n<div class=\"html-div xdj266r x11i5rnm xat24cr x1mh8g0r xexx8yu x4uap5 x18d9i69 xkhd6sd\" dir=\"auto\">\n<div class=\"html-div xdj266r x11i5rnm xat24cr x1mh8g0r xexx8yu x4uap5 x18d9i69 xkhd6sd\" dir=\"auto\">\n<div class=\"html-div xdj266r x11i5rnm xat24cr x1mh8g0r xexx8yu x4uap5 x18d9i69 xkhd6sd\" data-ad-rendering-role=\"story_message\">\n<div class=\"x1l90r2v x1iorvi4 x1ye3gou xn6708d\" data-ad-comet-preview=\"message\" data-ad-preview=\"message\">\n<div class=\"x78zum5 xdt5ytf xz62fqu x16ldp7u\">\n<div class=\"xu06os2 x1ok221b\">\n<div class=\"x11i5rnm xat24cr x1mh8g0r x1vvkbs xtlvy1s x126k92a\"><\/div>\n<div class=\"x11i5rnm xat24cr x1mh8g0r x1vvkbs xtlvy1s x126k92a\">\n<div dir=\"auto\">\n<p>Con enorme allegr\u00eda, compartimos esta reconocencia otorgada pola Federaci\u00f3n Coral Asturiana, que destaca la nuesa <span style=\"color: #008080\"><strong>Antolox\u00eda Coral Asturiana \u2013 M\u00fasiques del XXI para&#8217;l XXI<\/strong><\/span>\u00bb como una obra inspiradora y un referente para l&#8217;estudiu y trabayu coral del futuru.<\/p>\n<p><!--more--><br \/>\nGracies de coraz\u00f3n a toos los compositores, escritores, music\u00f3loga y artistes gr\u00e1fiques que fixeron posible esti proyectu. El vuesu talentu y entrega crearon un leg\u00e1u musical \u00fanicu, xuniendo tradici\u00f3n y vanguardia n&#8217;unu apueste interdisciplinar onde conviven la m\u00fasica, la palabra y l&#8217;arte.<\/p>\n<p>Convid\u00e1mosvos al actu d&#8217;entrega de premios, que va tener llugar el domingu 9 de marzu a les 12:30 h nel Auditoriu Teodoro Cuesta de Mieres. Va Ser una xornada bien especial que va cuntar cola actuaci\u00f3n de la Coral Avilesina. \u00a1Esper\u00e1mosvos para celebrar xuntos este gran reconocencia!<\/p>\n<p>Esti premiu ye un impulsu para siguir arriqueciendo la m\u00fasica coral n&#8217;Asturies y m\u00e1s all\u00e1. \u00a1Sigamos cantando xuntos!<\/p>\n<\/div>\n<\/div>\n<\/div>\n<\/div>\n<\/div>\n<\/div>\n<\/div>\n<\/div>\n<p>&nbsp;<\/p>\n<p>&nbsp;<\/p>\n","protected":false},"excerpt":{"rendered":"<p>Antolog\u00eda Coral Asturiana Con enorme allegr\u00eda, compartimos esta reconocencia otorgada pola Federaci\u00f3n Coral Asturiana, que destaca la nuesa Antolox\u00eda Coral Asturiana \u2013 M\u00fasiques del XXI para&#8217;l XXI\u00bb como una obra inspiradora y un referente para l&#8217;estudiu y trabayu coral del futuru.<\/p>\n","protected":false},"author":117,"featured_media":0,"comment_status":"open","ping_status":"open","sticky":false,"template":"","format":"standard","meta":{"footnotes":""},"categories":[35,58],"tags":[],"class_list":["post-42364","post","type-post","status-publish","format-standard","hentry","category-musica","category-premios"],"_links":{"self":[{"href":"https:\/\/edublog.educastur.es\/ixuxu\/wp-json\/wp\/v2\/posts\/42364","targetHints":{"allow":["GET"]}}],"collection":[{"href":"https:\/\/edublog.educastur.es\/ixuxu\/wp-json\/wp\/v2\/posts"}],"about":[{"href":"https:\/\/edublog.educastur.es\/ixuxu\/wp-json\/wp\/v2\/types\/post"}],"author":[{"embeddable":true,"href":"https:\/\/edublog.educastur.es\/ixuxu\/wp-json\/wp\/v2\/users\/117"}],"replies":[{"embeddable":true,"href":"https:\/\/edublog.educastur.es\/ixuxu\/wp-json\/wp\/v2\/comments?post=42364"}],"version-history":[{"count":3,"href":"https:\/\/edublog.educastur.es\/ixuxu\/wp-json\/wp\/v2\/posts\/42364\/revisions"}],"predecessor-version":[{"id":42367,"href":"https:\/\/edublog.educastur.es\/ixuxu\/wp-json\/wp\/v2\/posts\/42364\/revisions\/42367"}],"wp:attachment":[{"href":"https:\/\/edublog.educastur.es\/ixuxu\/wp-json\/wp\/v2\/media?parent=42364"}],"wp:term":[{"taxonomy":"category","embeddable":true,"href":"https:\/\/edublog.educastur.es\/ixuxu\/wp-json\/wp\/v2\/categories?post=42364"},{"taxonomy":"post_tag","embeddable":true,"href":"https:\/\/edublog.educastur.es\/ixuxu\/wp-json\/wp\/v2\/tags?post=42364"}],"curies":[{"name":"wp","href":"https:\/\/api.w.org\/{rel}","templated":true}]}}