{"id":42393,"date":"2025-02-21T12:47:05","date_gmt":"2025-02-21T10:47:05","guid":{"rendered":"https:\/\/edublog.educastur.es\/ixuxu\/?p=42393"},"modified":"2025-02-21T13:53:51","modified_gmt":"2025-02-21T11:53:51","slug":"lasociacion-trufa-negra-ufierta-un-serviciu-con-animales","status":"publish","type":"post","link":"https:\/\/edublog.educastur.es\/ixuxu\/2025\/02\/lasociacion-trufa-negra-ufierta-un-serviciu-con-animales\/","title":{"rendered":"L&#8217;Asociaci\u00f3n Trufa Negra ufierta un serviciu con animales"},"content":{"rendered":"<ul>\n<li class=\"font-size-xxl margin-b-5 font-weight-b color-b-050 letter-spacing--1 fuente-corporativa\"><a href=\"https:\/\/www.rtpa.es\/noticias-asturias-ast\/2025-02-20\/L'Asociacion-Trufa-Negra-ufierta-un-serviciu-con-animales-pa-tresmitir-aselu-a-ne%C3%B1os-con-autismu_111740055462.html\">RTPA . L&#8217;Asociaci\u00f3n Trufa Negra ufierta un serviciu con animales pa tresmitir aselu a ne\u00f1os con autismu<\/a><\/li>\n<li><a href=\"https:\/\/www.elcomercio.es\/area-metropolitana-asturias\/siero-centro\/peluqueria-ninos-autismo-asturias-lugones-valdes-barber-company-perros-juguetes-20250212141130-nt.html\">El Comercio<\/a> \/<\/li>\n<\/ul>\n<p style=\"text-align: center\"><a href=\"https:\/\/www.rtpa.es\/fotos\/\/25\/02\/20250220140905_RTPA6225324.webp\"><img loading=\"lazy\" decoding=\"async\" class=\"aligncenter size-large\" src=\"https:\/\/www.rtpa.es\/fotos\/\/25\/02\/20250220140905_RTPA6225324.webp\" width=\"853\" height=\"480\" \/><\/a><\/p>\n<p class=\"font-size-m padding-b-20 font-weight-b margin-t-16\" style=\"text-align: center\">Aumenta la demanda de perros p&#8217;atender situaciones de discapacid\u00e1 y problemes de sal\u00fa mental<\/p>\n<p><!--more--><\/p>\n<p>L&#8217;Asociaci\u00f3n Trufa Negra ufierta un serviciu con animales pa tresmitir aselu a ne\u00f1os con trestornu del espectru autista. Un exemplu pue ser nuna peluquer\u00eda, onde un corte de pelo pue resultar una esperiencia traum\u00e1tica pa estes persones.\u00a0L&#8217;Asociaci\u00f3n ufierta esti serviciu a entidaes rellacionaes col \u00e1mbitu sanitariu, educativu y pa persones con discapacid\u00e1.<\/p>\n<p><strong>La entid\u00e1 ensin \u00e1nimu d&#8217;arriquecimientu cada vez cunta con m\u00e1s demanda de los sos perros p\u2019atender situaciones de discapacid\u00e1 o problemes de sal\u00fa mental.<\/strong><\/p>\n<p>El proyectu, pioneru n&#8217;Asturies, ye la resultancia d&#8217;un conveniu de collaboraci\u00f3n ente l&#8217;<span style=\"color: #008080\">Asociaci\u00f3n Trufa Negra, dedicada a la Intervenci\u00f3n Asistida por Perros<\/span>, n&#8217;alianza cola Peluquer\u00eda Vald\u00e9s, de Llugones (Siero). L&#8217;adiestradora de \u00abBonnie\u00bb, Hortensia Vidal, esplica que \u00ab<em>esta iniciativa realza&#8217;l papel fundamental de los animales na ayuda p&#8217;ameyorar la calid\u00e1 de vida en persones con necesidaes espec\u00edfiques de sofitu y les sos families\u00bb<\/em>. A\u00f1ede, am\u00e1s, que <em>\u00abcon esto tami\u00e9n consiguimos que&#8217;l procesu s\u00eda m\u00e1s prestosu pal usuariu y tami\u00e9n resulte m\u00e1s senciellu pal profesional\u00bb.<\/em><\/p>\n<p style=\"text-align: center\"><a href=\"https:\/\/s2.ppllstatics.com\/elcomercio\/www\/multimedia\/2025\/02\/12\/peluqueria-perro-autismo-kWhG-R5YunsOVMrn7vE900xpwMBO-1200x840@El%20Comercio.jpg\"><img loading=\"lazy\" decoding=\"async\" class=\"aligncenter size-large\" src=\"https:\/\/s2.ppllstatics.com\/elcomercio\/www\/multimedia\/2025\/02\/12\/peluqueria-perro-autismo-kWhG-R5YunsOVMrn7vE900xpwMBO-1200x840@El%20Comercio.jpg\" width=\"1200\" height=\"840\" \/><\/a><\/p>\n<p>Al travi\u00e9s de la interacci\u00f3n col perru, \u00abllogramos que l&#8217;est\u00edmulu positivu s\u00eda muncho m\u00e1s potente que l&#8217;estr\u00e9s que-y produz tar nun contestu contrariu pa \u00e9l, como pue ser la peluquer\u00eda por cuenta de los ruios de les m\u00e1quines, el contactu, la m\u00fasica o la lluz\u00bb, apunta Vidal.<\/p>\n<p style=\"text-align: center\"><a href=\"https:\/\/img-s-msn-com.akamaized.net\/tenant\/amp\/entityid\/AA1yXmFo.img?w=534&amp;h=300&amp;m=6\"><img loading=\"lazy\" decoding=\"async\" class=\"aligncenter size-large\" src=\"https:\/\/img-s-msn-com.akamaized.net\/tenant\/amp\/entityid\/AA1yXmFo.img?w=534&amp;h=300&amp;m=6\" width=\"534\" height=\"300\" \/><\/a><\/p>\n","protected":false},"excerpt":{"rendered":"<p>RTPA . L&#8217;Asociaci\u00f3n Trufa Negra ufierta un serviciu con animales pa tresmitir aselu a ne\u00f1os con autismu El Comercio \/ Aumenta la demanda de perros p&#8217;atender situaciones de discapacid\u00e1 y problemes de sal\u00fa mental<\/p>\n","protected":false},"author":117,"featured_media":0,"comment_status":"open","ping_status":"open","sticky":false,"template":"","format":"standard","meta":{"footnotes":""},"categories":[1],"tags":[],"class_list":["post-42393","post","type-post","status-publish","format-standard","hentry","category-sin-categoria"],"_links":{"self":[{"href":"https:\/\/edublog.educastur.es\/ixuxu\/wp-json\/wp\/v2\/posts\/42393","targetHints":{"allow":["GET"]}}],"collection":[{"href":"https:\/\/edublog.educastur.es\/ixuxu\/wp-json\/wp\/v2\/posts"}],"about":[{"href":"https:\/\/edublog.educastur.es\/ixuxu\/wp-json\/wp\/v2\/types\/post"}],"author":[{"embeddable":true,"href":"https:\/\/edublog.educastur.es\/ixuxu\/wp-json\/wp\/v2\/users\/117"}],"replies":[{"embeddable":true,"href":"https:\/\/edublog.educastur.es\/ixuxu\/wp-json\/wp\/v2\/comments?post=42393"}],"version-history":[{"count":5,"href":"https:\/\/edublog.educastur.es\/ixuxu\/wp-json\/wp\/v2\/posts\/42393\/revisions"}],"predecessor-version":[{"id":42411,"href":"https:\/\/edublog.educastur.es\/ixuxu\/wp-json\/wp\/v2\/posts\/42393\/revisions\/42411"}],"wp:attachment":[{"href":"https:\/\/edublog.educastur.es\/ixuxu\/wp-json\/wp\/v2\/media?parent=42393"}],"wp:term":[{"taxonomy":"category","embeddable":true,"href":"https:\/\/edublog.educastur.es\/ixuxu\/wp-json\/wp\/v2\/categories?post=42393"},{"taxonomy":"post_tag","embeddable":true,"href":"https:\/\/edublog.educastur.es\/ixuxu\/wp-json\/wp\/v2\/tags?post=42393"}],"curies":[{"name":"wp","href":"https:\/\/api.w.org\/{rel}","templated":true}]}}