{"id":42506,"date":"2025-03-01T18:31:51","date_gmt":"2025-03-01T16:31:51","guid":{"rendered":"https:\/\/edublog.educastur.es\/ixuxu\/?p=42506"},"modified":"2025-03-01T22:03:20","modified_gmt":"2025-03-01T20:03:20","slug":"42506","status":"publish","type":"post","link":"https:\/\/edublog.educastur.es\/ixuxu\/2025\/03\/42506\/","title":{"rendered":""},"content":{"rendered":"<blockquote>\n<p style=\"text-align: center\"><span style=\"font-size: 24px;color: #800080\"><strong><em>\u201cLa xera d&#8217;educar a los ne\u00f1os<br \/>\npara faer d&#8217;ellos verdaderes persones<br \/>\nye la m\u00e1s alta y la m\u00e1s dif\u00edcil\u201d<\/em><\/strong>.<\/span><br \/>\n<span style=\"text-decoration: underline\"><em>La conferencia de los animales<\/em><\/span>,<br \/>\nd&#8217;<a href=\"https:\/\/es.wikipedia.org\/wiki\/Erich_K%C3%A4stner\">Erich K\u00e4stner.<\/a><\/p>\n<p>&nbsp;<\/p><\/blockquote>\n<p><!--more--><\/p>\n<p><span style=\"font-size: 14px\"><strong>\u201cLa conferencia de los animales\u201d<\/strong> (<a href=\"https:\/\/www.loqueleo.es\/libro\/la-conferencia-de-los-animales\">ficha editorial<\/a>), un bellu alegatu antib\u00e9lico, a favor de la cultura, la tolerancia, el di\u00e1logu y la paz del escritor alem\u00e1n Erich K\u00e4stner. Naci\u00f3&#8217;l <strong>23 de febreru<\/strong> de 1899. Patriarca de la lliteratura infantil alemana, recibi\u00f3 los premios m\u00e1s importantes que s&#8217;otorguen a los\u00a0 escritores de lliteratura xuvenil, ente ellos el Premiu Nacional d&#8217;Alema\u00f1a\u201d y el Premiu Andersen\u201d.<\/span><\/p>\n<p style=\"text-align: center\"><a href=\"https:\/\/www.loqueleo.es\/uploads\/2017\/05\/resized\/800_9788491222019-la-conferencia-de-los-animales.jpg\"><img loading=\"lazy\" decoding=\"async\" class=\"aligncenter \" src=\"https:\/\/www.loqueleo.es\/uploads\/2017\/05\/resized\/800_9788491222019-la-conferencia-de-los-animales.jpg\" width=\"453\" height=\"671\" \/><\/a><\/p>\n","protected":false},"excerpt":{"rendered":"<p>\u201cLa xera d&#8217;educar a los ne\u00f1os para faer d&#8217;ellos verdaderes persones ye la m\u00e1s alta y la m\u00e1s dif\u00edcil\u201d. La conferencia de los animales, d&#8217;Erich K\u00e4stner. &nbsp;<\/p>\n","protected":false},"author":117,"featured_media":0,"comment_status":"open","ping_status":"open","sticky":false,"template":"","format":"quote","meta":{"footnotes":""},"categories":[1],"tags":[],"class_list":["post-42506","post","type-post","status-publish","format-quote","hentry","category-sin-categoria","post_format-post-format-quote"],"_links":{"self":[{"href":"https:\/\/edublog.educastur.es\/ixuxu\/wp-json\/wp\/v2\/posts\/42506","targetHints":{"allow":["GET"]}}],"collection":[{"href":"https:\/\/edublog.educastur.es\/ixuxu\/wp-json\/wp\/v2\/posts"}],"about":[{"href":"https:\/\/edublog.educastur.es\/ixuxu\/wp-json\/wp\/v2\/types\/post"}],"author":[{"embeddable":true,"href":"https:\/\/edublog.educastur.es\/ixuxu\/wp-json\/wp\/v2\/users\/117"}],"replies":[{"embeddable":true,"href":"https:\/\/edublog.educastur.es\/ixuxu\/wp-json\/wp\/v2\/comments?post=42506"}],"version-history":[{"count":5,"href":"https:\/\/edublog.educastur.es\/ixuxu\/wp-json\/wp\/v2\/posts\/42506\/revisions"}],"predecessor-version":[{"id":42874,"href":"https:\/\/edublog.educastur.es\/ixuxu\/wp-json\/wp\/v2\/posts\/42506\/revisions\/42874"}],"wp:attachment":[{"href":"https:\/\/edublog.educastur.es\/ixuxu\/wp-json\/wp\/v2\/media?parent=42506"}],"wp:term":[{"taxonomy":"category","embeddable":true,"href":"https:\/\/edublog.educastur.es\/ixuxu\/wp-json\/wp\/v2\/categories?post=42506"},{"taxonomy":"post_tag","embeddable":true,"href":"https:\/\/edublog.educastur.es\/ixuxu\/wp-json\/wp\/v2\/tags?post=42506"}],"curies":[{"name":"wp","href":"https:\/\/api.w.org\/{rel}","templated":true}]}}